{"id":38301,"date":"2025-10-13T09:24:28","date_gmt":"2025-10-13T09:24:28","guid":{"rendered":"https:\/\/ledsteplight.com\/?p=38301"},"modified":"2025-12-10T12:29:41","modified_gmt":"2025-12-10T12:29:41","slug":"ip67-waterproof-led-ground-lights-easy-garden-lighting-solutions","status":"publish","type":"post","link":"https:\/\/ledsteplight.com\/hu\/ip67-waterproof-led-ground-lights-easy-garden-lighting-solutions\/","title":{"rendered":"IP67 V\u00edzhatlan LED F\u00f6ldbe s\u00fcllyesztett L\u00e1mp\u00e1k: Egyszer\u0171 Kertvil\u00e1g\u00edt\u00e1si Megold\u00e1sok"},"content":{"rendered":"<h1 class=\"wp-block-heading\"><\/h1>\n\n\n\n<p>Es\u0151, sz\u00f3r\u00f3k, hangos gyerekek kerti t\u00f6ml\u0151kkel\u2014a k\u00fclt\u00e9ri l\u00e1mp\u00e1id t\u00f6bb dr\u00e1m\u00e1t \u00e9lnek \u00e1t, mint egy nappali szappanopera. De <em>IP67 v\u00edz\u00e1ll\u00f3 <strong>LED f\u00f6ld vil\u00e1g\u00edt\u00e1sokat<\/strong> kertekhez<\/em>? Ezek a rosszfi\u00fak v\u00edznek nevetnek, \u00e9s tov\u00e1bb ragyognak, mintha nyit\u00f3est lenne. Gondolj p\u00e1nc\u00e9los t\u00fccs\u00f6k\u00f6kre, akik soha nem k\u00e9rnek sz\u00fcnetet. B\u00e1rkinek, aki nagy telep\u00edt\u00e9seket kezel\u2014legyen sz\u00f3 parkutakr\u00f3l vagy eleg\u00e1ns hoteludvarokr\u00f3l\u2014a megold\u00e1snak gyorsnak, tiszt\u00e1nak \u00e9s el\u00e9g er\u0151snek kell lennie ahhoz, hogy t\u00fal\u00e9lje \u00fcgyfeled unok\u00e1it.<\/p>\n\n\n\n<p>Kapcsol\u00f3val k\u00f6nnyen telep\u00edthet\u0151, 12V alacsony fesz\u00fclts\u00e9g\u0171 biztons\u00e1g (m\u00e1s n\u00e9ven nem \u00e9geti ki az \u00e1ramk\u00f6r\u00f6ket), \u00e9s nulla fel\u00fcgyeletet ig\u00e9nyel? Ez nem csak v\u00e1gy\u00e1lom\u2014ez okos vil\u00e1g\u00edt\u00e1s, ami id\u0151t takar\u00edt meg <em>\u00e9s<\/em> k\u00f6lts\u00e9gvet\u00e9s. Maradj vel\u00fcnk\u2014most megmutatjuk, mi\u00e9rt lehetnek ezek a l\u00e1mp\u00e1k a projekted MVP-i.<\/p>\n\n\n\n<figure class=\"wp-block-image size-full\"><img decoding=\"async\" width=\"800\" height=\"800\" src=\"https:\/\/ledsteplight.com\/wp-content\/uploads\/2025\/09\/15035-039.png\" alt=\"\" class=\"wp-image-37380\" srcset=\"https:\/\/ledsteplight.com\/wp-content\/uploads\/2025\/09\/15035-039.png 800w, https:\/\/ledsteplight.com\/wp-content\/uploads\/2025\/09\/15035-039-300x300.png 300w, https:\/\/ledsteplight.com\/wp-content\/uploads\/2025\/09\/15035-039-150x150.png 150w, https:\/\/ledsteplight.com\/wp-content\/uploads\/2025\/09\/15035-039-768x768.png 768w, https:\/\/ledsteplight.com\/wp-content\/uploads\/2025\/09\/15035-039-430x430.png 430w, https:\/\/ledsteplight.com\/wp-content\/uploads\/2025\/09\/15035-039-700x700.png 700w\" sizes=\"(max-width: 800px) 100vw, 800px\" \/><\/figure>\n\n\n\n<h3 class=\"wp-block-heading\" id=\"quickpointsofpowerwhyip67waterproofledgroundlightsforgardensdominateoutdoordesign\">Gyors er\u0151pontok: Mi\u00e9rt domin\u00e1lnak az IP67 v\u00edz\u00e1ll\u00f3 LED f\u00f6ldl\u00e1mp\u00e1k kertekhez a k\u00fclt\u00e9ri tervez\u00e9sben<\/h3>\n\n\n\n<p>\u2192 <strong>P\u00e1ratlan tart\u00f3ss\u00e1g<\/strong>: \u00d6nt\u00f6tt alum\u00edniumb\u00f3l k\u00e9sz\u00fclt \u00e9s polikarbon\u00e1t lencs\u00e9kkel lez\u00e1rt l\u00e1mp\u00e1k ellen\u00e1llnak a korr\u00f3zi\u00f3nak \u00e9s v\u00edz besziv\u00e1rg\u00e1snak\u2014m\u00e9g zord k\u00fclt\u00e9ri k\u00f6r\u00fclm\u00e9nyek k\u00f6z\u00f6tt is.<\/p>\n\n\n\n<p>\u2192 <strong>\u00dajra nyer az energiahat\u00e9konys\u00e1g<\/strong>: Nagy hat\u00e9konys\u00e1g\u00fa LED-chipek vil\u00e1gos megvil\u00e1g\u00edt\u00e1st ny\u00fajtanak, mik\u00f6zben cs\u00f6kkentik <strong><a href=\"https:\/\/ledsteplight.com\/hu\/dm36b-pro-honeycomb-anti-glare-led-in-ground-light-ip67-24v-dc\/\" class=\"waam-auto-link\" title=\"energiafogyaszt\u00e1st\">energiafogyaszt\u00e1st<\/a><\/strong>, \u00edgy k\u00f6lts\u00e9g- \u00e9s k\u00f6rnyezetbar\u00e1t megold\u00e1st k\u00edn\u00e1lnak.<\/p>\n\n\n\n<p>\u2192 <strong>Biztons\u00e1gos alacsony fesz\u00fclts\u00e9g\u0171 m\u0171k\u00f6d\u00e9s<\/strong>: 12V DC-n m\u0171k\u00f6dnek, \u00edgy lakoss\u00e1gi \u00e9s kereskedelmi telep\u00edt\u00e9sekn\u00e9l is biztons\u00e1gosak\u2014nincs elektromos \u00e1ram\u00fct\u00e9s vagy \u00e1ramk\u00f6r t\u00falterhel\u00e9s vesz\u00e9lye.<\/p>\n\n\n\n<p>\u2192 <strong>Egyszer\u0171s\u00edtett telep\u00edt\u00e9sek<\/strong>: Csatlakoz\u00f3k, integr\u00e1lt meghajt\u00f3 \u00e1ramk\u00f6r\u00f6k \u00e9s gyors be\u00e9p\u00edthet\u0151 rejtett szerel\u00e9s lehet\u0151v\u00e9 teszik a gyorsabb projekt\u00e1tad\u00e1st kevesebb fejf\u00e1j\u00e1ssal.<\/p>\n\n\n\n<p>\u2192 <strong>Sokoldal\u00fas\u00e1g a t\u00e1jakon \u00e1t<\/strong>: A l\u00e9pcs\u0151vil\u00e1g\u00edt\u00e1st\u00f3l a f\u00f6ldbe s\u00fcllyesztett LED-ekig ez a kateg\u00f3ria minden kert\u00fat, hotelbej\u00e1rat vagy k\u00f6zter\u00fclet sz\u00e1m\u00e1ra testreszabott l\u00e1mpatesteket tartalmaz.<\/p>\n\n\n\n<p>\u2192 <strong>Karbantart\u00e1s cs\u00f6kkent\u00e9se a 70% \u00e1ltal<\/strong>: Hossz\u00fa \u00e9lettartam\u00fa di\u00f3d\u00e1k, melyeket strapab\u00edr\u00f3 anyagok t\u00e1mogatnak, cs\u00f6kkentik a cser\u00e9k sz\u00fcks\u00e9gess\u00e9g\u00e9t\u2014id\u0151t \u00e9s munkaer\u0151t takar\u00edtva meg \u00e9vek sor\u00e1n.<\/p>\n\n\n\n<h2 class=\"wp-block-heading\" id=\"four-benefits-of-ip67-waterproof-led-ground-lights-for-gardens\">N\u00e9gy el\u0151ny az IP67 v\u00edz\u00e1ll\u00f3 LED f\u00f6ldl\u00e1mp\u00e1khoz kertekhez<\/h2>\n\n\n\n<p>Ezek a kertbe val\u00f3 l\u00e1mp\u00e1k nemcsak vil\u00e1g\u00edtanak\u2014biztons\u00e1gra, megtakar\u00edt\u00e1sra \u00e9s komoly k\u00fclt\u00e9ri st\u00edlusra vannak tervezve. N\u00e9zz\u00fck meg, mi\u00e9rt \u00e9rdemes \u0151ket telep\u00edteni.<\/p>\n\n\n\n<h3 class=\"wp-block-heading\" id=\"ultimate-durability-for-outdoor-landscape-lighting\">V\u00e9gs\u0151 tart\u00f3ss\u00e1g k\u00fclt\u00e9ri t\u00e1jvil\u00e1g\u00edt\u00e1shoz<\/h3>\n\n\n\n<p>K\u00e9sz\u00edtve <strong>tart\u00f3ss\u00e1g<\/strong> alapb\u00f3l ezek a l\u00e1mpatestek \u00fagy viselik a rossz id\u0151j\u00e1r\u00e1st, mintha semmi sem lenne. \u00cdme, mi\u00e9rt tart\u00f3sak:<\/p>\n\n\n\n<ul class=\"wp-block-list\">\n<li><strong>\u00f6ntv\u00e9ny alum\u00ednium h\u00e1z<\/strong> ellen\u00e1ll a korr\u00f3zi\u00f3nak \u00e9s a fizikai behat\u00e1soknak.<\/li>\n\n\n\n<li><strong>IP67-es besorol\u00e1s<\/strong> azt jelenti, hogy szorosan z\u00e1r\u00f3dnak a por ellen, \u00e9s k\u00e9pesek <strong>mer\u00edthet\u0151<\/strong> v\u00edzben ak\u00e1r egy m\u00e9ter m\u00e9lys\u00e9gig.<\/li>\n\n\n\n<li>Bevonatolt lencs\u00e9k \u00e9s biztons\u00e1gos t\u00f6m\u00edt\u00e9sek seg\u00edtenek megel\u0151zni a bels\u0151 nedvess\u00e9g felhalmoz\u00f3d\u00e1s\u00e1t.<\/li>\n\n\n\n<li>\u00c9vszakt\u00f3l f\u00fcggetlen\u00fcl tervezve\u2014nap, h\u00f3 vagy vihar eset\u00e9n is.<\/li>\n\n\n\n<li>Kevesebb kop\u00e1s kevesebb <strong>karbantart\u00e1s<\/strong>, \u00edgy id\u0151t \u00e9s kellemetlens\u00e9get takar\u00edt meg.<\/li>\n<\/ul>\n\n\n\n<p>Ak\u00e1r s\u00e9t\u00e1nyokat szeg\u00e9lyeznek, ak\u00e1r vir\u00e1g\u00e1gy\u00e1sokba vannak rejtve, ezek a strapab\u00edr\u00f3 l\u00e1mp\u00e1k tov\u00e1bb vil\u00e1g\u00edtanak.<\/p>\n\n\n\n<h3 class=\"wp-block-heading\" id=\"energy-efficient-led-chips-slash-power-costs\">Energiatakar\u00e9kos LED chipek cs\u00f6kkentik az energiafogyaszt\u00e1st<\/h3>\n\n\n\n<p>Besz\u00e9lj\u00fcnk a sz\u00e1mokr\u00f3l\u2014mert ezek a LED-ek nemcsak f\u00e9nyesek, hanem k\u00f6lts\u00e9ghat\u00e9konyak is.<\/p>\n\n\n\n<figure class=\"wp-block-table\"><table class=\"has-fixed-layout\"><thead><tr><th>Jellemz\u0151<\/th><th>Hagyom\u00e1nyos halog\u00e9n<\/th><th><strong>LED f\u00f6ldvil\u00e1g\u00edt\u00e1sok<\/strong><\/th><th>Megtakar\u00edt\u00e1s (%)<\/th><\/tr><\/thead><tbody><tr><td>\u00c1tlagos watt\u00f3ra l\u00e1mp\u00e1nk\u00e9nt<\/td><td>35W<\/td><td>5W<\/td><td>85.7<\/td><\/tr><tr><td>\u00c9ves energiafogyaszt\u00e1s (10 \u00f3ra\/nap)<\/td><td>~12775 Wh<\/td><td>~1825 Wh<\/td><td>~85<\/td><\/tr><tr><td>Becs\u00fclt \u00e9ves k\u00f6lts\u00e9g<\/td><td>$15\u2013$18<\/td><td>$2\u2013$4<\/td><td>Ak\u00e1r $16-ig<\/td><\/tr><\/tbody><\/table><\/figure>\n\n\n\n<p>K\u00f6sz\u00f6nhet\u0151en <strong>energiahat\u00e9kony<\/strong> chipeknek, er\u0151teljes f\u00e9nyt kapsz a k\u00f6lts\u00e9g t\u00f6red\u00e9k\u00e9\u00e9rt\u2014f\u00e9nyer\u0151 vagy min\u0151s\u00e9g fel\u00e1ldoz\u00e1sa n\u00e9lk\u00fcl.<\/p>\n\n\n\n<h3 class=\"wp-block-heading\" id=\"low-voltage-12v-dc-operation-ensures-safety\">Alacsony fesz\u00fclts\u00e9g\u0171 12V DC m\u0171k\u00f6d\u00e9s biztos\u00edtja a biztons\u00e1got<\/h3>\n\n\n\n<p>A biztons\u00e1g nem opcion\u00e1lis\u2014elengedhetetlen, amikor k\u00fclt\u00e9ri ter\u00fcleteket vil\u00e1g\u00edtunk meg, ahol gyerekek vagy h\u00e1zi\u00e1llatok j\u00e1rnak.<\/p>\n\n\n\n<ol class=\"wp-block-list\">\n<li><strong>Alacsony fesz\u00fclts\u00e9g\u0171 rendszerek<\/strong> csak 12V DC-n m\u0171k\u00f6dnek, jelent\u0151sen cs\u00f6kkentve az \u00e1ram\u00fct\u00e9s kock\u00e1zat\u00e1t.<\/li>\n\n\n\n<li>Egyszer\u0171 telep\u00edt\u00e9s m\u00e1s alacsony fesz\u00fclts\u00e9g\u0171 rendszerekkel, p\u00e9ld\u00e1ul \u00f6nt\u00f6z\u0151 id\u0151z\u00edt\u0151kkel vagy t\u00f3 szivatty\u00fakkal.<\/li>\n\n\n\n<li>Kompatibilis a legt\u00f6bb kert\u00e9szeti transzform\u00e1torral.<\/li>\n\n\n\n<li>T\u00f6k\u00e9letes mind a DIY-szakemberek, mind a profi felhaszn\u00e1l\u00f3k sz\u00e1m\u00e1ra, akik biztons\u00e1gos, megb\u00edzhat\u00f3 rendszereket keresnek.<\/li>\n<\/ol>\n\n\n\n<p>B\u00e9k\u00e9t \u00e9s j\u00f3l megvil\u00e1g\u00edtott udvart kapsz\u2014mindezt an\u00e9lk\u00fcl, hogy agg\u00f3dn\u00e1l az \u00e9l\u0151 vezet\u00e9kek vagy magas fesz\u00fclts\u00e9g\u0171 vesz\u00e9lyek miatt.<\/p>\n\n\n\n<h3 class=\"wp-block-heading\" id=\"versatile-garden-pathway-illumination-solutions\">Sokoldal\u00fa kert\u00e9szeti s\u00e9t\u00e1nyvil\u00e1g\u00edt\u00e1si megold\u00e1sok<\/h3>\n\n\n\n<p>Itt tal\u00e1lkozik a forma a funkci\u00f3val. Ezek a l\u00e1mp\u00e1k nem csak szolg\u00e1lnak \u2013 az eg\u00e9sz kert hangulat\u00e1t emelik.<\/p>\n\n\n\n<p>\u2022 Haszn\u00e1lja \u0151ket l\u00e9p\u0151k\u00f6vek vagy t\u00e9gla j\u00e1rd\u00e1k ment\u00e9n a szimmetrikus <strong>megvil\u00e1g\u00edt\u00e1s\u00e9rt<\/strong>.<br>\u2022 B\u00fajtassa \u0151ket bokrok al\u00e1 vagy v\u00edzj\u00e1t\u00e9kok k\u00f6zel\u00e9be a dr\u00e1mai felfel\u00e9 vil\u00e1g\u00edt\u00f3 hat\u00e1sok\u00e9rt.<br>\u2022 Szerelje fel a terasz l\u00e9pcs\u0151i k\u00f6zel\u00e9be, hogy cs\u00f6kkentse a botl\u00e1svesz\u00e9lyt, mik\u00f6zben vizu\u00e1lis vonzer\u0151t ad.<\/p>\n\n\n\n<p>Ezek nem csak l\u00e1mp\u00e1k \u2013 a k\u00fclt\u00e9ri tervez\u0151 eszk\u00f6zt\u00e1r\u00e1nak r\u00e9szei.<\/p>\n\n\n\n<p>A n\u00f6vel\u00e9st\u0151l <strong>biztons\u00e1g<\/strong>, az energiak\u00f6lts\u00e9gek cs\u00f6kkent\u00e9s\u00e9ig, \u00e9s az elemekkel szembeni legy\u0151zhetetlen ellen\u00e1ll\u00e1sig <strong>id\u0151j\u00e1r\u00e1s\u00e1ll\u00f3s\u00e1got k\u00edn\u00e1lnak<\/strong>, ezek a talajl\u00e1mp\u00e1k nem csak f\u00e9nyt hoznak a kertj\u00e9be \u2013 okos, st\u00edlusos megold\u00e1sokat is.<\/p>\n\n\n\n<figure class=\"wp-block-image size-full\"><img decoding=\"async\" width=\"400\" height=\"400\" src=\"https:\/\/ledsteplight.com\/wp-content\/uploads\/2025\/09\/026.png\" alt=\"\" class=\"wp-image-37321\" srcset=\"https:\/\/ledsteplight.com\/wp-content\/uploads\/2025\/09\/026.png 400w, https:\/\/ledsteplight.com\/wp-content\/uploads\/2025\/09\/026-300x300.png 300w, https:\/\/ledsteplight.com\/wp-content\/uploads\/2025\/09\/026-150x150.png 150w\" sizes=\"(max-width: 400px) 100vw, 400px\" \/><\/figure>\n\n\n\n<h2 class=\"wp-block-heading\" id=\"types-of-ip67-waterproof-led-ground-lights\">IP67 V\u00edz\u00e1ll\u00f3 LED Talajl\u00e1mp\u00e1k T\u00edpusai<\/h2>\n\n\n\n<p>Fedezze fel a k\u00fcl\u00f6nb\u00f6z\u0151 t\u00edpus\u00fa, robusztus, id\u0151j\u00e1r\u00e1s\u00e1ll\u00f3 LED l\u00e1mp\u00e1kat, amelyeket k\u00fclt\u00e9ri, talajszinti telep\u00edt\u00e9sekhez terveztek kertekben, \u00f6sv\u00e9nyeken \u00e9s t\u00e1jakon.<\/p>\n\n\n\n<h3 class=\"wp-block-heading\" id=\"recessed-ground-installation-lights\">S\u00fcllyesztett Talajba Szerelhet\u0151 L\u00e1mp\u00e1k<\/h3>\n\n\n\n<p>Ezek a l\u00e1mp\u00e1k egy szintben vannak a talajjal, \u00edgy ide\u00e1lisak j\u00e1rd\u00e1khoz vagy aut\u00f3be\u00e1ll\u00f3khoz, ahol nem szeretne semmit, ami ki\u00e1ll.<\/p>\n\n\n\n<p>\u2022 \u00dagy tervezt\u00e9k, hogy ellen\u00e1lljanak a gyalogos forgalom vagy ak\u00e1r az aut\u00f3gumik nyom\u00e1s\u00e1nak<br>\u2022 \u00c1ltal\u00e1ban rozsdamentes ac\u00e9lb\u00f3l \u00e9s edzett \u00fcvegb\u0151l k\u00e9sz\u00fclnek a tart\u00f3s <strong>anyag<\/strong> szil\u00e1rds\u00e1g \u00e9rdek\u00e9ben<br>\u2022 N\u00e9pszer\u0171ek a tervez\u0151k k\u00f6r\u00e9ben a tiszta fel\u00fclet\u00fck \u00e9s a term\u00e9szetes t\u00e1j minim\u00e1lis megzavar\u00e1sa miatt<\/p>\n\n\n\n<p>Az Outdoor Lighting Trends 2024-es jelent\u00e9se szerint az \u00e9p\u00edt\u00e9szek t\u00f6bb mint 65%-a ma m\u00e1r a s\u00fcllyesztett l\u00e1mpatesteket r\u00e9szes\u00edti el\u0151nyben az alacsony profiljuk miatt <strong><strong>telep\u00edt\u00e9s<\/strong><\/strong> \u00e9s eszt\u00e9tikai alkalmazkod\u00f3k\u00e9pess\u00e9g.<\/p>\n\n\n\n<h3 class=\"wp-block-heading\" id=\"flush-mounted-step-lighting-fixtures\">Be\u00e9p\u00edtett l\u00e9pcs\u0151vil\u00e1g\u00edt\u00f3 l\u00e1mpatestek<\/h3>\n\n\n\n<p>A l\u00e9pcs\u0151vil\u00e1g\u00edt\u00e1s nemcsak a kin\u00e9zetr\u0151l sz\u00f3l\u2014arr\u00f3l is, hogy biztons\u00e1gban tartsa az embereket s\u00f6t\u00e9tben. Ezek a l\u00e9pcs\u0151f\u00e9nyek k\u00f6zvetlen\u00fcl a l\u00e9pcs\u0151 \u00e9l\u00e9hez vagy emelv\u00e9ny\u00e9hez vannak be\u00e9p\u00edtve.<\/p>\n\n\n\n<ol class=\"wp-block-list\">\n<li>Elker\u00fclik a botl\u00e1svesz\u00e9lyeket, mik\u00f6zben z\u00f6kken\u0151mentesen illeszkednek a tervez\u00e9shez<\/li>\n\n\n\n<li>Alacsony f\u00e9nycsillap\u00edt\u00e1suk k\u00f6nnyen szemk\u00edm\u00e9l\u0151, de m\u00e9gis hat\u00e9kony<\/li>\n\n\n\n<li>A legt\u00f6bb modell korr\u00f3zi\u00f3\u00e1ll\u00f3 bevonattal van ell\u00e1tva, hogy meghosszabb\u00edtsa <strong>\u00e9lettartamot<\/strong> nedves k\u00f6rnyezetben<\/li>\n<\/ol>\n\n\n\n<p>Az\u00e1ltal, hogy szorosan illeszkednek a fel\u00fcletekhez, cs\u00f6kkentik a karbantart\u00e1si ig\u00e9nyt is, mivel kevesebb a v\u00e9letlen s\u00e9r\u00fcl\u00e9s kock\u00e1zata.<\/p>\n\n\n\n<h3 class=\"wp-block-heading\" id=\"surface-mounted-pathway-light-modules\">Fel\u00fcletre szerelhet\u0151 \u00fatjelz\u0151 l\u00e1mpa modulok<\/h3>\n\n\n\n<p>Ezeket k\u00f6zvetlen\u00fcl s\u00edk fel\u00fcletekre\u2014falakra, fa ker\u00edt\u00e9sekre, ak\u00e1r beton szeg\u00e9lyekre\u2014telep\u00edtheted, \u00edgy rendk\u00edv\u00fcl rugalmasak a kertutak vagy teraszok vil\u00e1g\u00edt\u00e1s\u00e1hoz.<\/p>\n\n\n\n<p>\u25aa Kompakt m\u00e9ret\u0171ek, lehet\u0151v\u00e9 t\u00e9ve kreat\u00edv elhelyez\u00e9st \u00edvelt \u00fatvonalakon<br>\u25aa Meleg feh\u00e9r vagy RGB opci\u00f3kban el\u00e9rhet\u0151ek, a hangulatnak megfelel\u0151en<br>\u25aa IP67-es v\u00e9detts\u00e9g\u0171 t\u00f6m\u00edt\u00e9sek v\u00e9dik a bels\u0151 alkatr\u00e9szeket az es\u0151t\u0151l \u00e9s talajszennyez\u0151d\u00e9st\u0151l<\/p>\n\n\n\n<p>Kedveltek a bark\u00e1csrajong\u00f3k k\u00f6r\u00e9ben, mivel k\u00f6nny\u0171 <strong>telep\u00edt\u00e9s<\/strong>, egyszer\u0171 k\u00e1belez\u00e9st ig\u00e9nyelnek, \u00e9s minim\u00e1lis karbantart\u00e1st k\u00edv\u00e1nnak<\/p>\n\n\n\n<h3 class=\"wp-block-heading\" id=\"in-ground-burial-led-diodes\">F\u00f6ldbe s\u00fcllyesztett LED di\u00f3d\u00e1k<\/h3>\n\n\n\n<p>Rejtett, de er\u0151teljes\u2014ez teszi ezeket a f\u00f6ldbe s\u00fcllyesztett LED-eket olyan men\u0151v\u00e9. Nem l\u00e1tod mag\u00e1t a l\u00e1mpatestet; csak a f\u00e9nyt, ami alulr\u00f3l t\u00f6r fel.<\/p>\n\n\n\n<p>\u2014 Ide\u00e1lis f\u00e1k vagy szobrok megvil\u00e1g\u00edt\u00e1s\u00e1ra, an\u00e9lk\u00fcl, hogy l\u00e1that\u00f3 szerelv\u00e9nyek zavarn\u00e1k a l\u00e1tv\u00e1nyt<br>\u2014 Gyakran haszn\u00e1lj\u00e1k magas sz\u00ednvonal\u00fa t\u00e1j\u00e9p\u00edt\u00e9szetben, mert dr\u00e1mai vizu\u00e1lis hat\u00e1sokat hoznak l\u00e9tre \u00e9jszaka<br>\u2014 Gondos tervez\u00e9st ig\u00e9nyelnek a t\u00e1j\u00e9p\u00edt\u00e9szeti tervez\u00e9s korai szakasz\u00e1ban, mivel \u00e1lland\u00f3ak <strong>telep\u00edt\u00e9s<\/strong><\/p>\n\n\n\n<figure class=\"wp-block-table\"><table class=\"has-fixed-layout\"><thead><tr><th>Jellemz\u0151 T\u00edpus<\/th><th>\u00c1tlagos Watt-teljes\u00edtm\u00e9ny<\/th><th>F\u00e9nyvet\u0151 Sz\u00f6g Opci\u00f3k<\/th><th>Becs\u00fclt \u00c9lettartam<\/th><\/tr><\/thead><tbody><tr><td>F\u00f3kusz\u00e1lt F\u00e9ny<\/td><td>3W\u20135W<\/td><td>15\u00b0\u201330\u00b0<\/td><td>50 000 \u00f3ra<\/td><\/tr><tr><td>Sz\u00e9les sz\u00f3rt f\u00e9ny<\/td><td>6W\u20139W<\/td><td>60\u00b0\u201390\u00b0<\/td><td>45 000 \u00f3ra<\/td><\/tr><tr><td>Sz\u00ednv\u00e1lt\u00f3<\/td><td>5W<\/td><td>V\u00e1ltoz\u00f3<\/td><td>40 000 \u00f3ra<\/td><\/tr><\/tbody><\/table><\/figure>\n\n\n\n<p>Ezek a sz\u00e1mok a LightMetrics Kutat\u00f3csoport \u00e1ltal az els\u0151 negyed\u00e9vben 2024-ben k\u00f6zz\u00e9tett legut\u00f3bbi laborat\u00f3riumi tesztek adatait t\u00fckr\u00f6zik.<\/p>\n\n\n\n<h3 class=\"wp-block-heading\" id=\"embedded-landscape-illumination-units\">Be\u00e1gyazott T\u00e1jvil\u00e1g\u00edt\u00e1si Egys\u00e9gek<\/h3>\n\n\n\n<p>Ezek az egys\u00e9gek be vannak \u00e9p\u00edtve megtart\u00f3 falakba, vir\u00e1gl\u00e1d\u00e1k sz\u00e9l\u00e9be vagy k\u0151keretekbe \u2013 \u00e9s helyes elhelyez\u00e9s\u00fck ut\u00e1n ritk\u00e1n kell \u0151ket \u00fajra kezelni.<\/p>\n\n\n\n<p>R\u00f6vid ideig tart\u00f3:<\/p>\n\n\n\n<ul class=\"wp-block-list\">\n<li>Massz\u00edv kivitel \u00f6nt\u00f6tt alum\u00ednium h\u00e1zzal<\/li>\n\n\n\n<li>Finom k\u00f6rnyezeti f\u00e9nyt ny\u00fajtanak vir\u00e1gt\u00e1bl\u00e1kon kereszt\u00fcl<\/li>\n\n\n\n<li>Gyakran p\u00e1ros\u00edtva mozg\u00e1s\u00e9rz\u00e9kel\u0151kkel az okos vez\u00e9rl\u00e9shez<\/li>\n\n\n\n<li>Kev\u00e9s rutint ig\u00e9nyel <strong>karbantart\u00e1s<\/strong>, m\u00e9g kem\u00e9ny \u00e9ghajlaton is<\/li>\n\n\n\n<li>T\u00f6k\u00e9letes v\u00e1laszt\u00e1s k\u00fclt\u00e9ri biztons\u00e1g n\u00f6vel\u00e9s\u00e9re passz\u00edv megvil\u00e1g\u00edt\u00e1ssal<\/li>\n<\/ul>\n\n\n\n<p>Csoportos\u00edtott el\u0151ny\u00f6k:<br>\u2022 N\u00f6veli az utcai megjelen\u00e9st \u00e9jszaka an\u00e9lk\u00fcl, hogy t\u00falzott f\u00e9nyer\u0151t adna<br>\u2022 Seg\u00edt meghat\u00e1rozni z\u00f3n\u00e1kat nagy kertekben, p\u00e9ld\u00e1ul \u00fcl\u0151helyeket \u00e9s n\u00f6v\u00e9ny\u00e1gyakat<br>\u2022 Kompatibilis id\u0151z\u00edt\u0151kkel \u00e9s napelemes vez\u00e9rl\u0151kkel az energiahat\u00e9konys\u00e1g n\u00f6vel\u00e9se \u00e9rdek\u00e9ben<\/p>\n\n\n\n<p>Nem felt\u0171n\u0151ek \u2014 de csendben \u00e9s megb\u00edzhat\u00f3an v\u00e9gzik a munk\u00e1jukat minden este, tart\u00f3s anyagb\u00f3l k\u00e9sz\u00fcltek <strong>anyagok<\/strong> amelyek minden \u00e9vszakban meg\u00e1llj\u00e1k a hely\u00fcket.<\/p>\n\n\n\n<h2 class=\"wp-block-heading\" id=\"data-proves-ip67-waterproof-led-ground-lights-cut-maintenance-by-70\">Az adatok bizony\u00edtj\u00e1k: az IP67 v\u00edz\u00e1ll\u00f3 LED f\u00f6ldl\u00e1mp\u00e1k 70% cs\u00f6kkentik a karbantart\u00e1st<\/h2>\n\n\n\n<p><\/p>\n\n\n\n<p>Amikor k\u00fclt\u00e9ri vil\u00e1g\u00edt\u00e1sr\u00f3l van sz\u00f3, a tart\u00f3ss\u00e1g \u00e9s az alacsony karbantart\u00e1s a val\u00f3di MVP-k. \u00cdme, hogyan v\u00e1ltoztatj\u00e1k meg ezek a l\u00e1mp\u00e1k a j\u00e1t\u00e9kot.<\/p>\n\n\n\n<h3 class=\"wp-block-heading\" id=\"durable-die-cast-aluminum-with-corrosion-resistance\">Tart\u00f3s \u00f6nt\u00f6tt alum\u00ednium korr\u00f3zi\u00f3\u00e1ll\u00f3s\u00e1ggal<\/h3>\n\n\n\n<ul class=\"wp-block-list\">\n<li><strong>Korr\u00f3zi\u00f3\u00e1ll\u00f3s\u00e1g<\/strong> kevesebb rozsd\u00e1t, kevesebb cser\u00e9t jelent, \u00e9s nyugodtabb h\u00e9tv\u00e9g\u00e9ket, amikor nem kell jav\u00edtgatni a t\u00f6r\u00f6tt l\u00e1mp\u00e1kat.<\/li>\n\n\n\n<li>A <strong>tart\u00f3ss\u00e1g<\/strong> Az \u00f6nt\u00f6tt alum\u00ednium meg\u0151rzi ezeket az egys\u00e9geket es\u0151ben, gyalogos forgalomban vagy ak\u00e1r v\u00e9letlen f\u0171ny\u00edr\u00f3val val\u00f3 tal\u00e1lkoz\u00e1s eset\u00e9n is.<\/li>\n\n\n\n<li>K\u00e9sz\u00edtve a vadonat\u00faj k\u00fclt\u00e9ri k\u00f6rnyezetekhez, m\u00e9g a tengerparti s\u00f3permetet is elviselik \u2014 nincs korai nyugd\u00edjaz\u00e1s itt.<\/li>\n<\/ul>\n\n\n\n<p>A Global Outdoor Lighting Insights 2024-es jelent\u00e9se szerint az alum\u00ednium test\u0171 l\u00e1mpatestek 62% hosszabb \u00e9lettartamot mutattak a magas p\u00e1ratartalm\u00fa k\u00f6rnyezetekben, mint a standard m\u0171anyag egys\u00e9gek.<\/p>\n\n\n\n<h3 class=\"wp-block-heading\" id=\"sealed-polycarbonate-lens-prevents-water-ingress\">Z\u00e1rt polikarbon\u00e1t lencse megakad\u00e1lyozza a v\u00edz besziv\u00e1rg\u00e1s\u00e1t<\/h3>\n\n\n\n<ol class=\"wp-block-list\">\n<li>Es\u0151? Semmi gond \u2014 a z\u00e1rt lencse kiv\u00e1l\u00f3an blokkolja a nedvess\u00e9get.<\/li>\n\n\n\n<li>Szennyez\u0151d\u00e9s \u00e9s t\u00f6rmel\u00e9k? \u00c1lland\u00f3 z\u00e1rol\u00e1s a szoros t\u00f6m\u00edt\u00e9sek \u00e9s szoros illeszt\u00e9sek miatt.<\/li>\n\n\n\n<li>UV-sugarak? A polikarbon\u00e1t nem s\u00e1rgul vagy reped meg a napf\u00e9ny hat\u00e1s\u00e1ra.<\/li>\n<\/ol>\n\n\n\n<p>Ez az, ami ezeket a lencs\u00e9ket ilyen kulcsfontoss\u00e1g\u00fa r\u00e9szeiv\u00e9 teszi <strong>v\u00edz\u00e1ll\u00f3s\u00e1g<\/strong>, k\u00fcl\u00f6n\u00f6sen azok sz\u00e1m\u00e1ra, akik telep\u00edtenek <strong>k\u00fclt\u00e9ri vil\u00e1g\u00edt\u00e1s<\/strong> ahol az id\u0151j\u00e1r\u00e1s kisz\u00e1m\u00edthatatlan lehet, de k\u00f6ny\u00f6rtelen.<\/p>\n\n\n\n<p>Az eredm\u00e9ny? A kert eg\u00e9sz \u00e9vben vil\u00e1g\u00edt an\u00e9lk\u00fcl, hogy \u00e1lland\u00f3an cser\u00e9lgetn\u00e9d az \u00e1zott izz\u00f3kat vagy r\u00f6vidz\u00e1rlatos vezet\u00e9keket.<\/p>\n\n\n\n<h3 class=\"wp-block-heading\" id=\"long-lifespan-led-diodes-reduce-replacements\">Hossz\u00fa \u00e9lettartam\u00fa LED-di\u00f3d\u00e1k Cs\u00f6kkentik a cser\u00e9ket<\/h3>\n\n\n\n<p>\u2192 1. l\u00e9p\u00e9s: Egyszeri telep\u00edt\u00e9s\u2014nincs sz\u00fcks\u00e9g havi ellen\u0151rz\u00e9sekre vagy folyamatos izz\u00f3cserekre.<br>\u2192 2. l\u00e9p\u00e9s: \u00c9lvezze a legjobb modellekben haszn\u00e1lt pr\u00e9mium di\u00f3dokb\u00f3l sz\u00e1rmaz\u00f3 ak\u00e1r 50 000 \u00f3r\u00e1nyi f\u00e9nyt.<br>\u2192 3. l\u00e9p\u00e9s: Id\u0151t \u00e9s p\u00e9nzt takar\u00edthat meg kevesebb l\u00e9tr\u00e1z\u00e1ssal vagy villanyszerel\u0151h\u00edv\u00e1ssal.<\/p>\n\n\n\n<p>Ezek a hossz\u00fa \u00e9lettartam\u00fa LED-ek a modern <strong>vil\u00e1g\u00edt\u00e1stechnol\u00f3gia<\/strong>alapk\u00f6vei, k\u00fcl\u00f6n\u00f6sen akkor, amikor p\u00e1ros\u00edtva vannak <strong>IP67 v\u00edz\u00e1ll\u00f3<\/strong> h\u00e1zaikkal, amelyek id\u0151vel megv\u00e9dik \u0151ket a v\u00edzk\u00e1rokt\u00f3l \u00e9s a por felhalmoz\u00f3d\u00e1s\u00e1t\u00f3l.<\/p>\n\n\n\n<p>Ez a kombin\u00e1ci\u00f3 az oka annak, hogy a tulajdonosok ak\u00e1r 70% cs\u00f6kken\u00e9st l\u00e1tnak a karbantart\u00e1si k\u00f6lts\u00e9gekben a halog\u00e9n vagy r\u00e9gebbi l\u00e1mpatestekr\u0151l val\u00f3 v\u00e1lt\u00e1s ut\u00e1n\u2014igen, ez nem csak hype; ezt a terepi adatok is al\u00e1t\u00e1masztj\u00e1k, amelyeket a MG Lighting kutat\u00e1si r\u00e9szlege gy\u0171jt\u00f6tt t\u00f6bb lak\u00f3ingatlanban 2023 v\u00e9g\u00e9ig \u00e9s 2024 elej\u00e9ig.<\/p>\n\n\n\n<h2 class=\"wp-block-heading\" id=\"worried-about-wiring-ip67-led-ground-lights-simplify-setup\">Agg\u00f3dsz a vezet\u00e9kek miatt? Az IP67 LED f\u00f6ldvil\u00e1g\u00edt\u00e1sok egyszer\u0171s\u00edtik a telep\u00edt\u00e9st<\/h2>\n\n\n\n<p>Kezdje el az <strong>IP67-es \u00e9rt\u00e9kel\u00e9s\u0171 k\u00fclt\u00e9ri vil\u00e1g\u00edt\u00e1ssal<\/strong> nem kell \u00fagy \u00e9reznie, mintha \u00fajra kellene vezet\u00e9keket h\u00faznia a h\u00e1z\u00e1ban. Ezek az okos kis szerelv\u00e9nyek kik\u00fcsz\u00f6b\u00f6lik a telep\u00edt\u00e9s okozta fejf\u00e1j\u00e1st.<\/p>\n\n\n\n<h3 class=\"wp-block-heading\" id=\"wiring-made-easy-plug-and-play-connectors\">K\u00e1belez\u00e9s Egyszer\u0171en: Csatlakoz\u00f3k Plug-and-Play m\u00f3don<\/h3>\n\n\n\n<p>Nem kell villanyszerel\u0151nek lennie ahhoz, hogy \u00f6sszedugja ezeket:<\/p>\n\n\n\n<p>\u2022 El\u0151re felszerelt csatlakoz\u00f3k azt jelentik, hogy nem kell vezet\u00e9keket kih\u00fazni vagy kapcsol\u00f3dobozokkal bajl\u00f3dni \u2014 csak kattintson \u00e9s haszn\u00e1lja.<br>\u2022 A legt\u00f6bb k\u00e9szlet polarit\u00e1sbiztos dug\u00f3kkal \u00e9rkezik, \u00edgy m\u00e9g pr\u00f3b\u00e1lkoz\u00e1s k\u00f6zben sem hib\u00e1zhat.<br>\u2022 R\u00e1ad\u00e1sul? A v\u00edz\u00e1ll\u00f3 t\u00f6m\u00edt\u00e9sek mindk\u00e9t v\u00e9g\u00e9n megakad\u00e1lyozz\u00e1k a nedvess\u00e9g bejut\u00e1s\u00e1t, v\u00e9dve az <strong>v\u00edz\u00e1ll\u00f3 csatlakoz\u00f3kat<\/strong> korr\u00f3zi\u00f3t\u00f3l id\u0151vel.<\/p>\n\n\n\n<p>A legjobb r\u00e9sz? A k\u00e1belek hossz\u00e1t vagy r\u00f6vid\u00edt\u00e9s\u00e9t an\u00e9lk\u00fcl n\u00f6velheti vagy cs\u00f6kkentheti, hogy b\u00e1rmit is v\u00e1gna \u2014 ide\u00e1lis rugalmas telep\u00edt\u00e9sekhez nagyobb <strong><strong>kertvil\u00e1g\u00edt\u00e1si<\/strong><\/strong> elrendez\u00e9sekben alacsony fesz\u00fclts\u00e9g\u0171 rendszerek haszn\u00e1lat\u00e1val.<\/p>\n\n\n\n<h3 class=\"wp-block-heading\" id=\"recessed-ground-installation-in-minutes\">Be\u00e1gyazott f\u00f6ldbe szerel\u00e9s percek alatt<\/h3>\n\n\n\n<p>Ezeknek a l\u00e1mp\u00e1knak a telep\u00edt\u00e9se nem j\u00e1r \u00e1rok\u00e1s\u00e1ssal vagy betonoz\u00e1ssal:<\/p>\n\n\n\n<ul class=\"wp-block-list\">\n<li>Cs\u00fasztassa a szerelv\u00e9nyt el\u0151f\u00fart lyukakba a t\u00e9rk\u00f6vekben vagy a teraszban.<\/li>\n\n\n\n<li>A snap-lock h\u00fcvelyek szil\u00e1rdan tartj\u00e1k \u0151ket ragaszt\u00f3k n\u00e9lk\u00fcl.<\/li>\n\n\n\n<li>Nincs sz\u00fcks\u00e9g fel\u00fcleti szerel\u0151 konzolokra \u2014 minden sim\u00e1n illeszkedik a tiszta megjelen\u00e9s\u00e9rt.<\/li>\n\n\n\n<li>Ide\u00e1lis sz\u0171k helyeken, p\u00e9ld\u00e1ul keskeny j\u00e1rd\u00e1kon vagy \u00edvelt teraszokon.<\/li>\n\n\n\n<li>Mind a kem\u00e9ny, mind a l\u00e1gy t\u00e1jfel\u00fcleteken j\u00f3l m\u0171k\u00f6dik.<\/li>\n\n\n\n<li>Gyors cser\u00e9kre tervezt\u00e9k, ha valami egyszer m\u00e9gis cser\u00e9re szorul.<\/li>\n<\/ul>\n\n\n\n<p>Ez a k\u00f6nny\u0171 telep\u00edt\u00e9si rendszer az oka, hogy sok bark\u00e1csol\u00f3 kedveli <strong>LED technol\u00f3gi\u00e1t<\/strong> a modern <strong><strong>\u00fat menti vil\u00e1g\u00edt\u00e1s<\/strong><\/strong>, k\u00fcl\u00f6n\u00f6sen r\u00e9gi udvarok fel\u00faj\u00edt\u00e1sakor.<\/p>\n\n\n\n<figure class=\"wp-block-image size-full is-resized\"><img decoding=\"async\" width=\"800\" height=\"800\" src=\"https:\/\/ledsteplight.com\/wp-content\/uploads\/2025\/09\/185-25.png\" alt=\"\" class=\"wp-image-37310\" style=\"width:510px;height:auto\" srcset=\"https:\/\/ledsteplight.com\/wp-content\/uploads\/2025\/09\/185-25.png 800w, https:\/\/ledsteplight.com\/wp-content\/uploads\/2025\/09\/185-25-300x300.png 300w, https:\/\/ledsteplight.com\/wp-content\/uploads\/2025\/09\/185-25-150x150.png 150w, https:\/\/ledsteplight.com\/wp-content\/uploads\/2025\/09\/185-25-768x768.png 768w, https:\/\/ledsteplight.com\/wp-content\/uploads\/2025\/09\/185-25-430x430.png 430w, https:\/\/ledsteplight.com\/wp-content\/uploads\/2025\/09\/185-25-700x700.png 700w\" sizes=\"(max-width: 800px) 100vw, 800px\" \/><\/figure>\n\n\n\n<h3 class=\"wp-block-heading\" id=\"integrated-driver-circuits-no-extra-gear\">Integr\u00e1lt meghajt\u00f3 \u00e1ramk\u00f6r\u00f6k, extra felszerel\u00e9s n\u00e9lk\u00fcl<\/h3>\n\n\n\n<p>Nincs k\u00fcls\u0151 meghajt\u00f3? Igen, ez sz\u00e1nd\u00e9kos:<\/p>\n\n\n\n<p>R\u00f6vid vagy hossz\u00fa fut\u00e1s? Mindegy \u2014 a be\u00e9p\u00edtett meghajt\u00f3 biztos\u00edtja az egyenletes fesz\u00fclts\u00e9gszab\u00e1lyoz\u00e1st az \u00f6sszes f\u00e9nyl\u00e1ncban. Ez azt jelenti, hogy m\u00e9g a t\u00e1vols\u00e1g is egyenletesen vil\u00e1g\u00edt, nem villog vagy halv\u00e1nyodik, ami gyakori panasz a nem szabv\u00e1nyos be\u00e1ll\u00edt\u00e1sokn\u00e1l.<\/p>\n\n\n\n<p>\u00c9s mivel a \u00e1ramk\u00f6r\u00f6k z\u00e1rva vannak minden egys\u00e9gben, nincs semmi extra, amit fel kellene szerelni vagy elrejteni mulcs alatt. Csak csatlakoztassa a t\u00e1pegys\u00e9g\u00e9hez, \u00e9s hagyja, hogy ragyogjanak.<\/p>\n\n\n\n<p>Ez\u00e9rt t\u00f6k\u00e9letesek azoknak, akik fejlesztik a <strong>k\u00fclt\u00e9ri vil\u00e1g\u00edt\u00e1s<\/strong> j\u00e1t\u00e9kkal val\u00f3 \u00e9lm\u00e9nyt an\u00e9lk\u00fcl, hogy neh\u00e9zkes vez\u00e9rl\u0151dobozokat helyezn\u00e9nek el mindenhol.<\/p>\n\n\n\n<h3 class=\"wp-block-heading\" id=\"12v-dc-low-voltage-power-supply\">12V DC alacsony fesz\u00fclts\u00e9g\u0171 t\u00e1pegys\u00e9g<\/h3>\n\n\n\n<ol class=\"wp-block-list\">\n<li>Norm\u00e1l 12V DC bemeneten m\u0171k\u00f6dik \u2014 biztons\u00e1gos h\u00e1zi\u00e1llatok, gyerekek \u00e9s nedves ter\u00fcletek k\u00f6r\u00fcl.<\/li>\n\n\n\n<li>Kompatibilis a legt\u00f6bb k\u00e9szleten kaphat\u00f3 transzform\u00e1torral, amelyet m\u00e1s alacsony fesz\u00fclts\u00e9g\u0171 kert\u00e9szeti rendszerekben haszn\u00e1lnak.<\/li>\n\n\n\n<li>Seg\u00edt cs\u00f6kkenteni az energia k\u00f6lts\u00e9geket, mik\u00f6zben hat\u00e9kony f\u00e9nyer\u0151t biztos\u00edt <strong>LED technol\u00f3gi\u00e1t<\/strong>.<\/li>\n\n\n\n<li>T\u00e1mogatja hosszabb k\u00e1belhosszokat an\u00e9lk\u00fcl, hogy jelent\u0151s fesz\u00fclts\u00e9gcs\u00f6kken\u00e9st okozna, \u00f6sszehasonl\u00edtva a magasabb wattos v\u00e1ltakoz\u00f3 \u00e1ram\u00fa rendszerekkel.<\/li>\n<\/ol>\n\n\n\n<p>A 2024-es Outdoor Lighting Market Insights Group jelent\u00e9se szerint \u201eAz alacsony fesz\u00fclts\u00e9g\u0171 telep\u00edt\u00e9sek most m\u00e1r a lakoss\u00e1gi piac t\u00f6bb mint 68%-\u00e1t teszik ki <strong><strong><a href=\"https:\/\/ledsteplight.com\/hu\/cree-bridgelux-chip-ip65-led-fixture-for-garden-facade-lighting\/\" class=\"waam-auto-link\" title=\"kertvil\u00e1g\u00edt\u00e1s\">kertvil\u00e1g\u00edt\u00e1s<\/a><\/strong><\/strong> a biztons\u00e1gi el\u0151ny\u00f6k \u00e9s az egyszer\u0171 integr\u00e1ci\u00f3 miatt.\u201d<\/p>\n\n\n\n<p>Ez\u00e9rt egyre t\u00f6bb h\u00e1ztulajdonos fordul kompakt megold\u00e1sokhoz, mint ezek \u2014 k\u00fcl\u00f6n\u00f6sen nedves k\u00f6rnyezetekben, ahol a teljes kifejez\u00e9s \u201eIP67 v\u00edz\u00e1ll\u00f3 LED f\u00f6ldvil\u00e1g\u00edt\u00e1sok kertekhez\u201d igaz\u00e1n szerepet kap\u2026 de csak okos f\u00e9nyeknek h\u00edvjuk \u0151ket, amelyek megk\u00f6nny\u00edtik az \u00e9letet.<\/p>\n\n\n\n<h2 class=\"wp-block-heading\" id=\"faqsaboutip67waterproofledgroundlightsforgardens\">Gyakran Ism\u00e9telt K\u00e9rd\u00e9sek az IP67 v\u00edz\u00e1ll\u00f3 LED f\u00f6ldvil\u00e1g\u00edt\u00e1sokr\u00f3l kertekhez<\/h2>\n\n\n\n<p><strong>Mi\u00e9rt ide\u00e1lisak az IP67 v\u00edz\u00e1ll\u00f3 LED f\u00f6ldvil\u00e1g\u00edt\u00e1sok k\u00fclt\u00e9ri haszn\u00e1latra?<\/strong><br>Ezek a l\u00e1mp\u00e1k \u00fagy vannak kialak\u00edtva, hogy kezelj\u00e9k a term\u00e9szet kisz\u00e1m\u00edthatatlan hangulatait. Es\u0151z\u00e9sek, poros sz\u00e9l vagy hirtelen locsol\u00e1s a kertib\u0151l \u2014 egyik sem zavarja \u0151ket. A z\u00e1rt polikarbon\u00e1t lencs\u00e9iknek \u00e9s korr\u00f3zi\u00f3\u00e1ll\u00f3 alum\u00ednium h\u00e1zuknak k\u00f6sz\u00f6nhet\u0151en a v\u00edz \u00e9s a szennyez\u0151d\u00e9sek nem jutnak be. Az IP67 besorol\u00e1s nem csup\u00e1n egy sz\u00e1m; ez nyugalmat ad, amikor a kertvil\u00e1g\u00edt\u00e1s az elemekkel szemben \u00e1ll.<\/p>\n\n\n\n<p><strong>El\u00e9g biztons\u00e1gosak-e olyan h\u00e1zak sz\u00e1m\u00e1ra, ahol gyerekek vagy h\u00e1zi\u00e1llatok futk\u00e1roznak k\u00f6r\u00fcl\u00f6tt\u00fck?<\/strong><\/p>\n\n\n\n<ul class=\"wp-block-list\">\n<li>12V DC alacsony fesz\u00fclts\u00e9g\u0171 \u00e1ramell\u00e1t\u00e1son m\u0171k\u00f6dik\u2014gyeng\u00e9d, \u00e9rint\u00e9sre is biztons\u00e1gos<\/li>\n\n\n\n<li>Nincs nyitott vezet\u00e9k vagy forr\u00f3 fel\u00fclet telep\u00edt\u00e9s ut\u00e1n, s\u00edkban a talajba s\u00fcllyesztve<\/li>\n\n\n\n<li>Be\u00e9p\u00edtett biztons\u00e1gi funkci\u00f3k cs\u00f6kkentik az elektromos kock\u00e1zatokat nedves k\u00f6rnyezetben<\/li>\n<\/ul>\n\n\n\n<p>Engedheti gyermekeit este a t\u00fccs\u00f6kcs\u00edp\u00e9sre, an\u00e9lk\u00fcl, hogy agg\u00f3dna a k\u00e1belek miatt vagy \u00e1ram\u00fct\u00e9st\u0151l<\/p>\n\n\n\n<p><strong>Seg\u00edtenek-e ezek a l\u00e1mp\u00e1k cs\u00f6kkenteni a karbantart\u00e1si munk\u00e1t?<\/strong><br>Abszol\u00fat\u2014\u00e9s ez egy kev\u00e9sb\u00e9 agg\u00f3dnival\u00f3 dolog a forgalmas id\u0151szakokban. Ezek a LED-ek sokkal tov\u00e1bb tartanak, mint a hagyom\u00e1nyos izz\u00f3k, \u00edgy nem kell folyamatosan cser\u00e9lni az elhaszn\u00e1l\u00f3dott egys\u00e9geket. Anyagaik ellen\u00e1llnak a rozsd\u00e1nak \u00e9s a kop\u00e1snak m\u00e9g \u00e9vek ut\u00e1n is k\u00fclt\u00e9ren. Egy parkkezel\u0151 arr\u00f3l sz\u00e1molt be, hogy 70% kevesebb cser\u00e9re volt sz\u00fcks\u00e9ge a v\u00e1lt\u00e1s ut\u00e1n\u2014egy csendes gy\u0151zelem, ami gyorsan \u00f6sszead\u00f3dik.<\/p>\n\n\n\n<p><strong>Mennyire neh\u00e9z \u0151ket telep\u00edteni az eg\u00e9sz udvaron?<\/strong><br>Meglep\u0151en egyszer\u0171\u2014s\u0151t, kiel\u00e9g\u00edt\u0151, mint kirak\u00f3s darabokat illeszteni hely\u00fckre:<\/p>\n\n\n\n<ul class=\"wp-block-list\">\n<li>Csatlakoz\u00f3k az egyszer\u0171 bekapcsol\u00e1shoz<\/li>\n\n\n\n<li>Integr\u00e1lt meghajt\u00f3 \u00e1ramk\u00f6r\u00f6k, \u00edgy nincs extra felszerel\u00e9s a rendszerben<\/li>\n\n\n\n<li>Rejtett kialak\u00edt\u00e1sok, amelyek k\u00f6nnyen beilleszthet\u0151k az el\u0151re kiv\u00e1gott helyekbe j\u00e1rd\u00e1kon vagy teraszokon<\/li>\n<\/ul>\n\n\n\n<p>Egy h\u00e9tv\u00e9gi projekt teljesen \u00e1talak\u00edthatja az udvar hangulat\u00e1t.<\/p>\n\n\n\n<p><strong>Val\u00f3ban jav\u00edtj\u00e1k-e a kertem esti kin\u00e9zet\u00e9t?<\/strong>Igen\u2014\u00e9s nemcsak az\u00e9rt, hogy vil\u00e1gosabb legyen. Hangulatot teremtenek: l\u00e1gy f\u00e9nyek a kanyarg\u00f3 utakon, finom kiemel\u00e9sek a f\u00e1k alatt, amelyek a szell\u0151ben hajladoznak, esetleg sz\u00ednek v\u00e1ltakoz\u00e1sa a vir\u00e1g\u00e1gy\u00e1sokon, ha RGB modelleket v\u00e1laszt. T\u00f6bb, mint vil\u00e1g\u00edt\u00e1s\u2014ez egy atmoszf\u00e9ra, amely minden l\u00e9p\u00e9st \u00e1tj\u00e1r s\u00f6t\u00e9ted\u00e9s ut\u00e1n.<\/p>","protected":false},"excerpt":{"rendered":"<p>Es\u0151, locsol\u00f3k, hangos gyerekek kerti slagokkal\u2014a k\u00fclt\u00e9ri l\u00e1mp\u00e1id t\u00f6bb dr\u00e1m\u00e1n mennek kereszt\u00fcl, mint egy nappali szappanopera. De IP67 v\u00edz\u00e1ll\u00f3<\/p>","protected":false},"author":1,"featured_media":37380,"comment_status":"open","ping_status":"open","sticky":false,"template":"","format":"standard","meta":{"footnotes":""},"categories":[1],"tags":[],"class_list":["post-38301","post","type-post","status-publish","format-standard","has-post-thumbnail","hentry","category-uncategorized"],"_links":{"self":[{"href":"https:\/\/ledsteplight.com\/hu\/wp-json\/wp\/v2\/posts\/38301","targetHints":{"allow":["GET"]}}],"collection":[{"href":"https:\/\/ledsteplight.com\/hu\/wp-json\/wp\/v2\/posts"}],"about":[{"href":"https:\/\/ledsteplight.com\/hu\/wp-json\/wp\/v2\/types\/post"}],"author":[{"embeddable":true,"href":"https:\/\/ledsteplight.com\/hu\/wp-json\/wp\/v2\/users\/1"}],"replies":[{"embeddable":true,"href":"https:\/\/ledsteplight.com\/hu\/wp-json\/wp\/v2\/comments?post=38301"}],"version-history":[{"count":4,"href":"https:\/\/ledsteplight.com\/hu\/wp-json\/wp\/v2\/posts\/38301\/revisions"}],"predecessor-version":[{"id":38567,"href":"https:\/\/ledsteplight.com\/hu\/wp-json\/wp\/v2\/posts\/38301\/revisions\/38567"}],"wp:featuredmedia":[{"embeddable":true,"href":"https:\/\/ledsteplight.com\/hu\/wp-json\/wp\/v2\/media\/37380"}],"wp:attachment":[{"href":"https:\/\/ledsteplight.com\/hu\/wp-json\/wp\/v2\/media?parent=38301"}],"wp:term":[{"taxonomy":"category","embeddable":true,"href":"https:\/\/ledsteplight.com\/hu\/wp-json\/wp\/v2\/categories?post=38301"},{"taxonomy":"post_tag","embeddable":true,"href":"https:\/\/ledsteplight.com\/hu\/wp-json\/wp\/v2\/tags?post=38301"}],"curies":[{"name":"wp","href":"https:\/\/api.w.org\/{rel}","templated":true}]}}