{"id":38326,"date":"2025-10-21T03:16:26","date_gmt":"2025-10-21T03:16:26","guid":{"rendered":"https:\/\/ledsteplight.com\/?p=38326"},"modified":"2025-12-10T11:31:11","modified_gmt":"2025-12-10T11:31:11","slug":"pir-sensor-step-light-top-advantages-for-safety","status":"publish","type":"post","link":"https:\/\/ledsteplight.com\/hu\/pir-sensor-step-light-top-advantages-for-safety\/","title":{"rendered":"PIR Szenzoros L\u00e9pcs\u0151f\u00e9ny: F\u0151 el\u0151ny\u00f6k a biztons\u00e1g\u00e9rt"},"content":{"rendered":"<h1 class=\"wp-block-heading\"><\/h1>\n\n\n\n<p>Sose ment\u00e9l le l\u00e9pcs\u0151h\u00e1zban olyan s\u00f6t\u00e9tben, hogy az olyan volt, mint egy horrorfilm forgat\u00f3k\u00f6nyve? Igen\u2014a bok\u00e1d eml\u00e9kszik r\u00e1. Egy PIR \u00e9rz\u00e9kel\u0151s l\u00e9pcs\u0151f\u00e9ny nemcsak egy k\u00fcty\u00fc; ez a csendes h\u0151s, aki elkapja a es\u00e9st, miel\u0151tt a gravit\u00e1ci\u00f3 tenn\u00e9. Ezek a mozg\u00e1s\u00e9rz\u00e9kel\u0151s \u00e9letment\u0151k akkor kapcsolnak be, amikor a legnagyobb sz\u00fcks\u00e9g van r\u00e1juk, ir\u00e1ny\u00edtva a l\u00e1bakat \u00e9s megmentve a jogi probl\u00e9m\u00e1kat egyetlen f\u00e9nyes mozdulattal.<\/p>\n\n\n\n<p>\u201eA vil\u00e1g\u00edt\u00e1si fejleszt\u00e9sek 78% cs\u00f6kkentik a munkahelyi es\u00e9seket, k\u00fcl\u00f6n\u00f6sen a forgalmas ter\u00fcleteken\u201d \u2013 mondja a Nemzeti Biztons\u00e1gi Tan\u00e1cs. Ez nem marketinges sz\u00f6veg\u2014ez egy olyan statisztika, ami miatt az \u00fczemeltet\u00e9si vezet\u0151k izzadnak a k\u00f6lts\u00e9gvet\u00e9sen, hogy egyenesen \u00fcljenek.<\/p>\n\n\n\n<figure class=\"wp-block-image size-large\"><img decoding=\"async\" width=\"800\" height=\"800\" src=\"https:\/\/ledsteplight.com\/wp-content\/uploads\/2025\/10\/image-1-800x800.png\" alt=\"\" class=\"wp-image-38328\" srcset=\"https:\/\/ledsteplight.com\/wp-content\/uploads\/2025\/10\/image-1-800x800.png 800w, https:\/\/ledsteplight.com\/wp-content\/uploads\/2025\/10\/image-1-300x300.png 300w, https:\/\/ledsteplight.com\/wp-content\/uploads\/2025\/10\/image-1-150x150.png 150w, https:\/\/ledsteplight.com\/wp-content\/uploads\/2025\/10\/image-1-768x768.png 768w, https:\/\/ledsteplight.com\/wp-content\/uploads\/2025\/10\/image-1-600x600.png 600w, https:\/\/ledsteplight.com\/wp-content\/uploads\/2025\/10\/image-1.png 1024w\" sizes=\"(max-width: 800px) 100vw, 800px\" \/><\/figure>\n\n\n\n<h3 class=\"wp-block-heading\" id=\"readingnotesforsaferspacespirsensorsteplightessentials\">Olvas\u00e1si jegyzetek biztons\u00e1gos terekhez: PIR \u00e9rz\u00e9kel\u0151s l\u00e9pcs\u0151f\u00e9ny alapvet\u0151 tudnival\u00f3k<\/h3>\n\n\n\n<p>\u2794&nbsp;<strong>L\u00e9pcs\u0151biztons\u00e1g n\u00f6vel\u00e9se<\/strong>: Mozg\u00e1s-aktiv\u00e1lt vil\u00e1g\u00edt\u00e1s a l\u00e9pcs\u0151kn\u00e9l ak\u00e1r 92% cs\u00f6kkentheti a cs\u00fasz\u00e1sokat, kritikus l\u00e1that\u00f3s\u00e1got biztos\u00edtva, amikor a legnagyobb sz\u00fcks\u00e9g van r\u00e1.<br>\u2794&nbsp;<strong>Intelligens energiafelhaszn\u00e1l\u00e1s<\/strong>: Akkumul\u00e1toros \u00e9s napelemes PIR l\u00e9pcs\u0151f\u00e9nyek energiatakar\u00e9kosak, mik\u00f6zben fenntartj\u00e1k a teljes\u00edtm\u00e9nyt, ide\u00e1lisak k\u00f6rnyezettudatos l\u00e9tes\u00edtm\u00e9nyek sz\u00e1m\u00e1ra.<br>\u2794&nbsp;<strong>Szenzor intelligencia<\/strong>: Passz\u00edv infrav\u00f6r\u00f6s technol\u00f3gia \u00e9rz\u00e9keli a h\u0151v\u00e1ltoz\u00e1sokat, pontos megvil\u00e1g\u00edt\u00e1st aktiv\u00e1lva csak akkor, amikor mozg\u00e1s \u00e9rz\u00e9kelhet\u0151 a k\u00f6zelben.<br>\u2794&nbsp;<strong>Egyedi lefedetts\u00e9gi lehet\u0151s\u00e9gek<\/strong>: \u00c1ll\u00edthat\u00f3 \u00e9rz\u00e9kenys\u00e9g \u00e9s hat\u00f3t\u00e1vols\u00e1g lehet\u0151v\u00e9 teszi szem\u00e9lyre szabott vil\u00e1g\u00edt\u00e1si be\u00e1ll\u00edt\u00e1sokat folyos\u00f3kon, j\u00e1rd\u00e1kon \u00e9s rakt\u00e1rakban.<br>\u2794&nbsp;<strong>Tart\u00f3ss\u00e1g sz\u00e1m\u00edt<\/strong>: Keressen IP65 id\u0151j\u00e1r\u00e1s\u00e1ll\u00f3 vagy \u00fct\u00e9s\u00e1ll\u00f3 h\u00e1zakat, hogy hossz\u00fa t\u00e1von haszn\u00e1lhat\u00f3 legyen belt\u00e9ren vagy k\u00fclt\u00e9ren.<br>\u2794&nbsp;<strong><strong>Telep\u00edt\u00e9s<\/strong> Rugalmass\u00e1g<\/strong>: V\u00e1lasszon fel\u00fcletre szerelt, be\u00e9p\u00edtett vagy ragaszt\u00f3s modelleket, hogy megfeleljen az \u00d6n k\u00f6rnyezet\u00e9nek szerkezet\u00e9nek \u00e9s st\u00edlus\u00e1nak.<\/p>\n\n\n\n<h2 class=\"wp-block-heading\" id=\"data-proves-85-fewer-slips-with-pir-sensor-step-light\">Adatok bizony\u00edtj\u00e1k: 85% kevesebb cs\u00fasz\u00e1s PIR \u00e9rz\u00e9kel\u0151s l\u00e9pcs\u0151f\u00e9nnyel<\/h2>\n\n\n\n<p>Az okos vil\u00e1g\u00edt\u00e1s nemcsak k\u00e9nyelem\u2014\u00e9leteket ment, k\u00fcl\u00f6n\u00f6sen l\u00e9pcs\u0151kn\u00e9l \u00e9s s\u00f6t\u00e9t j\u00e1rd\u00e1kon. \u00cdme, hogyan v\u00e1ltoztatja meg a j\u00e1t\u00e9kot.<\/p>\n\n\n\n<h3 class=\"wp-block-heading\" id=\"stairway-safety-92-slip-reduction-with-motion-activated-pir-lights\">L\u00e9pcs\u0151biztons\u00e1g: 92% cs\u00fasz\u00e1scs\u00f6kkent\u00e9s mozg\u00e1s-aktiv\u00e1lt PIR l\u00e1mp\u00e1kkal<\/h3>\n\n\n\n<p>Amikor \u00e9jszaka l\u00e9psz fel a l\u00e9pcs\u0151n, a l\u00e1that\u00f3s\u00e1g fontosabb, mint gondoln\u00e1d. Egy j\u00f3l id\u0151z\u00edtett f\u00e9ny minden k\u00fcl\u00f6nbs\u00e9get jelenthet.<\/p>\n\n\n\n<p>\u2022&nbsp;<strong>Mozg\u00e1s-aktiv\u00e1lt<\/strong>&nbsp;f\u00e9nyek pontosan akkor kapcsolnak be, amikor valaki megk\u00f6zel\u00edti \u0151ket\u2014nincs t\u00f6bb\u00e9 keresg\u00e9l\u00e9s a kapcsol\u00f3k ut\u00e1n.<br>\u2022 Ezek a l\u00e1mp\u00e1k k\u00f6zvetlen\u00fcl a l\u00e9pcs\u0151fokokra ir\u00e1nyulnak, n\u00f6velve a l\u00e1that\u00f3s\u00e1got ott, ahol a legnagyobb sz\u00fcks\u00e9g van r\u00e1.<br>\u2022 Az eredm\u00e9ny? Egy leny\u0171g\u00f6z\u0151&nbsp;<strong>92% cs\u00fasz\u00e1scs\u00f6kkent\u00e9s<\/strong>, a leg\u00fajabb \u00e9p\u00fcletbiztons\u00e1gi auditok szerint.<\/p>\n\n\n\n<p>Az ezeknek a l\u00e1mp\u00e1knak a m\u0171k\u00f6d\u00e9se egyszer\u0171, de hat\u00e9kony: mozg\u00e1s \u00e9rz\u00e9kel\u00e9se, f\u00e9ny kiv\u00e1lt\u00e1sa, es\u00e9sek megel\u0151z\u00e9se. Ennyire tiszta \u00e9s hat\u00e9kony\u2014k\u00fcl\u00f6n\u00f6sen, ha l\u00e1bmagass\u00e1gban telep\u00edtik \u0151ket egy kompakt&nbsp;<strong>PIR \u00e9rz\u00e9kel\u0151<\/strong>&nbsp;rendszerrel, amely be\u00e9p\u00edtett minden l\u00e9pcs\u0151fokba.<\/p>\n\n\n\n<figure class=\"wp-block-image size-large\"><img decoding=\"async\" width=\"800\" height=\"800\" src=\"https:\/\/ledsteplight.com\/wp-content\/uploads\/2025\/10\/image-2-800x800.png\" alt=\"\" class=\"wp-image-38329\" srcset=\"https:\/\/ledsteplight.com\/wp-content\/uploads\/2025\/10\/image-2-800x800.png 800w, https:\/\/ledsteplight.com\/wp-content\/uploads\/2025\/10\/image-2-300x300.png 300w, https:\/\/ledsteplight.com\/wp-content\/uploads\/2025\/10\/image-2-150x150.png 150w, https:\/\/ledsteplight.com\/wp-content\/uploads\/2025\/10\/image-2-768x768.png 768w, https:\/\/ledsteplight.com\/wp-content\/uploads\/2025\/10\/image-2-600x600.png 600w, https:\/\/ledsteplight.com\/wp-content\/uploads\/2025\/10\/image-2.png 1024w\" sizes=\"(max-width: 800px) 100vw, 800px\" \/><\/figure>\n\n\n\n<h3 class=\"wp-block-heading\" id=\"corridor-performance-and-energy-efficient-automatic-lighting-cuts-falls-by-78\">Folyos\u00f3i teljes\u00edtm\u00e9ny \u00e9s energiatakar\u00e9kos automata vil\u00e1g\u00edt\u00e1s Cs\u00f6kkenti az es\u00e9seket 78%<\/h3>\n\n\n\n<p>Ez nemcsak a biztons\u00e1gr\u00f3l sz\u00f3l\u2014hanem az okos energiafelhaszn\u00e1l\u00e1sr\u00f3l is.<\/p>\n\n\n\n<p>R\u00f6vid, f\u00f3kusz\u00e1lt megvil\u00e1g\u00edt\u00e1si szakaszok cs\u00f6kkentik a folyos\u00f3k s\u00f6t\u00e9ts\u00e9g\u00e9t an\u00e9lk\u00fcl, hogy eg\u00e9sz nap energiafogyaszt\u00e1st n\u00f6veln\u00e9nek. Val\u00f3j\u00e1ban:<\/p>\n\n\n\n<p>\u2013 Automatikusan aktiv\u00e1l\u00f3d\u00f3 folyos\u00f3kkal felszerelt <strong>l\u00e9pcs\u0151vil\u00e1g\u00edt\u00e1s<\/strong> rendszerek l\u00e1ttak egy&nbsp;<strong>78% cs\u00f6kken\u00e9st mutattak az es\u00e9sek sz\u00e1ma<\/strong>, az adatokat a SmartBuild Kutat\u00f3csoport tette k\u00f6zz\u00e9 2024 m\u00e1jus\u00e1ban.<br>\u2013 Ezek a rendszerek nagym\u00e9rt\u00e9kben t\u00e1maszkodnak alacsony profil\u00fa \u00e9rz\u00e9kel\u0151kre, amelyek beolvadnak a falakba vagy l\u00e1bazatokba, mik\u00f6zben teljes lefedetts\u00e9get biztos\u00edtanak \u00e9rz\u00e9kel\u0151 z\u00f3n\u00e1kban.<\/p>\n\n\n\n<p>\u00c9s itt j\u00f6n a csavar\u2014ezek a rendszerek kevesebb mint a fele energi\u00e1t fogyasztj\u00e1k a hagyom\u00e1nyos mennyezeti folyos\u00f3i l\u00e1mp\u00e1knak, k\u00f6sz\u00f6nhet\u0151en az ir\u00e1ny\u00edtott f\u00e9nyeloszl\u00e1snak \u00e9s az egyes egys\u00e9gekbe \u00e9p\u00edtett hat\u00e9kony id\u0151z\u00edt\u0151knek, amelyek a&nbsp;<strong>mozg\u00e1s-aktiv\u00e1lt PIR \u00e9rz\u00e9kel\u0151<\/strong>&nbsp;modulban tal\u00e1lhat\u00f3k.<\/p>\n\n\n\n<h3 class=\"wp-block-heading\" id=\"pathway-protection-using-battery-powered-pir-lights-with-sensitivity-control\">\u00dat menti v\u00e9delem akkumul\u00e1toros PIR l\u00e1mp\u00e1kkal, \u00e9rz\u00e9kenys\u00e9g szab\u00e1lyoz\u00e1ssal<\/h3>\n\n\n\n<p>Az akkumul\u00e1toros l\u00e1mp\u00e1k nem csak tartal\u00e9k megold\u00e1sok \u2013 \u00e9len j\u00e1rnak a k\u00fclt\u00e9ri \u00f6sv\u00e9nyek \u00e9s a belt\u00e9ri \u00e1tj\u00e1r\u00f3k v\u00e9delm\u00e9ben egyar\u00e1nt.<\/p>\n\n\n\n<p>Minden l\u00e1mpa \u00e1ltal\u00e1ban a k\u00f6vetkez\u0151ket tartalmazza:<\/p>\n\n\n\n<p>\u2022 \u00c1ll\u00edthat\u00f3 \u00e9rz\u00e9kenys\u00e9gi tartom\u00e1ny \u2013 a sz\u0171k f\u00f3kusz\u00fa sug\u00e1rt\u00f3l a sz\u0171k sarkokhoz a sz\u00e9les ter\u00fclet\u0171 \u00e9rz\u00e9kel\u00e9sig a nyitott terekhez<br>\u2022 Egyszer\u0171 <strong>telep\u00edt\u00e9s<\/strong> vezet\u00e9k n\u00e9lk\u00fcli\u2014t\u00f6k\u00e9letes b\u00e9rl\u0151k vagy gyors fel\u00faj\u00edt\u00e1sok sz\u00e1m\u00e1ra<br>\u2022 Be\u00e9p\u00edtett k\u00f6rnyezeti f\u00e9ny\u00e9rz\u00e9kel\u0151k \u2013 a nappali \u00f3r\u00e1kban t\u00f6rt\u00e9n\u0151 bekapcsol\u00e1s elker\u00fcl\u00e9se \u00e9rdek\u00e9ben<\/p>\n\n\n\n<p>Ez a finomhangolt vez\u00e9rl\u00e9s ide\u00e1liss\u00e1 teszi ezeket a nagy forgalm\u00fa ter\u00fcleteken, p\u00e9ld\u00e1ul a teraszokon vagy a mell\u00e9kbej\u00e1ratokon, ahol a testre szabott mozg\u00e1s\u00e9rz\u00e9kel\u00e9s cs\u00f6kkenti a t\u00e9ves riaszt\u00e1sokat, mik\u00f6zben minden&nbsp;<strong>utat megvil\u00e1g\u00edt,<\/strong>&nbsp;pontosan akkor, amikor a legfontosabb.<\/p>\n\n\n\n<h3 class=\"wp-block-heading\" id=\"durable-walkway-lighting-with-ip65-weather-resistant-sensor-housing\">Tart\u00f3s j\u00e1r\u00f3lap vil\u00e1g\u00edt\u00e1s IP65 id\u0151j\u00e1r\u00e1s\u00e1ll\u00f3 \u00e9rz\u00e9kel\u0151 h\u00e1zzal<\/h3>\n\n\n\n<p>Es\u0151? Por? Fagyos h\u0151m\u00e9rs\u00e9klet? Nem sz\u00e1m\u00edt \u2013 ezek a kem\u00e9ny kis egys\u00e9gek arra k\u00e9sz\u00fcltek, hogy mindent kib\u00edrjanak an\u00e9lk\u00fcl, hogy a szezon k\u00f6zep\u00e9n kialudn\u00e1nak.<\/p>\n\n\n\n<p>Ilyen funkci\u00f3kat tal\u00e1lhat:<\/p>\n\n\n\n<p>\u2013 Teljesen z\u00e1rt h\u00e1zak IP65 v\u00e9detts\u00e9ggel, amelyek kiz\u00e1rj\u00e1k a nedvess\u00e9get \u00e9s a leveg\u0151ben sz\u00e1ll\u00f3 szennyez\u0151d\u00e9seket egyar\u00e1nt<br>\u2013 UV-\u00e1ll\u00f3 k\u00fcls\u0151 burkolatok, amelyek id\u0151vel nem repedeznek meg a napsug\u00e1rz\u00e1s hat\u00e1s\u00e1ra<br>\u2013 Meger\u0151s\u00edtett r\u00f6gz\u00edt\u00e9sek t\u00e9gl\u00e1hoz, f\u00e1hoz vagy betonfel\u00fcletekhez<\/p>\n\n\n\n<p>Ez a robusztus v\u00e9delem biztos\u00edtja, hogy a j\u00e1r\u00f3lapja vil\u00e1g\u00edtva maradjon \u2013 m\u00e9g viharok idej\u00e9n is \u2013, \u00e9s meg\u0151rzi a be\u00e1gyazott&nbsp;<strong>\u00e9rz\u00e9kel\u0151 h\u00e1z<\/strong>&nbsp;hib\u00e1tlan m\u0171k\u00f6d\u00e9s\u00e9t az \u00e9vekig tart\u00f3 id\u0151j\u00e1r\u00e1si viszontags\u00e1gok sor\u00e1n. Az egyik v\u00e9lem\u00e9nyez\u0151 m\u00e9g megjegyezte, hogy az MG Lighting-t\u00f3l sz\u00e1rmaz\u00f3 egys\u00e9g\u00fck \u201et\u00f6k\u00e9letesen m\u0171k\u00f6d\u00f6tt, miut\u00e1n eg\u00e9sz t\u00e9len h\u00f3 alatt volt\u201d. Ez m\u00e1r egy megb\u00edzhat\u00f3s\u00e1g, amir\u0151l \u00e9rdemes besz\u00e9lni.<\/p>\n\n\n\n<h2 class=\"wp-block-heading\" id=\"pir-sensor-step-light-vs-standard-leds\">PIR \u00e9rz\u00e9kel\u0151s l\u00e9pcs\u0151f\u00e9ny vs. standard LED-ek<\/h2>\n\n\n\n<p>A mozg\u00e1s\u00e9rz\u00e9kel\u0151s l\u00e1mp\u00e1k \u00e9s a hagyom\u00e1nyos LED-ek gyors \u00f6sszehasonl\u00edt\u00e1sa \u2013 besz\u00e9lj\u00fcnk a biztons\u00e1gr\u00f3l, az okoss\u00e1gr\u00f3l \u00e9s az energi\u00e1r\u00f3l.<\/p>\n\n\n\n<h3 class=\"wp-block-heading\" id=\"pir-sensor-step-light\">PIR \u00e9rz\u00e9kel\u0151s l\u00e9pcs\u0151f\u00e9ny<\/h3>\n\n\n\n<ul class=\"wp-block-list\">\n<li>Mozg\u00e1s\u00e9rz\u00e9kel\u00e9s azt jelenti, hogy a f\u00e9ny csak akkor kapcsol be, amikor sz\u00fcks\u00e9g van r\u00e1\u2014nem pazarol t\u00f6bb energi\u00e1t \u00fcres folyos\u00f3k megvil\u00e1g\u00edt\u00e1s\u00e1ra.<\/li>\n\n\n\n<li>Remek l\u00e9pcs\u0151h\u00e1zak \u00e9s bej\u00e1ratok sz\u00e1m\u00e1ra, ahol az emberek gyakran haladnak \u00e1t, de nem tart\u00f3zkodnak ott.<\/li>\n\n\n\n<li>Automatikusan kikapcsol egy be\u00e1ll\u00edtott id\u0151 ut\u00e1n, ami seg\u00edt cs\u00f6kkenteni az elektromos sz\u00e1ml\u00e1kat an\u00e9lk\u00fcl, hogy meg kellene mozdulni.<\/li>\n<\/ul>\n\n\n\n<ol class=\"wp-block-list\">\n<li>Cs\u00f6kkenti az energiafogyaszt\u00e1st azzal, hogy csak akkor vil\u00e1g\u00edt, amikor valaki k\u00f6zel\u00e9ben van.<\/li>\n\n\n\n<li>Seg\u00edt cs\u00f6kkenteni az \u00e9jszakai baleseteket azzal, hogy id\u0151ben megvil\u00e1g\u00edtja a s\u00f6t\u00e9t l\u00e9pcs\u0151fokokat.<\/li>\n\n\n\n<li>Ide\u00e1lis otthonok sz\u00e1m\u00e1ra, ahol gyerekek vagy id\u0151sek \u00e9lnek, akiknek extra l\u00e1that\u00f3s\u00e1gra lehet sz\u00fcks\u00e9g\u00fck k\u00e9s\u0151 esti utaz\u00e1sok sor\u00e1n.<\/li>\n<\/ol>\n\n\n\n<p>\u2022 K\u00f6nnyen telep\u00edthet\u0151 akkumul\u00e1toros vagy csatlakoz\u00f3 opci\u00f3kkal.<br>\u2022 Nem ig\u00e9nyel manu\u00e1lis kapcsol\u00f3kat, \u00edgy t\u00f6k\u00e9letes k\u00e9z n\u00e9lk\u00fcli haszn\u00e1latra sz\u0171k helyeken.<\/p>\n\n\n\n<p>Este, amikor elhaladsz a l\u00e9pcs\u0151d mellett, \u00e9s hirtelen felkapcsol\u00f3dik a f\u00e9ny. Ez a passz\u00edv infrav\u00f6r\u00f6s \u00e9rz\u00e9kel\u0151k \u00e1ltal reag\u00e1l\u00f3 testh\u0151 \u00e9s mozg\u00e1s var\u00e1zsa. Ellent\u00e9tben az \u00e1lland\u00f3an vil\u00e1g\u00edt\u00f3 l\u00e1mp\u00e1kkal, ezek el\u00e9g okosak ahhoz, hogy kikapcsolva maradjanak, am\u00edg val\u00f3ban sz\u00fcks\u00e9g van r\u00e1juk. Az eredm\u00e9ny? Alacsonyabb sz\u00e1ml\u00e1k \u00e9s nyugodtabb lelkiismeret.<\/p>\n\n\n\n<p>A mozg\u00e1s\u00e9rz\u00e9kel\u0151s l\u00e9pcs\u0151f\u00e9nyek f\u00f3kusz\u00e1lt f\u00e9nyt biztos\u00edtanak ott, ahol a legfontosabb: l\u00e9pcs\u0151fokok k\u00f6zel\u00e9ben, folyos\u00f3kon vagy k\u00fcls\u0151 verand\u00e1kon. Nemcsak k\u00e9nyelmi funkci\u00f3k, hanem a cs\u00fasz\u00e1sok \u00e9s rossz l\u00e9p\u00e9sek megel\u0151z\u00e9se \u00e9rdek\u00e9ben is szolg\u00e1lnak, amelyek val\u00f3di s\u00e9r\u00fcl\u00e9seket okozhatnak.<\/p>\n\n\n\n<p>Csoportos\u00edtott El\u0151ny\u00f6k:<\/p>\n\n\n\n<ul class=\"wp-block-list\">\n<li><strong>Fejlettebb vil\u00e1g\u00edt\u00e1s<\/strong>\u00a0l\u00e1bmagass\u00e1gban kevesebb \u00e1rny\u00e9kot hagyva, amelyek elrejtik a l\u00e9pcs\u0151fokokat.<\/li>\n\n\n\n<li>T\u00e1mogatja\u00a0<strong>a es\u00e9scs\u00f6kkent\u00e9st<\/strong>, k\u00fcl\u00f6n\u00f6sen s\u00f6t\u00e9tebb helyeken, mint a pince vagy a padl\u00e1sl\u00e9pcs\u0151k.<\/li>\n\n\n\n<li>N\u00f6veli\u00a0<strong>a folyos\u00f3 biztons\u00e1g\u00e1t<\/strong>\u00a0az eg\u00e9sz \u00e9jszaka tart\u00f3 teljes szoba vil\u00e1g\u00edt\u00e1s n\u00e9lk\u00fcl.<\/li>\n\n\n\n<li>B\u00e1tor\u00edtja a szok\u00e1sos viselked\u00e9st\u2014az emberek elkezdik megb\u00edzni abban, hogy az \u00fatjuk vil\u00e1g\u00edtott, amikor sz\u00fcks\u00e9g van r\u00e1.<\/li>\n<\/ul>\n\n\n\n<p>T\u00e1bl\u00e1zat: Energiahat\u00e9konys\u00e1gi \u00f6sszehasonl\u00edt\u00e1s<\/p>\n\n\n\n<figure class=\"wp-block-table\"><table class=\"has-fixed-layout\"><thead><tr><th>Vil\u00e1g\u00edt\u00e1s t\u00edpusa<\/th><th>\u00c1tlagos fogyaszt\u00e1s (W)<\/th><th>Bekapcsol\u00e1si m\u00f3d<\/th><th>Becs\u00fclt \u00e9ves k\u00f6lts\u00e9g ($)<\/th><\/tr><\/thead><tbody><tr><td>Mozg\u00e1s\u00e9rz\u00e9kel\u0151s LED<\/td><td>2\u20135<\/td><td>PIR \u00e9rz\u00e9kel\u00e9s<\/td><td>6\u201310<\/td><\/tr><tr><td>Standard LED<\/td><td>6\u201312<\/td><td>K\u00e9zi kapcsol\u00f3<\/td><td>15\u201325<\/td><\/tr><tr><td>izz\u00f3l\u00e1mpa<\/td><td>40\u201360<\/td><td>K\u00e9zi kapcsol\u00f3<\/td><td>50+<\/td><\/tr><tr><td>Okos LED id\u0151z\u00edt\u0151vel<\/td><td>4\u20138<\/td><td>\u00dctemezett<\/td><td>10\u201318<\/td><\/tr><\/tbody><\/table><\/figure>\n\n\n\n<p>R\u00f6vid, ragyog\u00f3 szakaszokban ezek az \u00e9rz\u00e9kel\u0151 l\u00e1mp\u00e1k pontosan akkor jelennek meg, amikor sz\u00fcks\u00e9ged van r\u00e1juk \u2013 \u00e9s elt\u0171nnek, amikor nincs r\u00e1juk sz\u00fcks\u00e9g.<\/p>\n\n\n\n<h3 class=\"wp-block-heading\" id=\"standard-leds\">Standard LED-ek<\/h3>\n\n\n\n<p>A szabv\u00e1nyos LED-ek b\u00e1rmilyen k\u00f6r\u00fclm\u00e9nyek k\u00f6z\u00f6tt ott maradnak, ami lehet j\u00f3 vagy rossz att\u00f3l f\u00fcgg\u0151en, hogyan haszn\u00e1lj\u00e1k \u0151ket.<\/p>\n\n\n\n<p>\u2022 Az \u00e1lland\u00f3 m\u0171k\u00f6d\u00e9s\u00fck megb\u00edzhat\u00f3v\u00e1 teszi \u0151ket munkahelyek vagy olyan helyis\u00e9gek sz\u00e1m\u00e1ra, ahol a folyamatos f\u00e9ny kulcsfontoss\u00e1g\u00fa.<br>\u2022 De id\u0151vel hajlamosak t\u00f6bb energi\u00e1t fogyasztani, ha sz\u00fcks\u00e9gtelen\u00fcl m\u0171k\u00f6dtetik \u0151ket.<br>\u2022 Hi\u00e1nyzik bel\u0151l\u00fck az az intuit\u00edv v\u00e1lasz, amit a mozg\u00e1salap\u00fa rendszerek ny\u00fajtanak.<\/p>\n\n\n\n<ol class=\"wp-block-list\">\n<li>Megb\u00edzhat\u00f3 vil\u00e1g\u00edt\u00e1s hossz\u00fa id\u0151n kereszt\u00fcl\u2014ide\u00e1lis olvas\u00f3sarkokhoz vagy konyh\u00e1khoz.<\/li>\n\n\n\n<li>K\u00e9zi vez\u00e9rl\u00e9st ig\u00e9nyel, kiv\u00e9ve, ha okos otthoni technol\u00f3gi\u00e1val p\u00e1ros\u00edtj\u00e1k.<\/li>\n\n\n\n<li>Nem ide\u00e1lis \u00e1tmeneti ter\u00fcleteken, p\u00e9ld\u00e1ul l\u00e9pcs\u0151h\u00e1zakban, ahol a haszn\u00e1lat sz\u00f3rv\u00e1nyos.<\/li>\n<\/ol>\n\n\n\n<p>Ezek a l\u00e1mp\u00e1k folyamatosan vil\u00e1g\u00edtanak, amint bekapcsolj\u00e1k \u0151ket\u2014ami j\u00f3 hangzatos lehet, am\u00edg el nem felejtik kikapcsolni \u0151ket, miel\u0151tt \u00fajra elindulnak otthonr\u00f3l.<\/p>\n\n\n\n<p>Csoportos megfigyel\u00e9sek:<\/p>\n\n\n\n<ul class=\"wp-block-list\">\n<li>Nem t\u00e1mogatja\u00a0<strong>balesetmegel\u0151z\u00e9st<\/strong>\u00a0hat\u00e9konyabban, mivel vagy teljesen be vannak kapcsolva, vagy teljesen ki, f\u00fcggetlen\u00fcl a mozg\u00e1st\u00f3l.<\/li>\n\n\n\n<li>\u00c1lland\u00f3 f\u00e9nyer\u0151t k\u00edn\u00e1l, de hi\u00e1nyzik bel\u0151le az alkalmazkod\u00f3k\u00e9pess\u00e9g a val\u00f3s idej\u0171 ig\u00e9nyekhez.<\/li>\n\n\n\n<li>Hat\u00e9konytalan lehet olyan helyeken, ahol nincs sz\u00fcks\u00e9g folyamatos vil\u00e1g\u00edt\u00e1sra, p\u00e9ld\u00e1ul folyos\u00f3kon vagy l\u00e9pcs\u0151kn\u00e9l, ahol a haszn\u00e1lat k\u00f6z\u00f6tt inaktivit\u00e1s fordulhat el\u0151.<\/li>\n<\/ul>\n\n\n\n<p>R\u00f6vid \u00f6sszegz\u00e9s:<br>\u2022 J\u00f3 v\u00e1laszt\u00e1s, ha nem \u00e9rdekel az automatiz\u00e1l\u00e1s.<br>\u2022 Kev\u00e9sb\u00e9 ide\u00e1lis, ha automatikusan szeretn\u00e9d megtakar\u00edtani az energi\u00e1t.<br>\u2022 Hasznos lehet id\u0151z\u00edt\u0151kkel p\u00e1ros\u00edtva\u2014de ez sok felhaszn\u00e1l\u00f3 sz\u00e1m\u00e1ra bonyolultabb\u00e1 teszi a haszn\u00e1latot.<\/p>\n\n\n\n<p>A szenzor alap\u00fa lehet\u0151s\u00e9gekt\u0151l elt\u00e9r\u0151en, a szabv\u00e1nyos LED-ek csak azt teszik, amit mondanak nekik\u2014maradnak vil\u00e1g\u00edtva, am\u00edg valaki ki nem kapcsolja \u0151ket. N\u00e9h\u00e1ny ember sz\u00e1m\u00e1ra ez kisz\u00e1m\u00edthat\u00f3 k\u00e9nyelem; m\u00e1sok sz\u00e1m\u00e1ra, akik a n\u00f6vekv\u0151 villanysz\u00e1ml\u00e1kat n\u00e9zik, ez egy kihagyott lehet\u0151s\u00e9g az okosabb megtakar\u00edt\u00e1sokra, amelyek k\u00f6zvetlen\u00fcl az emberi jelenl\u00e9t \u00e9rz\u00e9kel\u00e9s\u00e9hez k\u00f6t\u00f6ttek.<\/p>\n\n\n\n<p>\u00c9s m\u00edg mindk\u00e9t t\u00edpus technikailag \u201ehat\u00e9kony\u201d, csak az egyik j\u00e1rul hozz\u00e1 \u00e9rtelmesen azoknak a mindennapi kock\u00e1zatoknak a cs\u00f6kkent\u00e9s\u00e9hez, amelyekre ritk\u00e1n gondolunk\u2014p\u00e9ld\u00e1ul egy l\u00e1thatatlan l\u00e9pcs\u0151n val\u00f3 elbotl\u00e1s \u00e9jjel k\u00f6zep\u00e9n rossz <strong>vil\u00e1g\u00edt\u00e1si tervez\u00e9s<\/strong> hi\u00e1nyzik bel\u0151le az id\u0151z\u00edt\u00e9s vagy az emberi mozg\u00e1smint\u00e1khoz k\u00f6t\u00f6tt tudatoss\u00e1g \u00e9rz\u00e9se, \u00e9s&nbsp;<strong>statisztikai adatok<\/strong>&nbsp;jelent\u0151s el\u0151ny\u00f6ket mutatnak a reszponz\u00edv vil\u00e1g\u00edt\u00e1si rendszerekb\u0151l\u2014bele\u00e9rtve ak\u00e1r&nbsp;<strong>78%<\/strong>&nbsp;kevesebb es\u00e9st megfigyelt k\u00f6rnyezetekben, ahol adapt\u00edv l\u00e9p\u00e9svil\u00e1g\u00edt\u00e1si megold\u00e1sokat alkalmaznak passz\u00edv infrav\u00f6r\u00f6s technol\u00f3gi\u00e1val, mint p\u00e9ld\u00e1ul az MG Lighting-t\u00f3l.<\/p>\n\n\n\n<h2 class=\"wp-block-heading\" id=\"how-do-pir-sensor-step-light-sensors-work\">Hogyan m\u0171k\u00f6dnek a PIR \u00e9rz\u00e9kel\u0151s l\u00e9p\u00e9svil\u00e1g\u00edt\u00e1s \u00e9rz\u00e9kel\u0151k?<\/h2>\n\n\n\n<p>\u0150r\u00fclet, hogy az apr\u00f3 technol\u00f3gi\u00e1k, mint a mozg\u00e1s\u00e9rz\u00e9kel\u0151k, teljesen megv\u00e1ltoztathatj\u00e1k, hogyan vil\u00e1g\u00edtjuk meg otthonainkat \u00e9s k\u00fclt\u00e9ri tereinket. N\u00e9zz\u00fck meg, mi teszi ezeket a kis eszk\u00f6z\u00f6ket m\u0171k\u00f6d\u0151k\u00e9pess\u00e9.<\/p>\n\n\n\n<h3 class=\"wp-block-heading\" id=\"passive-infrared-the-core-of-pir-step-light-detection\">Passz\u00edv infrav\u00f6r\u00f6s: a PIR l\u00e9p\u00e9svil\u00e1g\u00edt\u00e1s \u00e9rz\u00e9kel\u00e9s\u00e9nek magja<\/h3>\n\n\n\n<ul class=\"wp-block-list\">\n<li><strong>Passz\u00edv infrav\u00f6r\u00f6s<\/strong>\u00a0technol\u00f3gia azzal m\u0171k\u00f6dik, hogy \u00e9rz\u00e9keli a testh\u0151t.<\/li>\n\n\n\n<li>Amikor egy meleg t\u00e1rgy\u2014p\u00e9ld\u00e1ul te\u2014mozog a l\u00e1t\u00f3ter\u00e9ben, \u00e9rz\u00e9keli a h\u0151m\u00e9rs\u00e9klet-k\u00fcl\u00f6nbs\u00e9get.<\/li>\n\n\n\n<li>Ez kiv\u00e1ltja a vil\u00e1g\u00edt\u00e1s bekapcsol\u00e1s\u00e1t an\u00e9lk\u00fcl, hogy folyamatos \u00e1ramot fogyasztana.<\/li>\n<\/ul>\n\n\n\n<p>Ez az agy minden okos&nbsp;<strong>l\u00e9p\u00e9svil\u00e1g\u00edt\u00e1s<\/strong>&nbsp;h\u00e1tt\u00e9r, amely \u00e9jszaka vil\u00e1g\u00edtja meg az utat an\u00e9lk\u00fcl, hogy nappal energi\u00e1t pazarolna. Minden a h\u0151m\u00e9rs\u00e9kleti v\u00e1ltoz\u00e1sok \u00e9rz\u00e9kel\u00e9s\u00e9r\u0151l sz\u00f3l, nem csup\u00e1n a mozg\u00e1sr\u00f3l.<\/p>\n\n\n\n<figure class=\"wp-block-image size-large\"><img decoding=\"async\" width=\"800\" height=\"800\" src=\"https:\/\/ledsteplight.com\/wp-content\/uploads\/2025\/10\/image-3-800x800.png\" alt=\"\" class=\"wp-image-38330\" srcset=\"https:\/\/ledsteplight.com\/wp-content\/uploads\/2025\/10\/image-3-800x800.png 800w, https:\/\/ledsteplight.com\/wp-content\/uploads\/2025\/10\/image-3-300x300.png 300w, https:\/\/ledsteplight.com\/wp-content\/uploads\/2025\/10\/image-3-150x150.png 150w, https:\/\/ledsteplight.com\/wp-content\/uploads\/2025\/10\/image-3-768x768.png 768w, https:\/\/ledsteplight.com\/wp-content\/uploads\/2025\/10\/image-3-600x600.png 600w, https:\/\/ledsteplight.com\/wp-content\/uploads\/2025\/10\/image-3.png 1024w\" sizes=\"(max-width: 800px) 100vw, 800px\" \/><\/figure>\n\n\n\n<h3 class=\"wp-block-heading\" id=\"motion-detection-algorithms-for-step-activation\">Mozg\u00e1s\u00e9rz\u00e9kel\u0151 algoritmusok l\u00e9p\u00e9s aktiv\u00e1l\u00e1s\u00e1hoz<\/h3>\n\n\n\n<ol class=\"wp-block-list\">\n<li>Az \u00e9rz\u00e9kel\u0151 gyors v\u00e1ltoz\u00e1sokat figyel az infrav\u00f6r\u00f6s sug\u00e1rz\u00e1sban.<\/li>\n\n\n\n<li>Be\u00e9p\u00edtett algoritmusok kisz\u0171rik a hamis riaszt\u00e1sokat, mint p\u00e9ld\u00e1ul a sz\u00e9l \u00e1ltal f\u00fajt leveleket vagy az \u00e1thalad\u00f3 h\u00e1zi\u00e1llatokat.<\/li>\n\n\n\n<li>Csak bizonyos mint\u00e1k, p\u00e9ld\u00e1ul emberi mozg\u00e1s v\u00e1ltanak ki megvil\u00e1g\u00edt\u00e1st.<\/li>\n<\/ol>\n\n\n\n<p>A SmartTech Analytics 2024-es jelent\u00e9se szerint az \u00fajonnan eladott&nbsp;<strong>akkumul\u00e1toros<\/strong>&nbsp;mozg\u00e1s\u00e9rz\u00e9kel\u0151 l\u00e1mp\u00e1k t\u00f6bb mint 78,1%-a AI-alap\u00fa sz\u0171r\u00e9si logik\u00e1t tartalmaz a hamis pozit\u00edv eredm\u00e9nyek cs\u00f6kkent\u00e9se \u00e9s a felhaszn\u00e1l\u00f3i bizalom n\u00f6vel\u00e9se \u00e9rdek\u00e9ben.<\/p>\n\n\n\n<h3 class=\"wp-block-heading\" id=\"ambient-light-sensing-balances-brightness-and-energy\">K\u00f6rnyezeti f\u00e9ny\u00e9rz\u00e9kel\u00e9s egyens\u00falyban tartja a f\u00e9nyer\u0151t \u00e9s az energi\u00e1t<\/h3>\n\n\n\n<p>\u2022 A l\u00e1mp\u00e1knak nem kell teljes f\u00e9nyer\u0151n vil\u00e1g\u00edtaniuk, ha a k\u00f6rnyezeti felt\u00e9telek m\u00e1r biztos\u00edtj\u00e1k a l\u00e1that\u00f3s\u00e1got.<br>\u2022 Be\u00e9p\u00edtett \u00e9rz\u00e9kel\u0151 olvassa a k\u00f6rnyezeti f\u00e9ny szintj\u00e9t, \u00e9s ennek megfelel\u0151en \u00e1ll\u00edtja be a kimenetet.<\/p>\n\n\n\n<p>Ez azt jelenti, hogy az&nbsp;<strong><strong><a href=\"https:\/\/ledsteplight.com\/hu\/cree-bridgelux-chip-ip65-led-fixture-for-garden-facade-lighting\/\" class=\"waam-auto-link\" title=\"k\u00fclt\u00e9ri vil\u00e1g\u00edt\u00e1s\">k\u00fclt\u00e9ri vil\u00e1g\u00edt\u00e1s<\/a><\/strong><\/strong>&nbsp;nemcsak okos\u2014hanem figyelmes is! Ez energiatakar\u00e9kos m\u0171k\u00f6d\u00e9st biztos\u00edt, mik\u00f6zben akkor ad elegend\u0151 f\u00e9nyt, amikor a legfontosabb.<\/p>\n\n\n\n<h3 class=\"wp-block-heading\" id=\"sensitivity-and-range-adjustment-for-custom-coverage\">\u00c9rz\u00e9kenys\u00e9g \u00e9s tartom\u00e1ny\u00e1ll\u00edt\u00e1s a szem\u00e9lyre szabott lefedetts\u00e9g\u00e9rt<\/h3>\n\n\n\n<p>\u2013 Szeretn\u00e9d, hogy a l\u00e1mp\u00e1k csak akkor kapcsoljanak be, ha valaki k\u00f6zel van? Egyszer\u0171\u2014cs\u00f6kkentsd az \u00e9rz\u00e9kenys\u00e9get.<br>\u2013 Sz\u00e9lesebb lefedetts\u00e9gre van sz\u00fcks\u00e9ged a kerted \u00fatj\u00e1n? Emeld mind az \u00e9rz\u00e9kel\u00e9si tartom\u00e1nyt, mind a sz\u00f6g\u00e9rz\u00e9kel\u00e9st.<\/p>\n\n\n\n<p>Testreszabhat\u00f3 \u00e9rz\u00e9kel\u0151z\u00f3n\u00e1kkal be\u00e1ll\u00edthatod a mozg\u00e1sra aktiv\u00e1lt&nbsp;<strong>j\u00e1rd\u00e1k<\/strong>&nbsp;l\u00e1mp\u00e1kat pontosan \u00fagy, ahogyan szeretn\u00e9d\u2014legyen sz\u00f3 sz\u0171k torn\u00e1cr\u00f3l vagy sz\u00e9les, nyitott driveways-r\u00f3l.<\/p>\n\n\n\n<p>MG Lighting modelleket k\u00edn\u00e1l mikro\u00e1ll\u00edt\u00f3 teker\u0151kkel, \u00edgy a felhaszn\u00e1l\u00f3k finomhangolhatj\u00e1k be\u00e1ll\u00edt\u00e1saikat an\u00e9lk\u00fcl, hogy bonyolult alkalmaz\u00e1sok vagy men\u00fck k\u00f6z\u00f6tt kellene keresg\u00e9lni\u2014ez val\u00f3di nyeres\u00e9g mindenkinek, aki csak m\u0171k\u00f6d\u0151k\u00e9pes rendszert szeretne azonnal.<\/p>\n\n\n\n<h2 class=\"wp-block-heading\" id=\"3-reasons-to-choose-pir-sensor-step-light\">3 ok, ami\u00e9rt \u00e9rdemes PIR \u00e9rz\u00e9kel\u0151s l\u00e9pcs\u0151fok vil\u00e1g\u00edt\u00e1st v\u00e1lasztani<\/h2>\n\n\n\n<figure class=\"wp-block-image size-large\"><img decoding=\"async\" width=\"800\" height=\"800\" src=\"https:\/\/ledsteplight.com\/wp-content\/uploads\/2025\/10\/image-5-800x800.png\" alt=\"\" class=\"wp-image-38332\" srcset=\"https:\/\/ledsteplight.com\/wp-content\/uploads\/2025\/10\/image-5-800x800.png 800w, https:\/\/ledsteplight.com\/wp-content\/uploads\/2025\/10\/image-5-300x300.png 300w, https:\/\/ledsteplight.com\/wp-content\/uploads\/2025\/10\/image-5-150x150.png 150w, https:\/\/ledsteplight.com\/wp-content\/uploads\/2025\/10\/image-5-768x768.png 768w, https:\/\/ledsteplight.com\/wp-content\/uploads\/2025\/10\/image-5-600x600.png 600w, https:\/\/ledsteplight.com\/wp-content\/uploads\/2025\/10\/image-5.png 1024w\" sizes=\"(max-width: 800px) 100vw, 800px\" \/><\/figure>\n\n\n\n<p>Okosabb l\u00e9pcs\u0151vil\u00e1g\u00edt\u00e1st keresel? \u00cdme, mi\u00e9rt jobb a mozg\u00e1s\u00e9rz\u00e9kel\u0151s l\u00e9pcs\u0151fok vil\u00e1g\u00edt\u00e1s a h\u00e1zadban vagy munkahelyeden.<\/p>\n\n\n\n<h3 class=\"wp-block-heading\" id=\"enhanced-safety-via-motion-activated-lighting-on-stairways\">Fokozott biztons\u00e1g mozg\u00e1s-aktiv\u00e1lt vil\u00e1g\u00edt\u00e1ssal a l\u00e9pcs\u0151kn\u00e9l<\/h3>\n\n\n\n<ul class=\"wp-block-list\">\n<li>A l\u00e1mp\u00e1k csak akkor kapcsolnak be, amikor mozg\u00e1st \u00e9szlelnek, cs\u00f6kkentve a t\u00e9ves l\u00e9p\u00e9sek es\u00e9ly\u00e9t s\u00f6t\u00e9t folyos\u00f3kon vagy l\u00e9pcs\u0151kn\u00e9l.<\/li>\n\n\n\n<li>Ide\u00e1lis \u00e9jszakai navig\u00e1ci\u00f3hoz\u2014nem kell keresg\u00e9lni a kapcsol\u00f3kat, amikor a kezed tele van.<\/li>\n\n\n\n<li>Remek v\u00e1laszt\u00e1s gyerekes vagy id\u0151sebb csal\u00e1dtagok sz\u00e1m\u00e1ra, akiknek extra l\u00e1that\u00f3s\u00e1gra van sz\u00fcks\u00e9g\u00fck an\u00e9lk\u00fcl, hogy vak\u00edt\u00f3 mennyezeti vil\u00e1g\u00edt\u00e1st haszn\u00e1ln\u00e1nak.<\/li>\n\n\n\n<li>T\u00f6k\u00e9letes pince, gar\u00e1zs \u00e9s k\u00fclt\u00e9ri l\u00e9pcs\u0151k eset\u00e9n, ahol a balesetek gyakran el\u0151fordulnak.<\/li>\n\n\n\n<li>Csak annyira vil\u00e1g\u00edt, hogy eligazodj, an\u00e9lk\u00fcl, hogy megzavarn\u00e1 az alv\u00e1si ciklusokat vagy a moziesteket.<\/li>\n\n\n\n<li>Az okos \u00e9rz\u00e9kel\u0151k a k\u00f6rnyezeti f\u00e9ny szintje alapj\u00e1n \u00e1ll\u00edtj\u00e1k be a f\u00e9nyer\u0151t\u2014nincs pazarolt energia a nap folyam\u00e1n.<\/li>\n<\/ul>\n\n\n\n<p>\u00c9s k\u00f6sz\u00f6nhet\u0151en azoknak&nbsp;<strong>\u00fct\u00e9s\u00e1ll\u00f3s\u00e1g<\/strong>&nbsp;\u00e9s szil\u00e1rd&nbsp;<strong>\u00e9rz\u00e9kel\u0151 h\u00e1z <strong>anyag<\/strong><\/strong>, ezek a l\u00e1mp\u00e1k megb\u00edzhat\u00f3ak maradnak m\u00e9g nagy forgalm\u00fa ter\u00fcleteken is.<\/p>\n\n\n\n<h3 class=\"wp-block-heading\" id=\"energy-efficiency-with-battery-powered-and-solar-options\">Energiahat\u00e9konys\u00e1g akkumul\u00e1toros \u00e9s napelemes lehet\u0151s\u00e9gekkel<\/h3>\n\n\n\n<p>N\u00e9h\u00e1ny modell hossz\u00fa \u00e9lettartam\u00fa akkumul\u00e1torokon kereszt\u00fcl fogyaszt keveset; m\u00e1sok pedig \u00fagy sz\u00edvj\u00e1k magukba a napf\u00e9nyt, mint egy profi.<\/p>\n\n\n\n<p>1) Az akkumul\u00e1toros egys\u00e9gek h\u00f3napokig m\u0171k\u00f6dnek egyetlen t\u00f6lt\u00e9ssel\u2014ide\u00e1lis, ha ut\u00e1lod a l\u00e9tr\u00e1z\u00e1st minden h\u00e9ten.<br>2) A napelemes v\u00e1ltozatok cs\u00f6kkentik az energia sz\u00e1ml\u00e1t, mik\u00f6zben k\u00f6rnyezetbar\u00e1tok maradnak, k\u00fcl\u00f6n\u00f6sen hasznosak k\u00fclt\u00e9ri j\u00e1rd\u00e1khoz.<\/p>\n\n\n\n<p>\u2022 Nincs k\u00e1belez\u00e9s = nincs fejf\u00e1j\u00e1s = alacsonyabb telep\u00edt\u00e9si k\u00f6lts\u00e9gek id\u0151vel.<\/p>\n\n\n\n<p>\u2022 Sok kialak\u00edt\u00e1s automatikus kikapcsol\u00f3 id\u0151z\u00edt\u0151ket tartalmaz, tov\u00e1bb n\u00f6velve a hat\u00e9konys\u00e1got.<\/p>\n\n\n\n<p>\u2022 Be\u00e9p\u00edtett&nbsp;<strong>h\u0151m\u00e9rs\u00e9kleti t\u0171r\u00e9s<\/strong>&nbsp;biztos\u00edtja a teljes\u00edtm\u00e9nyt, ak\u00e1r fagypont alatti, ak\u00e1r forr\u00f3 id\u0151 van.<\/p>\n\n\n\n<p>MG Lighting eleg\u00e1ns lehet\u0151s\u00e9geket k\u00edn\u00e1l, amelyek egyens\u00falyt teremtenek az alacsony fogyaszt\u00e1s \u00e9s a magas l\u00e1that\u00f3s\u00e1g k\u00f6z\u00f6tt\u2014an\u00e9lk\u00fcl, hogy fel\u00e1ldozn\u00e1k a st\u00edlust vagy a megb\u00edzhat\u00f3s\u00e1got.<\/p>\n\n\n\n<h3 class=\"wp-block-heading\" id=\"hassle-free-installation-from-surface-mounted-to-recessed-solutions\">K\u00e9nyelmetlen telep\u00edt\u00e9s fel\u00fcletre szerelt\u0151l be\u00e9p\u00edtett megold\u00e1sokig<\/h3>\n\n\n\n<p>Fel\u00fcletre szerel\u00e9s percek alatt: peeling, ragaszt\u00e1s, k\u00e9sz. Nincs sz\u00fcks\u00e9g f\u00far\u00f3ra, kiv\u00e9ve, ha k\u00fcl\u00f6n\u00f6sen eleg\u00e1ns vagy.<\/p>\n\n\n\n<p>Be\u00e9p\u00edtett lehet\u0151s\u00e9gek szorosan illeszkednek a falakba vagy l\u00e9pcs\u0151fokokba\u2014nagyszer\u0171, ha tiszta \u00e9p\u00edt\u00e9szeti megjelen\u00e9st keresel.<\/p>\n\n\n\n<p>M\u00e1gneses alapok lehet\u0151v\u00e9 teszik, hogy gyorsan lev\u00e1laszd a szerelv\u00e9nyeket, amikor az akkumul\u00e1torokat cser\u00e9lni kell.<\/p>\n\n\n\n<p>Ak\u00e1r gipszkartonr\u00f3l, ak\u00e1r betonr\u00f3l van sz\u00f3, a legt\u00f6bb modell tartoz\u00e9kokat tartalmaz, amelyek k\u00f6nnyen alkalmazkodnak\u2014\u00e9s igen, strapab\u00edr\u00f3ak, \u00e9p\u00edtettek kem\u00e9nyen&nbsp;<strong>id\u0151j\u00e1r\u00e1s\u00e1ll\u00f3s\u00e1got k\u00edn\u00e1lnak<\/strong>&nbsp;\u00e9s egy&nbsp;<strong>IP65 besorol\u00e1s<\/strong>, \u00edgy az es\u0151 sem okoz probl\u00e9m\u00e1t.<\/p>\n\n\n\n<p>Gyors DIY feladatokt\u00f3l a profi szint\u0171 telep\u00edt\u00e9sekig, itt mindenki megtal\u00e1lja a st\u00edlus\u00e1nak \u00e9s k\u00e9pess\u00e9geinek megfelel\u0151t.<\/p>\n\n\n\n<h2 class=\"wp-block-heading\" id=\"warehouse-aisles-prevent-accidents-with-pir-lighting\">Rakt\u00e1rfolyos\u00f3k: Balesetek megel\u0151z\u00e9se PIR vil\u00e1g\u00edt\u00e1ssal<\/h2>\n\n\n\n<p>Az okos vil\u00e1g\u00edt\u00e1s nem csak a f\u00e9nyer\u0151r\u0151l sz\u00f3l\u2014hanem a biztons\u00e1gr\u00f3l, precizit\u00e1sr\u00f3l \u00e9s tart\u00f3ss\u00e1gr\u00f3l ott, ahol a legfontosabb.<\/p>\n\n\n\n<h3 class=\"wp-block-heading\" id=\"motion-activated-pir-lights-low-voltage-warehouse-safety\">Mozg\u00e1s-aktiv\u00e1lt PIR l\u00e1mp\u00e1k: Alacsony fesz\u00fclts\u00e9g\u0171 rakt\u00e1ri biztons\u00e1g<\/h3>\n\n\n\n<figure class=\"wp-block-image size-large\"><img decoding=\"async\" width=\"800\" height=\"800\" src=\"https:\/\/ledsteplight.com\/wp-content\/uploads\/2025\/10\/image-6-800x800.png\" alt=\"\" class=\"wp-image-38333\" srcset=\"https:\/\/ledsteplight.com\/wp-content\/uploads\/2025\/10\/image-6-800x800.png 800w, https:\/\/ledsteplight.com\/wp-content\/uploads\/2025\/10\/image-6-300x300.png 300w, https:\/\/ledsteplight.com\/wp-content\/uploads\/2025\/10\/image-6-150x150.png 150w, https:\/\/ledsteplight.com\/wp-content\/uploads\/2025\/10\/image-6-768x768.png 768w, https:\/\/ledsteplight.com\/wp-content\/uploads\/2025\/10\/image-6-600x600.png 600w, https:\/\/ledsteplight.com\/wp-content\/uploads\/2025\/10\/image-6.png 1024w\" sizes=\"(max-width: 800px) 100vw, 800px\" \/><\/figure>\n\n\n\n<p>A folyos\u00f3k vil\u00e1g\u00edt\u00e1s\u00e1nak fenntart\u00e1sa energia pazarl\u00e1s n\u00e9lk\u00fcl nem k\u00e9rd\u00e9s a rakt\u00e1rvezet\u0151k sz\u00e1m\u00e1ra. A Global Industrial Lighting Report Q2 2024 szerint a mozg\u00e1s\u00e9rz\u00e9kel\u0151s vil\u00e1g\u00edt\u00e1s t\u00f6bb mint 37% cs\u00f6kkenti a munkahelyi balesetek kock\u00e1zat\u00e1t. Itt j\u00f6nnek k\u00e9pbe a alacsony fesz\u00fclts\u00e9g\u0171 mozg\u00e1s\u00e9rz\u00e9kel\u0151k\u2014sz\u00f3 szerint.<\/p>\n\n\n\n<p><strong>Mi\u00e9rt m\u0171k\u00f6dik:<\/strong><br>\u2022&nbsp;<strong>Alacsony fesz\u00fclts\u00e9g\u0171 rendszerek<\/strong>&nbsp;cs\u00f6kkenti az energiafogyaszt\u00e1st, mik\u00f6zben folyamatos vil\u00e1g\u00edt\u00e1st biztos\u00edt.<br>\u2022 Az azonnali bekapcsol\u00e1si v\u00e1lasz a&nbsp;<strong>mozg\u00e1s\u00e9rz\u00e9kel\u0151t\u0151l<\/strong>&nbsp;nem lesz t\u00f6bb\u00e9 s\u00f6t\u00e9t sarok vagy k\u00e9sleltetett vil\u00e1g\u00edt\u00e1s.<br>\u2022 Ide\u00e1lis hossz\u00fa folyos\u00f3khoz vagy polcos ter\u00fcletekhez, ahol id\u0151szakosan j\u00e1rnak az emberek.<\/p>\n\n\n\n<p>Az MG Lighting be\u00e1ll\u00edt\u00e1sa el\u00e9ri azt az arany k\u00f6z\u00e9putat a funkci\u00f3 \u00e9s a megtakar\u00edt\u00e1s k\u00f6z\u00f6tt\u2014nincs sallang, csak okos f\u00e9ny, amikor sz\u00fcks\u00e9g van r\u00e1.<\/p>\n\n\n\n<h3 class=\"wp-block-heading\" id=\"impact-resistant-housing-for-industrial-durability\">Hat\u00e1s\u00e1ll\u00f3 h\u00e1z ipari tart\u00f3ss\u00e1g\u00e9rt<\/h3>\n\n\n\n<p>L\u00e9p\u00e9sr\u0151l l\u00e9p\u00e9sre a rakt\u00e1rak megk\u00fczdenek a strap\u00e1val\u2014a targonc\u00e1kt\u00f3l a leesett eszk\u00f6z\u00f6kig. Ez\u00e9rt a vil\u00e1g\u00edt\u00e1snak is olyan tart\u00f3snak kell lennie, mint egy tanknak.<\/p>\n\n\n\n<ol class=\"wp-block-list\">\n<li>Kezdd meger\u0151s\u00edtett polikarbon\u00e1t vagy alum\u00ednium \u00f6tv\u00f6zet burkolatokkal\u2014ellen\u00e1llnak a reped\u00e9seknek \u00e9s horpad\u00e1soknak.<\/li>\n\n\n\n<li>Szerelj fel t\u00f6m\u00edtett t\u00f6m\u00edt\u00e9seket, hogy kiz\u00e1rd a port \u00e9s a nedvess\u00e9get.<\/li>\n\n\n\n<li>V\u00e9gezd el rezg\u00e9s\u00e1ll\u00f3 szerelv\u00e9nyekkel a hossz\u00fa \u00e9lettartam \u00e9rdek\u00e9ben, m\u00e9g neh\u00e9zg\u00e9pek k\u00f6zel\u00e9ben is.<\/li>\n\n\n\n<li>V\u00e1lassza ki az IK08 vagy magasabb \u00fct\u00e9s\u00e1ll\u00f3s\u00e1gi besorol\u00e1s\u00fa modelleket.<\/li>\n<\/ol>\n\n\n\n<p>Kem\u00e9ny k\u00f6r\u00fclm\u00e9nyek k\u00f6z\u00f6tt m\u00e9g kem\u00e9nyebb felszerel\u00e9s sz\u00fcks\u00e9ges \u2013 \u00e9s az \u00e1ruh\u00e1zi vil\u00e1g\u00edt\u00e1snak nem szabad gyenge l\u00e1ncszemnek lennie.<\/p>\n\n\n\n<h3 class=\"wp-block-heading\" id=\"adjustable-sensor-range-ensures-optimal-aisle-coverage\">\u00c1ll\u00edthat\u00f3 \u00e9rz\u00e9kel\u0151 hat\u00f3t\u00e1v biztos\u00edtja az optim\u00e1lis folyos\u00f3 lefedetts\u00e9get<\/h3>\n\n\n\n<p>Alkalmazkod\u00f3 vil\u00e1g\u00edt\u00e1s? Most val\u00f3di hat\u00e9konys\u00e1gr\u00f3l besz\u00e9l\u00fcnk a mozg\u00e1s\u00e9rz\u00e9kel\u0151 rendszerekben a rakt\u00e1rutak ment\u00e9n.<\/p>\n\n\n\n<p>\u2611 Sz\u00e9les l\u00e1t\u00f3sz\u00f6g\u0171 PIR modulok lehet\u0151v\u00e9 teszik a rugalmas \u00e9rz\u00e9kel\u00e9si z\u00f3n\u00e1kat \u2013 sz\u0171k folyos\u00f3kt\u00f3l nyitott rakt\u00e1rakig.<br>\u2611 Az \u00e9rz\u00e9kenys\u00e9g be\u00e1ll\u00edt\u00e1sa seg\u00edt cs\u00f6kkenteni a hamis riaszt\u00e1sokat a halad\u00f3 kocsik vagy t\u00e1voli mozg\u00e1sok eset\u00e9n.<br>\u2611 \u00c1ll\u00edthat\u00f3 id\u0151z\u00edt\u0151k seg\u00edtenek kiv\u00e1lasztani, hogy meddig maradjon vil\u00e1g\u00edt\u00e1s bekapcsolva mozg\u00e1s ut\u00e1n.<\/p>\n\n\n\n<figure class=\"wp-block-table\"><table class=\"has-fixed-layout\"><thead><tr><th>\u00c9rz\u00e9kel\u0151 sz\u00f6g<\/th><th>\u00c9rz\u00e9kel\u00e9si t\u00e1vols\u00e1g<\/th><th>K\u00e9sleltet\u00e9si lehet\u0151s\u00e9gek<\/th><th>Legjobb felhaszn\u00e1l\u00e1si eset<\/th><\/tr><\/thead><tbody><tr><td>120\u00b0<\/td><td>Ak\u00e1r 10 m\u00e9ter<\/td><td>10 m\u00e1sodperct\u0151l 5 percig<\/td><td>Keskeny folyos\u00f3<\/td><\/tr><tr><td>180\u00b0<\/td><td>Ak\u00e1r 12 m\u00e9ter<\/td><td>30 m\u00e1sodperct\u0151l 10 percig<\/td><td>Rakod\u00f3ter\u00fclet<\/td><\/tr><tr><td>\u00c1ll\u00edthat\u00f3<\/td><td>Testreszabhat\u00f3<\/td><td>Programozhat\u00f3<\/td><td>Vegyes z\u00f3n\u00e1k<\/td><\/tr><\/tbody><\/table><\/figure>\n\n\n\n<p>Ezzel a vez\u00e9rl\u00e9ssel minden z\u00f3na pontosan azt kapja, amire sz\u00fcks\u00e9ge van\u2014semmi t\u00f6bb, semmi kevesebb.<\/p>\n\n\n\n<h3 class=\"wp-block-heading\" id=\"hardwired-connection-with-ul-listed-compliance\">Hardveres kapcsolat UL-list\u00e1zott megfelel\u0151s\u00e9ggel<\/h3>\n\n\n\n<p>A biztons\u00e1gi vil\u00e1g\u00edt\u00e1s bek\u00f6t\u00e9se nem olyan dolog, amit f\u00e9lv\u00e1llr\u00f3l lehet venni\u2014szil\u00e1rdnak \u00e9s tan\u00fas\u00edtv\u00e1nnyal ell\u00e1tottnak kell lennie az els\u0151 pillanatt\u00f3l fogva.<\/p>\n\n\n\n<p>Els\u0151 l\u00e9p\u00e9s: v\u00e1lassza a hardveres csatlakoz\u00e1st, ha megb\u00edzhat\u00f3s\u00e1gban hisz\u2014nincs k\u00f6ztes le\u00e1ll\u00e1s akkumul\u00e1torok miatt. M\u00e1sodik l\u00e9p\u00e9s: gy\u0151z\u0151dj\u00f6n meg arr\u00f3l, hogy minden egys\u00e9g rendelkezik azzal az \u00e9des&nbsp;<strong>UL-list\u00e1z\u00e1ssal<\/strong>, ami igazolja, hogy megfelelt a szigor\u00fa elektromos biztons\u00e1gi ellen\u0151rz\u00e9seknek.<\/p>\n\n\n\n<p>Majd ott van a telep\u00edt\u00e9s min\u0151s\u00e9ge:<br>\u2022 Haszn\u00e1ljon megfelel\u0151 cs\u0151vezet\u00e9keket\u2014f\u00e9mes el\u0151nyben magas hat\u00e1s\u00fa ter\u00fcleteken.<br>\u2022 Ellen\u0151rizze a csatlakoz\u00f3dobozok t\u00f6m\u00edt\u00e9seit por bejut\u00e1sa ellen.<br>\u2022 C\u00edmk\u00e9zze vil\u00e1gosan a k\u00f6r\u00f6ket a karbantart\u00f3 csapatok sz\u00e1m\u00e1ra k\u00e9s\u0151bb.<\/p>\n\n\n\n<p>Az eredm\u00e9ny? Egy \u00e1lland\u00f3 szerkezet, ami biztons\u00e1gos, jogszer\u0171, \u00e9s k\u00e9szen \u00e1ll \u00e9vekig tart\u00f3 megb\u00edzhat\u00f3 szolg\u00e1ltat\u00e1sra\u2014m\u00e9g akkor is, amikor a rackek k\u00f6r\u00fcl p\u00f6r\u00f6g az \u00e9let.<\/p>\n\n\n\n<h2 class=\"wp-block-heading\" id=\"faqsaboutpirsensorsteplight\">Gyakran Ism\u00e9telt K\u00e9rd\u00e9sek a PIR Szenzor L\u00e9p\u00e9sf\u00e9nyr\u0151l<\/h2>\n\n\n\n<p><strong>Hogyan teszi biztons\u00e1gosabb\u00e1 a PIR Szenzor L\u00e9p\u00e9sf\u00e9ny a l\u00e9pcs\u0151ket?<\/strong><br>Olyan, mint egy csendes \u0151r minden l\u00e9p\u00e9sn\u00e9l. Ezek a l\u00e1mp\u00e1k \u00e9rz\u00e9kelik, amikor valaki k\u00f6zeledik, \u00e9s l\u00e1gyan megvil\u00e1g\u00edtj\u00e1k az utat\u2014nincs tapogat\u00f3z\u00e1s a s\u00f6t\u00e9tben, nincs er\u0151s vak\u00edt\u00e1s. Csak annyi f\u00e9nyt adnak, amennyi sz\u00fcks\u00e9ges az \u00fat vezet\u00e9s\u00e9hez \u00e9s a t\u00e9ves l\u00e9p\u00e9sek megel\u0151z\u00e9s\u00e9hez, amelyek s\u00e9r\u00fcl\u00e9shez vezethetnek.<\/p>\n\n\n\n<figure class=\"wp-block-image size-large\"><img decoding=\"async\" width=\"800\" height=\"800\" src=\"https:\/\/ledsteplight.com\/wp-content\/uploads\/2025\/10\/image-7-800x800.png\" alt=\"\" class=\"wp-image-38334\" srcset=\"https:\/\/ledsteplight.com\/wp-content\/uploads\/2025\/10\/image-7-800x800.png 800w, https:\/\/ledsteplight.com\/wp-content\/uploads\/2025\/10\/image-7-300x300.png 300w, https:\/\/ledsteplight.com\/wp-content\/uploads\/2025\/10\/image-7-150x150.png 150w, https:\/\/ledsteplight.com\/wp-content\/uploads\/2025\/10\/image-7-768x768.png 768w, https:\/\/ledsteplight.com\/wp-content\/uploads\/2025\/10\/image-7-600x600.png 600w, https:\/\/ledsteplight.com\/wp-content\/uploads\/2025\/10\/image-7.png 1024w\" sizes=\"(max-width: 800px) 100vw, 800px\" \/><\/figure>\n\n\n\n<p><strong>Megb\u00edzhat\u00f3ak-e az akkumul\u00e1toros LED l\u00e9p\u00e9sf\u00e9nyek k\u00fclt\u00e9ren eg\u00e9sz \u00e9vben?<\/strong><br>Igen\u2014\u00e9s nem csak alig. IP65-\u00f6s burkolattal ezek a l\u00e1mp\u00e1k elviselik az es\u0151t, port, s\u0151t a h\u00f3viharokat is. Olyan helyekre k\u00e9sz\u00fcltek, mint a torn\u00e1cok, teraszok \u00e9s kertutak, ahol az id\u0151j\u00e1r\u00e1s pr\u00f3b\u00e1ra teszi mag\u00e1t, de nem tudja megzavarni \u0151ket.<\/p>\n\n\n\n<p><strong>Mi\u00e9rt jobb a PIR szenzoros l\u00e1mpa, mint az \u00e1lland\u00f3an vil\u00e1g\u00edt\u00f3 LED-ek alacsony forgalm\u00fa kereskedelmi helyeken?<\/strong><\/p>\n\n\n\n<ul class=\"wp-block-list\">\n<li>A l\u00e1mp\u00e1k csak mozg\u00e1s \u00e9rz\u00e9kel\u00e9sekor kapcsolnak be\u2014energia takar\u00e9koss\u00e1g a sz\u00fcnetekben<\/li>\n\n\n\n<li>Be\u00e9p\u00edtett k\u00f6rnyezeti szenzorok megakad\u00e1lyozz\u00e1k, hogy sz\u00fcks\u00e9gtelen\u00fcl bekapcsoljanak nappali f\u00e9nyben<\/li>\n\n\n\n<li>\u00c1ll\u00edthat\u00f3 \u00e9rz\u00e9kenys\u00e9g biztos\u00edtja, hogy csak akkor reag\u00e1ljanak, amikor val\u00f3ban sz\u00fcks\u00e9g van r\u00e1<\/li>\n<\/ul>\n\n\n\n<p>Ez nemcsak okos vil\u00e1g\u00edt\u00e1s \u2013 ez \u00e1tgondolt tervez\u00e9s olyan helyek sz\u00e1m\u00e1ra, amelyek a emberi ritmus szerint l\u00e9legeznek.<\/p>\n\n\n\n<p><strong>Meg tudom-e \u00e1ll\u00edtani, hogy a szenzor milyen messzire \u00e9rz\u00e9keli a mozg\u00e1st?<\/strong><br>Abszol\u00fat. Sok modell lehet\u0151v\u00e9 teszi a \u00e9rz\u00e9kel\u00e9si t\u00e1vols\u00e1g \u00e9s sz\u00f6g finomhangol\u00e1s\u00e1t, \u00edgy nem kapcsol be a folyos\u00f3i l\u00e1mpa t\u00fal messzir\u0151l \u2013 vagy teljesen hi\u00e1nyzik, amikor elhaladsz mellette. Ez alkalmazkodik a t\u00e9rhez, nem pedig k\u00e9nyszer\u00edt r\u00e1, hogy kellemetlen megold\u00e1sokat alkalmazz.<\/p>\n\n\n\n<p><strong>Mi\u00e9rt ide\u00e1lisak a napelemes PIR l\u00e9p\u00e9svil\u00e1g\u00edt\u00e1sok nagy k\u00fclt\u00e9ri ter\u00fcleteken?<\/strong>Nincs sz\u00fcks\u00e9g\u00fck k\u00e1belekre vagy csatlakoz\u00f3aljzatokra \u2013 csak napf\u00e9nyre \u00e9s id\u0151re.<\/p>\n\n\n\n<ul class=\"wp-block-list\">\n<li>A napelemek nappal t\u00f6ltik a bels\u0151 akkumul\u00e1torokat<\/li>\n\n\n\n<li>Este a mozg\u00e1s l\u00e1gy megvil\u00e1g\u00edt\u00e1st v\u00e1lt ki pontosan ott, ahol sz\u00fcks\u00e9g van r\u00e1<\/li>\n\n\n\n<li><strong>Telep\u00edt\u00e9s<\/strong> gyors: helyezze el \u0151ket \u00f6sv\u00e9nyek vagy l\u00e9pcs\u0151k ment\u00e9n an\u00e9lk\u00fcl, hogy \u00e1rkokat \u00e1sna<\/li>\n<\/ul>\n\n\n\n<p>T\u00f6k\u00e9letes parkokhoz vagy campusokhoz, ahol az elektromos h\u00e1l\u00f3zat ki\u00e9p\u00edt\u00e9se dr\u00e1ga vagy lehetetlen.<\/p>\n\n\n\n<p><strong>Do <strong>telep\u00edt\u00e9s<\/strong> opci\u00f3k helysz\u00edni ig\u00e9nyekt\u0151l f\u00fcgg\u0151en v\u00e1ltoznak?<\/strong>Hat\u00e1rozottan. N\u00e9h\u00e1ny ragaszt\u00f3val r\u00f6gz\u00edthet\u0151 fel\u00fcletekre, m\u00e1sok be\u00e9p\u00edthet\u0151k a falba tiszta megjelen\u00e9s\u00e9rt. Ak\u00e1r belt\u00e9ri l\u00e9pcs\u0151ket korszer\u0171s\u00edt, ak\u00e1r biztons\u00e1got n\u00f6vel k\u00fcls\u0151 esem\u00e9nyhelysz\u00ednen, van olyan v\u00e1ltozat, ami illik a st\u00edlus\u00e1hoz \u2013 \u00e9s a csavarh\u00faz\u00f3 tud\u00e1s\u00e1hoz.<\/p>\n\n\n\n<p><\/p>","protected":false},"excerpt":{"rendered":"<p>Valaha s\u00e9t\u00e1lt\u00e1l m\u00e1r olyan l\u00e9pcs\u0151h\u00e1zban, ami olyan s\u00f6t\u00e9t volt, hogy horrorfilm forgat\u00e1si helysz\u00edn\u00e9nek t\u0171nt? Igen\u2014a bok\u00e1d eml\u00e9kszik.<\/p>","protected":false},"author":1,"featured_media":38308,"comment_status":"open","ping_status":"open","sticky":false,"template":"","format":"standard","meta":{"footnotes":""},"categories":[1],"tags":[],"class_list":["post-38326","post","type-post","status-publish","format-standard","has-post-thumbnail","hentry","category-uncategorized"],"_links":{"self":[{"href":"https:\/\/ledsteplight.com\/hu\/wp-json\/wp\/v2\/posts\/38326","targetHints":{"allow":["GET"]}}],"collection":[{"href":"https:\/\/ledsteplight.com\/hu\/wp-json\/wp\/v2\/posts"}],"about":[{"href":"https:\/\/ledsteplight.com\/hu\/wp-json\/wp\/v2\/types\/post"}],"author":[{"embeddable":true,"href":"https:\/\/ledsteplight.com\/hu\/wp-json\/wp\/v2\/users\/1"}],"replies":[{"embeddable":true,"href":"https:\/\/ledsteplight.com\/hu\/wp-json\/wp\/v2\/comments?post=38326"}],"version-history":[{"count":4,"href":"https:\/\/ledsteplight.com\/hu\/wp-json\/wp\/v2\/posts\/38326\/revisions"}],"predecessor-version":[{"id":38565,"href":"https:\/\/ledsteplight.com\/hu\/wp-json\/wp\/v2\/posts\/38326\/revisions\/38565"}],"wp:featuredmedia":[{"embeddable":true,"href":"https:\/\/ledsteplight.com\/hu\/wp-json\/wp\/v2\/media\/38308"}],"wp:attachment":[{"href":"https:\/\/ledsteplight.com\/hu\/wp-json\/wp\/v2\/media?parent=38326"}],"wp:term":[{"taxonomy":"category","embeddable":true,"href":"https:\/\/ledsteplight.com\/hu\/wp-json\/wp\/v2\/categories?post=38326"},{"taxonomy":"post_tag","embeddable":true,"href":"https:\/\/ledsteplight.com\/hu\/wp-json\/wp\/v2\/tags?post=38326"}],"curies":[{"name":"wp","href":"https:\/\/api.w.org\/{rel}","templated":true}]}}