{"id":38348,"date":"2025-10-27T03:51:30","date_gmt":"2025-10-27T03:51:30","guid":{"rendered":"https:\/\/ledsteplight.com\/?p=38348"},"modified":"2025-12-10T11:30:58","modified_gmt":"2025-12-10T11:30:58","slug":"ip65-led-step-light-wholesale-strategies-for-bulk-buying","status":"publish","type":"post","link":"https:\/\/ledsteplight.com\/hu\/ip65-led-step-light-wholesale-strategies-for-bulk-buying\/","title":{"rendered":"IP65 LED L\u00e9pcs\u0151f\u00e9ny Nagykereskedelem: Strat\u00e9gi\u00e1k t\u00f6meges v\u00e1s\u00e1rl\u00e1shoz"},"content":{"rendered":"<p>A nagykereskedelmi v\u00e1s\u00e1rl\u00f3k egy forr\u00f3 jegyet keresnek:\u00a0<strong><a href=\"https:\/\/ledsteplight.com\/hu\/wholesale-2w-led-86-box-step-light-gyd038-plus-ip65-motion-sensor\/\" data-type=\"product\" data-id=\"38086\">IP65 LED l\u00e9pcs\u0151f\u00e9ny nagykereskedelem<\/a><\/strong>Mi\u00e9rt? Mert <strong><a href=\"https:\/\/ledsteplight.com\/hu\/cree-bridgelux-chip-ip65-led-fixture-for-garden-facade-lighting\/\" class=\"waam-auto-link\" title=\"k\u00fclt\u00e9ri vil\u00e1g\u00edt\u00e1s\">k\u00fclt\u00e9ri vil\u00e1g\u00edt\u00e1s<\/a><\/strong> . Mi\u00e9rt? Mert a k\u00fclt\u00e9ri vil\u00e1g\u00edt\u00e1s nemcsak a l\u00e1that\u00f3s\u00e1gr\u00f3l sz\u00f3l\u2014hanem hangulatr\u00f3l, biztons\u00e1gr\u00f3l \u00e9s megtakar\u00edt\u00e1sr\u00f3l is. Az alum\u00ednium h\u00e1zak, amelyek el\u00e9g er\u0151sek ahhoz, hogy t\u00fal\u00e9lj\u00e9k a k\u00f6z\u00e9pnyugati h\u00f3viharokat, \u00e9s az energiatakar\u00e9koss\u00e1g, amely megakad\u00e1lyozza, hogy az elektromos sz\u00e1mla horrorfilmm\u00e9 v\u00e1ljon, ezek a l\u00e1mpatestek minden szerz\u0151d\u00e9si irod\u00e1ban felkeltik a figyelmet Boise-t\u00f3l Brooklynig.<\/p>\n\n\n\n<p>\u0150szint\u00e9n sz\u00f3lva, a fesz\u00fclts\u00e9g opci\u00f3k \u00e9s a minim\u00e1lis rendel\u00e9si puzzle-k \u00e1tl\u00e1that\u00f3s\u00e1ga olyan lehet, mintha vakon pr\u00f3b\u00e1ln\u00e1d megoldani a Rubik-kock\u00e1t, mik\u00f6zben felfel\u00e9 s\u00e9t\u00e1lsz\u2014mindk\u00e9t ir\u00e1nyban. De ha hi\u00e1nyzik a t\u00f6k\u00e9letes \u00e1rk\u00e9pz\u00e9si pont vagy rossz v\u00e1laszt\u00e1st hozol, <strong><strong><a href=\"https:\/\/ledsteplight.com\/hu\/dm36b-pro-honeycomb-anti-glare-led-in-ground-light-ip67-24v-dc\/\" class=\"waam-auto-link\" title=\"sz\u00ednh\u0151m\u00e9rs\u00e9klet\">sz\u00ednh\u0151m\u00e9rs\u00e9klet<\/a><\/strong><\/strong>? Az p\u00e9nz kidob\u00e1sa az ablakon, \u00e9s az \u00fcgyfelek oldalra n\u00e9znek.<\/p>\n\n\n\n<p>Ha nagyban v\u00e1s\u00e1rolsz\u2014vagy azon gondolkodsz\u2014ez a \u00fatmutat\u00f3 megadja a csal\u00e1s k\u00f3djait: gy\u00e1ri k\u00f6zvetlen aj\u00e1nlatok, specifik\u00e1ci\u00f3s tud\u00e1s \u00e9s csomagol\u00e1si el\u0151ny\u00f6k, amelyek val\u00f3ban m\u0171k\u00f6dnek a nagyobb t\u00e9telekn\u00e9l.<\/p>\n\n\n\n<h3 class=\"wp-block-heading\" id=\"quicknotesonwinningbigwithip65ledsteplightwholesale\">Gyors megjegyz\u00e9sek a nagy nyer\u00e9shez IP65 LED l\u00e9pcs\u0151f\u00e9ny nagykereskedelemben<\/h3>\n\n\n\n<p>\u2794&nbsp;<strong>Glob\u00e1lis keresleti trendek<\/strong>: Az alum\u00ednium \u00f6tv\u00f6zet\u0171 IP65 l\u00e9pcs\u0151f\u00e9nyek \u00e9rt\u00e9kes\u00edt\u00e9se 371%-kal n\u0151tt az energiahat\u00e9konys\u00e1guk, korr\u00f3zi\u00f3\u00e1ll\u00f3s\u00e1guk \u00e9s a k\u00fclt\u00e9ri \u00e9p\u00edt\u00e9szeti projektek ir\u00e1nti n\u00f6vekv\u0151 kereslet miatt.<\/p>\n\n\n\n<p>\u2794&nbsp;<strong>Fesz\u00fclts\u00e9g- \u00e9s h\u0151m\u00e9rs\u00e9kletv\u00e1laszt\u00e9k<\/strong>: A 12V, 24V vagy univerz\u00e1lis fesz\u00fclts\u00e9g k\u00f6z\u00f6tti v\u00e1laszt\u00e1s az install\u00e1ci\u00f3s ig\u00e9nyekt\u0151l f\u00fcgg; a meleg feh\u00e9r ide\u00e1lis hangulatos helyis\u00e9gekhez, m\u00edg a hideg feh\u00e9r n\u00f6veli a l\u00e1that\u00f3s\u00e1got k\u00fclt\u00e9ren.<\/p>\n\n\n\n<p>\u2794&nbsp;<strong>Anyagok \u00f6sszehangol\u00e1sa<\/strong>: A rozsdamentes ac\u00e9l kiv\u00e1l\u00f3 a part menti vagy magas p\u00e1ratartalm\u00fa z\u00f3n\u00e1kban korr\u00f3zi\u00f3\u00e1ll\u00f3s\u00e1ga miatt, m\u00edg a \u00f6nt\u00f6tt alum\u00ednium k\u00f6nny\u0171 \u00e1r-\u00e9rt\u00e9k ar\u00e1nyt \u00e9s tart\u00f3ss\u00e1got k\u00edn\u00e1l.<\/p>\n\n\n\n<p>\u2794&nbsp;<strong>V\u00e1s\u00e1rl\u00e1si er\u0151mozdulatok<\/strong>: Haszn\u00e1ld ki a gy\u00e1ri k\u00f6zvetlen \u00e1rakat \u00e9s az OEM szolg\u00e1ltat\u00e1sokat a nagykereskedelmi kedvezm\u00e9nyek \u00e9s egyedi csomagol\u00e1sok el\u00e9r\u00e9s\u00e9hez\u2014ide\u00e1lis a MOQ el\u00e9r\u00e9s\u00e9hez an\u00e9lk\u00fcl, hogy a m\u00e1rk\u00e1d identit\u00e1s\u00e1t fel\u00e1ldozn\u00e1d.<\/p>\n\n\n\n<p>\u2794&nbsp;<strong>Alkalmaz\u00e1si tud\u00e1s<\/strong>: A fed\u00e9lzetekt\u0151l a nyilv\u00e1nos parkokig az IP65 besorol\u00e1s\u00fa l\u00e1mp\u00e1k kedveltek az id\u0151j\u00e1r\u00e1s\u00e1ll\u00f3 megb\u00edzhat\u00f3s\u00e1g miatt; a polikarbon\u00e1t modellek gazdas\u00e1gosan seg\u00edtenek el\u00e9rni a minim\u00e1lis rendel\u00e9seket.<\/p>\n\n\n\n<p>\u2794&nbsp;<strong>T\u00e1rgyal\u00e1si alapelvek<\/strong>: Kedvez\u0151 felt\u00e9telek el\u00e9r\u00e9s\u00e9hez vil\u00e1gosan hat\u00e1rozd meg az alkalmaz\u00e1si ig\u00e9nyeket, k\u00e9rj sz\u00edn- vagy fesz\u00fclts\u00e9g rugalmass\u00e1got, hasonl\u00edtsd \u00f6ssze az IP besorol\u00e1sokat, mint p\u00e9ld\u00e1ul az IP67 vs. IP65, \u00e9s biztos\u00edts gyors sz\u00e1ll\u00edt\u00e1st.<\/p>\n\n\n\n<figure class=\"wp-block-image size-large\"><img decoding=\"async\" width=\"800\" height=\"800\" src=\"https:\/\/ledsteplight.com\/wp-content\/uploads\/2025\/10\/image-8-800x800.png\" alt=\"Nagykereskedelmi IP65 LED l\u00e9pcs\u0151f\u00e9nyek, csomagol\u00e1ssal \u00e9s \u00e9p\u00edt\u00e9szeti integr\u00e1ci\u00f3val, 37% \u00e9rt\u00e9kes\u00edt\u00e9si n\u00f6veked\u00e9st jelezve. Jellemz\u0151k k\u00f6z\u00e9 tartoznak a fesz\u00fclts\u00e9g opci\u00f3k, anyagv\u00e1laszt\u00e9k, p\u00e9ld\u00e1ul alum\u00ednium \u00e9s rozsdamentes ac\u00e9l, valamint nagykereskedelmi gy\u00e1ri k\u00f6zvetlen aj\u00e1nlatok k\u00fclt\u00e9ri vil\u00e1g\u00edt\u00e1si projektekhez\" class=\"wp-image-38349\" srcset=\"https:\/\/ledsteplight.com\/wp-content\/uploads\/2025\/10\/image-8-800x800.png 800w, https:\/\/ledsteplight.com\/wp-content\/uploads\/2025\/10\/image-8-300x300.png 300w, https:\/\/ledsteplight.com\/wp-content\/uploads\/2025\/10\/image-8-150x150.png 150w, https:\/\/ledsteplight.com\/wp-content\/uploads\/2025\/10\/image-8-768x768.png 768w, https:\/\/ledsteplight.com\/wp-content\/uploads\/2025\/10\/image-8-600x600.png 600w, https:\/\/ledsteplight.com\/wp-content\/uploads\/2025\/10\/image-8.png 1024w\" sizes=\"(max-width: 800px) 100vw, 800px\" \/><\/figure>\n\n\n\n<h2 class=\"wp-block-heading\" id=\"why-ip65-led-step-light-wholesale-demand-is-soaring-globally\">Mi\u00e9rt n\u00f6vekszik glob\u00e1lisan az IP65 LED l\u00e9pcs\u0151f\u00e9ny nagykereskedelmi kereslete<\/h2>\n\n\n\n<p>Ezek ir\u00e1ny\u00edtott kis f\u00e9nyek ir\u00e1nti kereslet gyorsan n\u0151\u2014\u00e9s nemcsak az\u00e9rt, mert j\u00f3l n\u00e9znek ki. N\u00e9zz\u00fck meg, mi hajtja a glob\u00e1lis \u0151r\u00fcletet az id\u0151j\u00e1r\u00e1s\u00e1ll\u00f3, energiatakar\u00e9kos vil\u00e1g\u00edt\u00e1si lehet\u0151s\u00e9gek ir\u00e1nt.<\/p>\n\n\n\n<h3 class=\"wp-block-heading\" id=\"global-sales-of-aluminum-alloy-ip65-step-lights-surge-37\">Az alum\u00ednium\u00f6tv\u00f6zet IP65 l\u00e9pcs\u0151f\u00e9nyek glob\u00e1lis elad\u00e1sa 37% n\u00f6veked\u00e9st mutat<\/h3>\n\n\n\n<ul class=\"wp-block-list\">\n<li><strong>Tart\u00f3ss\u00e1g:<\/strong>\u00a0A magas min\u0151s\u00e9g\u0171\u00a0<strong>alum\u00ednium\u00f6tv\u00f6zet<\/strong>\u00a0alkalmaz\u00e1sa ellen\u00e1ll\u00f3v\u00e1 teszi ezeket a f\u00e9nyeket a kop\u00e1s \u00e9s rong\u00e1l\u00f3d\u00e1s ellen.<\/li>\n\n\n\n<li><strong>Korr\u00f3zi\u00f3\u00e1ll\u00f3s\u00e1g:<\/strong>\u00a0K\u00fcl\u00f6n\u00f6sen \u00e9rt\u00e9kes part menti vagy nedves kl\u00edm\u00e1kban, ahol a nedvess\u00e9g k\u00e1rokat okoz.<\/li>\n\n\n\n<li><strong>St\u00edlusos kialak\u00edt\u00e1s:<\/strong>\u00a0Sima fel\u00fcletek \u00e9s minimalista profilok modern \u00e9p\u00edt\u00e9szethez illenek, mint egy k\u00e9z a keszty\u0171ben.<\/li>\n\n\n\n<li><strong>Alacsony karbantart\u00e1si ig\u00e9ny:<\/strong>\u00a0Telep\u00edt\u00e9s ut\u00e1n ritk\u00e1n van sz\u00fcks\u00e9g r\u00e1juk\u2014id\u0151t \u00e9s p\u00e9nzt takar\u00edtva meg.<\/li>\n\n\n\n<li><strong>Piaci b\u0151v\u00fcl\u00e9s:<\/strong>\u00a0Az \u00c1zsia-Csendes-\u00f3ce\u00e1ni \u00e9s Latin-Amerikai \u00faj \u00e9p\u00edt\u00e9si hull\u00e1mok a nagyobb megrendel\u00e9seket hajtj\u00e1k fel az egekbe.<\/li>\n<\/ul>\n\n\n\n<p>Ezek a t\u00e9nyez\u0151k egy\u00fcttesen magyar\u00e1zz\u00e1k, mi\u00e9rt v\u00e1s\u00e1rolnak a kivitelez\u0151k gyorsabban, mint valaha, nagy t\u00e9telben k\u00fclt\u00e9ri LED-eket.<\/p>\n\n\n\n<h3 class=\"wp-block-heading\" id=\"energy-efficient-corrosion-resistant-fixtures-fuel-demand\">Energiatakar\u00e9kos, korr\u00f3zi\u00f3\u00e1ll\u00f3 szerelv\u00e9nyek n\u00f6velik a keresletet<\/h3>\n\n\n\n<p>Az IEA Lighting Insights 2024 m\u00e1jusi jelent\u00e9se szerint \u201eA korr\u00f3zi\u00f3\u00e1ll\u00f3 LED-ek ir\u00e1nti \u00e1t\u00e1ll\u00e1s m\u00e1r nem opcion\u00e1lis\u2014ez kritikus a hossz\u00fa t\u00e1v\u00fa infrastrukt\u00fara megtakar\u00edt\u00e1sokhoz.\u201d Ez az \u00e9szrev\u00e9tel igaz\u00e1n meg\u00fct, ha figyelembe vessz\u00fck:<\/p>\n\n\n\n<ol class=\"wp-block-list\">\n<li>A part menti v\u00e1rosok most m\u00e1r nem korr\u00f3zi\u00f3mentes anyagokat \u00edrnak el\u0151 k\u00f6zvil\u00e1g\u00edt\u00e1si szerz\u0151d\u00e9sekben.<\/li>\n\n\n\n<li>Az energiahat\u00e9kony technol\u00f3gia ak\u00e1r 65%-ig cs\u00f6kkenti az \u00fczemeltet\u00e9si k\u00f6lts\u00e9geket.<\/li>\n\n\n\n<li>Egy IP-min\u0151s\u00edt\u00e9s\u0171 LED szerelv\u00e9ny \u00e1tlagos \u00e9lettartama t\u00f6bb mint \u00f6t \u00e9vvel meghaladja a hagyom\u00e1nyos halog\u00e9nek\u00e9t.<\/li>\n\n\n\n<li>Az \u00e9p\u00edt\u0151k ink\u00e1bb ilyen standard egys\u00e9geket prefer\u00e1lnak a z\u00f6ld \u00e9p\u00edt\u00e9si tan\u00fas\u00edtv\u00e1nyoknak val\u00f3 megfelel\u00e9s \u00e9rdek\u00e9ben.<\/li>\n<\/ol>\n\n\n\n<p>Mivel az energia\u00e1rak m\u00e9g mindig kisz\u00e1m\u00edthatatlanok, az okos v\u00e1s\u00e1rl\u00f3k olyan hat\u00e9kony l\u00e1mpatestekbe fektetnek be, amelyek hossz\u00fa t\u00e1von is megb\u00edzhat\u00f3ak\u2014sz\u00f3 szerint \u00e9s \u00e1tvitt \u00e9rtelemben is.<\/p>\n\n\n\n<h3 class=\"wp-block-heading\" id=\"why-are-pathway-and-deck-projects-choosing-ip65-leds\">Mi\u00e9rt v\u00e1lasztj\u00e1k az \u00fat- \u00e9s teraszprojektek az IP65 LED-eket?<\/h3>\n\n\n\n<figure class=\"wp-block-image size-large\"><img decoding=\"async\" width=\"800\" height=\"800\" src=\"https:\/\/ledsteplight.com\/wp-content\/uploads\/2025\/10\/image-9-800x800.png\" alt=\"Az alum\u00ednium\u00f6tv\u00f6zet IP65 l\u00e9pcs\u0151f\u00e9nyek glob\u00e1lis elad\u00e1sa 37% n\u00f6veked\u00e9st mutat\" class=\"wp-image-38350\" srcset=\"https:\/\/ledsteplight.com\/wp-content\/uploads\/2025\/10\/image-9-800x800.png 800w, https:\/\/ledsteplight.com\/wp-content\/uploads\/2025\/10\/image-9-300x300.png 300w, https:\/\/ledsteplight.com\/wp-content\/uploads\/2025\/10\/image-9-150x150.png 150w, https:\/\/ledsteplight.com\/wp-content\/uploads\/2025\/10\/image-9-768x768.png 768w, https:\/\/ledsteplight.com\/wp-content\/uploads\/2025\/10\/image-9-600x600.png 600w, https:\/\/ledsteplight.com\/wp-content\/uploads\/2025\/10\/image-9.png 1024w\" sizes=\"(max-width: 800px) 100vw, 800px\" \/><\/figure>\n\n\n\n<p>\u2022 Szorosan z\u00e1rtak\u2014az es\u0151z\u00e9sek nem jelentenek es\u00e9lyt a strapab\u00edr\u00f3 kialak\u00edt\u00e1suknak.<br>\u2022 Puha f\u00e9ny\u00fck n\u00f6veli a biztons\u00e1got an\u00e9lk\u00fcl, hogy vak\u00edtan\u00e1k a j\u00e1r\u00f3kel\u0151ket vagy vend\u00e9geket \u00e9jszaka.<br>\u2022 Beillesztheted l\u00e9pcs\u0151kh\u00f6z, korl\u00e1tokhoz vagy kertszeg\u00e9lyekhez an\u00e9lk\u00fcl, hogy rontan\u00e1d a hangulatot.<\/p>\n\n\n\n<p>Ezek nemcsak l\u00e1mp\u00e1k\u2014hanem hangulatfokoz\u00f3k, amelyek m\u00f6g\u00f6tt er\u0151 is van.<\/p>\n\n\n\n<h3 class=\"wp-block-heading\" id=\"growing-adoption-across-commercial-property-types\">N\u00f6vekv\u0151 elfogadotts\u00e1g k\u00fcl\u00f6nb\u00f6z\u0151 kereskedelmi ingatlant\u00edpusok k\u00f6z\u00f6tt<\/h3>\n\n\n\n<p>Ezek a l\u00e1mp\u00e1k egyre gyakrabban jelennek meg kereskedelmi z\u00f3n\u00e1kban:<\/p>\n\n\n\n<p>\u25b8&nbsp;<strong>Sz\u00e1llod\u00e1k \u00e9s \u00fcd\u00fcl\u0151helyek<\/strong>&nbsp;\u2013 Hangulatos s\u00e9t\u00e1nyokhoz, amelyek leny\u0171g\u00f6z\u0151ek a vend\u00e9gek sz\u00e1m\u00e1ra, mik\u00f6zben eg\u00e9sz \u00e9vben biztons\u00e1gban tartj\u00e1k \u0151ket.<br>\u25b8&nbsp;<strong>Kiskereskedelmi komplexumok<\/strong>&nbsp;\u2013 Ellen\u00e1ll\u00f3ak a nagy forgalommal szemben, ugyanakkor eleg\u00e1nsak, hogy illeszkedjenek a fels\u0151 kateg\u00f3ri\u00e1s \u00fczletekhez.<br>\u25b8&nbsp;<strong>Irodai campusok<\/strong>&nbsp;\u2013 Haszn\u00e1lj\u00e1k l\u00e9pcs\u0151h\u00e1zakban, bej\u00e1rati utakon \u00e9s ak\u00e1r tet\u0151teraszon is az alkalmazottak biztons\u00e1ga \u00e9rdek\u00e9ben munkaid\u0151n t\u00fal.<\/p>\n\n\n\n<p>A nagykereskedelmi vonzer\u0151 a k\u00f6vetkezetess\u00e9gben rejlik\u2014az ingatlankezel\u0151k szeretn\u00e9nek egys\u00e9ges l\u00e1mpatesteket t\u00f6bb helysz\u00ednen an\u00e9lk\u00fcl, hogy besz\u00e1ll\u00edt\u00f3kkal vagy specifik\u00e1ci\u00f3kkal kellene foglalkozniuk.<\/p>\n\n\n\n<h3 class=\"wp-block-heading\" id=\"contractors-prefer-pre-tested-bulk-units\">V\u00e1llalkoz\u00f3k El\u0151nyben R\u00e9szes\u00edtik az El\u0151tesztelt Nagybani Egys\u00e9geket<\/h3>\n\n\n\n<p>Az \u00e9p\u00edt\u0151csapatok szeretik b\u00e1rmit, ami id\u0151t takar\u00edt meg az \u00f6sszeszerel\u00e9sben:<\/p>\n\n\n\n<p>\u2022 Az el\u0151re vezet\u00e9kelt k\u00e9szletek majdnem a fel\u00e9re cs\u00f6kkentik a telep\u00edt\u00e9si munk\u00e1t a testreszabott be\u00e1ll\u00edt\u00e1sokhoz k\u00e9pest.<br>\u2022 A tan\u00fas\u00edtott IP65 besorol\u00e1s kik\u00fcsz\u00f6b\u00f6li a tal\u00e1lgat\u00e1sokat az ellen\u0151rz\u00e9sek vagy auditok sor\u00e1n.<\/p>\n\n\n\n<p>\u00c9s legy\u00fcnk \u0151szint\u00e9k\u2014amikor egyszerre telep\u00edtesz tucatokat szoros hat\u00e1rid\u0151vel? Valami bizony\u00edtottat akarsz, nem k\u00eds\u00e9rleti jelleg\u0171t.<\/p>\n\n\n\n<h3 class=\"wp-block-heading\" id=\"builders-shift-focus-toward-long-term-cost-efficiency\">\u00c9p\u00edt\u0151k \u00c1t\u00e1llnak Hossz\u00fa T\u00e1v\u00fa K\u00f6lts\u00e9ghat\u00e9konys\u00e1gra<\/h3>\n\n\n\n<p>A r\u00f6vid t\u00e1v\u00fa \u00e1rk\u00e9pz\u00e9si sokk gyorsan elm\u00falik, ha t\u00e1volabb n\u00e9z\u00fcnk:<\/p>\n\n\n\n<p>\u2013 Kezdeti beruh\u00e1z\u00e1s magasabb, mint az alap halog\u00e9nek\u00e9\u2026 de a tart\u00f3ss\u00e1g is az.<br>\u2013 Nincs rozsda = kevesebb csere = alacsonyabb hossz\u00fa t\u00e1v\u00fa karbantart\u00e1si k\u00f6lts\u00e9gek.<br>\u2013 Telep\u00edt\u00e9si megtakar\u00edt\u00e1sok \u00f6sszead\u00f3dnak a megb\u00edzhat\u00f3 nagykereskedelmi forr\u00e1sok, p\u00e9ld\u00e1ul az MG Lighting kedvezm\u00e9nyes csomagaj\u00e1nlataival (<em>csak egyszer eml\u00edtve<\/em>).<\/p>\n\n\n\n<p>Az fejleszt\u0151k, akik t\u00f6bb\u00e9ves megt\u00e9r\u00fcl\u00e9si g\u00f6rb\u00e9ket n\u00e9znek, nem pedig gyors elad\u00e1sokra t\u00f6rekednek, ez a matek egyszer\u0171bben m\u0171k\u00f6dik.<\/p>\n\n\n\n<h3 class=\"wp-block-heading\" id=\"weatherproof-ratings-now-influence-buyer-decisions-more-than-ever\">Az id\u0151j\u00e1r\u00e1s\u00e1ll\u00f3 besorol\u00e1sok most jobban befoly\u00e1solj\u00e1k a v\u00e1s\u00e1rl\u00f3i d\u00f6nt\u00e9seket, mint valaha<\/h3>\n\n\n\n<p>R\u00f6viden h\u00e1rom t\u00e9nyre bontjuk:<\/p>\n\n\n\n<p>1\ufe0f\u20e3 V\u00e1s\u00e1rl\u00f3k most m\u00e1r a behatol\u00e1sv\u00e9delmi szintekr\u0151l k\u00e9rdeznek, miel\u0151tt a wattokr\u00f3l vagy <strong>sz\u00ednh\u0151m\u00e9rs\u00e9klet<\/strong>.<br>2\ufe0f\u20e3 Az \u00e1rad\u00e1sra vagy er\u0151s es\u0151s id\u0151szakokra hajlamos r\u00e9gi\u00f3kban az elad\u00e1sok majdnem megdupl\u00e1z\u00f3dnak a sz\u00e1raz z\u00f3n\u00e1khoz k\u00e9pest.<br>3\ufe0f\u20e3 Az IP besorol\u00e1ssal k\u00f6zvetlen\u00fcl \u00f6sszekapcsolt k\u00fclt\u00e9ri vil\u00e1g\u00edt\u00e1si garanci\u00e1k egyre ink\u00e1bb a standard gyakorlat r\u00e9szei a legjobb gy\u00e1rt\u00f3k k\u00f6r\u00e9ben.<\/p>\n\n\n\n<p>Az a kis \u201cIP65\u201d pecs\u00e9t? T\u00f6bbet \u00e9r, mint valaha\u2014\u00e9s az okos v\u00e1s\u00e1rl\u00f3k tudj\u00e1k, hogy ez nyugalmat ad nyom\u00e1s alatt.<\/p>\n\n\n\n<h3 class=\"wp-block-heading\" id=\"urban-planners-embrace-uniform-lighting-standards\">V\u00e1rostervez\u0151k elfogadj\u00e1k az egys\u00e9ges vil\u00e1g\u00edt\u00e1si szabv\u00e1nyokat<\/h3>\n\n\n\n<p>A v\u00e1rostervez\u0151knek is megvannak az okai:<\/p>\n\n\n\n<p>\u2022 Az egys\u00e9ges modellek megk\u00f6nny\u00edtik a beszerz\u00e9st az oszt\u00e1lyok k\u00f6z\u00f6tt\u2014a parkokt\u00f3l a k\u00f6zleked\u00e9si csom\u00f3pontokig.<br>\u2022 A hossz\u00fa \u00e9lettartam\u00fa LED-ek kevesebb zavar\u00f3 t\u00e9nyez\u0151t jelentenek, amit a karbantart\u00f3 csapatok a h\u00e9tk\u00f6znapi csere sor\u00e1n okozn\u00e1nak.<br>\u2022 A vizu\u00e1lis harm\u00f3nia sz\u00e1m\u00edt\u2014az egys\u00e9ges l\u00e1mpatestek tiszt\u00e1bb l\u00e1t\u00f3vonalakat teremtenek a v\u00e1rosi tervekben.<\/p>\n\n\n\n<p>Olyan helyeken, ahol az eszt\u00e9tika \u00e9s a hasznoss\u00e1g szorosan \u00f6sszefon\u00f3dik\u2014p\u00e9ld\u00e1ul terek vagy nyilv\u00e1nos s\u00e9t\u00e1nyok\u2014a megfelel\u0151 f\u00e9ny minden k\u00fcl\u00f6nbs\u00e9get jelenthet a felejthet\u0151 \u00e9s az ikonikus tervez\u00e9si d\u00f6nt\u00e9sek k\u00f6z\u00f6tt.<\/p>\n\n\n\n<h2 class=\"wp-block-heading\" id=\"key-factors-in-successful-led-step-light-procurement\">Kulcsfontoss\u00e1g\u00fa t\u00e9nyez\u0151k a sikeres LED l\u00e9pcs\u0151f\u00e9ny beszerz\u00e9s\u00e9ben<\/h2>\n\n\n\n<figure class=\"wp-block-image size-large\"><img decoding=\"async\" width=\"800\" height=\"800\" src=\"https:\/\/ledsteplight.com\/wp-content\/uploads\/2025\/10\/image-10-800x800.png\" alt=\"Kulcsfontoss\u00e1g\u00fa t\u00e9nyez\u0151k a sikeres LED l\u00e9pcs\u0151f\u00e9ny beszerz\u00e9s\u00e9ben\" class=\"wp-image-38351\" srcset=\"https:\/\/ledsteplight.com\/wp-content\/uploads\/2025\/10\/image-10-800x800.png 800w, https:\/\/ledsteplight.com\/wp-content\/uploads\/2025\/10\/image-10-300x300.png 300w, https:\/\/ledsteplight.com\/wp-content\/uploads\/2025\/10\/image-10-150x150.png 150w, https:\/\/ledsteplight.com\/wp-content\/uploads\/2025\/10\/image-10-768x768.png 768w, https:\/\/ledsteplight.com\/wp-content\/uploads\/2025\/10\/image-10-600x600.png 600w, https:\/\/ledsteplight.com\/wp-content\/uploads\/2025\/10\/image-10.png 1024w\" sizes=\"(max-width: 800px) 100vw, 800px\" \/><\/figure>\n\n\n\n<p>Megtal\u00e1lni a megfelel\u0151 be\u00e1ll\u00edt\u00e1st a l\u00e9pcs\u0151vil\u00e1g\u00edt\u00e1sodhoz? R\u00e9szletesen bontsuk ki, hogy ne ragadj be gyenge, dr\u00e1ga felszerel\u00e9shez.<\/p>\n\n\n\n<h3 class=\"wp-block-heading\" id=\"choosing-the-right-material-stainless-steel-vs-die-cast-aluminum\">A megfelel\u0151 anyag kiv\u00e1laszt\u00e1sa: rozsdamentes ac\u00e9l vs. \u00f6nt\u00f6tt alum\u00ednium<\/h3>\n\n\n\n<p>V\u00e1laszt\u00e1s k\u00f6z\u00f6tt\u00a0<strong>rozsdamentes ac\u00e9l<\/strong>\u00a0\u00e9s\u00a0<strong><a href=\"https:\/\/ledsteplight.com\/hu\/shop\/die-cast-aluminum\/\" data-type=\"product_tag\" data-id=\"142\">\u00f6nt\u00f6tt alum\u00ednium<\/a><\/strong>\u00a0nem csak egy szerencsej\u00e1t\u00e9k \u2013 arr\u00f3l sz\u00f3l, hol telep\u00edted \u00e9s milyen ig\u00e9nybev\u00e9telnek lesz kit\u00e9ve a szerelv\u00e9ny.<\/p>\n\n\n\n<ul class=\"wp-block-list\">\n<li><strong>Korr\u00f3zi\u00f3\u00e1ll\u00f3s\u00e1g:<\/strong>\u00a0A rozsdamentes ac\u00e9l jobban b\u00edrja a nedves vagy part menti k\u00f6rnyezetet.<\/li>\n\n\n\n<li><strong>S\u00falyel\u0151ny:<\/strong>\u00a0Az \u00f6nt\u00f6tt alum\u00ednium k\u00f6nnyebb, \u00edgy k\u00f6nnyebben szerelhet\u0151 \u00e9rz\u00e9keny fel\u00fcletekre.<\/li>\n\n\n\n<li><strong>K\u00f6lts\u00e9g t\u00e9nyez\u0151:<\/strong>\u00a0Az alum\u00ednium \u00e1ltal\u00e1ban k\u00f6lts\u00e9ghat\u00e9konyabb, k\u00fcl\u00f6n\u00f6sen nagy mennyis\u00e9g rendel\u00e9se eset\u00e9n.<\/li>\n\n\n\n<li><strong>Eszt\u00e9tikai vonzer\u0151:<\/strong>\u00a0A kef\u00e9lt rozsdamentes ac\u00e9l pr\u00e9mium \u00e9rzetet kelt; az alum\u00ednium t\u00f6bb fel\u00fcletkezel\u00e9si lehet\u0151s\u00e9get k\u00edn\u00e1l.<\/li>\n\n\n\n<li><strong>Tart\u00f3ss\u00e1gi szempont:<\/strong>\u00a0Az ac\u00e9l er\u0151ss\u00e9gben nyer, de az alum\u00ednium jobban eloszlatja a h\u0151t \u2013 ide\u00e1lis sz\u0171k burkolatokhoz.<\/li>\n<\/ul>\n\n\n\n<p>Ha k\u00fclt\u00e9ri IP-min\u0151s\u00edtett l\u00e9pcs\u0151f\u00e9nyek futtat\u00e1s\u00e1t tervezed, vedd figyelembe, hogyan kezelik ezeket a k\u00e9t anyagot az id\u0151 \u00e9s az id\u0151j\u00e1r\u00e1s szempontj\u00e1b\u00f3l.<\/p>\n\n\n\n<h3 class=\"wp-block-heading\" id=\"12v-dc-vs-24v-dc-vs-universal-voltage\">12V DC vs. 24V DC vs. Univerz\u00e1lis fesz\u00fclts\u00e9g<\/h3>\n\n\n\n<p>A fesz\u00fclts\u00e9g v\u00e1laszt\u00e1sa fontosabb, mint sokan gondolj\u00e1k, amikor alacsony profil\u00fa vil\u00e1g\u00edt\u00e1st, p\u00e9ld\u00e1ul be\u00e9p\u00edtett l\u00e9pcs\u0151 LED-eket \u00e1ll\u00edtasz be.<\/p>\n\n\n\n<figure class=\"wp-block-table\"><table class=\"has-fixed-layout\"><thead><tr><th>Fesz\u00fclts\u00e9gt\u00edpus<\/th><th>Ide\u00e1lis felhaszn\u00e1l\u00e1si eset<\/th><th>Maxim\u00e1lis t\u00e1vols\u00e1g an\u00e9lk\u00fcl, hogy fesz\u00fclts\u00e9ges\u00e9s lenne<\/th><th>Transzform\u00e1tor m\u00e9rete<\/th><\/tr><\/thead><tbody><tr><td><strong>12V DC<\/strong><\/td><td>Kis belt\u00e9ri fut\u00e1sok<\/td><td>~20 l\u00e1b<\/td><td>Kompakt<\/td><\/tr><tr><td><strong>24V DC<\/strong><\/td><td>Nagyobb telep\u00edt\u00e9sek<\/td><td>Ak\u00e1r ~50 l\u00e1b<\/td><td>K\u00f6zepes<\/td><\/tr><tr><td><strong>Univerz\u00e1lis bemenet<\/strong><\/td><td>Kereskedelmi \u00e9p\u00fcletek \u00e9s fel\u00faj\u00edt\u00e1sok<\/td><td>V\u00e1ltoz\u00f3<\/td><td>Be\u00e9p\u00edtett<\/td><\/tr><\/tbody><\/table><\/figure>\n\n\n\n<p>Az alacsony fesz\u00fclts\u00e9g\u0171 rendszerek biztons\u00e1gosabbak a gyalogos forgalom k\u00f6rnyezet\u00e9ben\u2014k\u00fcl\u00f6n\u00f6sen gyerekek eset\u00e9n\u2014de ha tucatnyi l\u00e1mp\u00e1t futtatsz hossz\u00fa folyos\u00f3kon vagy l\u00e9pcs\u0151h\u00e1zakban, a magasabb fesz\u00fclts\u00e9g kevesebb probl\u00e9m\u00e1t jelenthet az \u00e1ramvesztes\u00e9g miatt.<\/p>\n\n\n\n<h3 class=\"wp-block-heading\" id=\"selecting-perfect-color-temperature-for-indoor-stairs\">T\u00f6k\u00e9letes sz\u00ednh\u0151m\u00e9rs\u00e9klet kiv\u00e1laszt\u00e1sa belt\u00e9ri l\u00e9pcs\u0151kh\u00f6z<\/h3>\n\n\n\n<p><strong>Sz\u00ednh\u0151m\u00e9rs\u00e9klet<\/strong> nemcsak a kin\u00e9zetet befoly\u00e1solja\u2014hanem megv\u00e1ltoztatja, hogyan mozognak az emberek az \u00e9jszakai t\u00e9rben.<\/p>\n\n\n\n<p>Puha feh\u00e9r (~2700K) meleg hangulatot ad, de nem mindig mutatja j\u00f3l a l\u00e9pcs\u0151ket m\u00e9ly \u00e1rny\u00e9kokban. A semleges t\u00f3nusok (~3500K) egyens\u00falyt teremtenek a melegs\u00e9g \u00e9s a l\u00e1that\u00f3s\u00e1g k\u00f6z\u00f6tt\u2014kiv\u00e1l\u00f3ak modern bels\u0151 terekhez. A hideg feh\u00e9r (~5000K) tiszt\u00e1bb k\u00e9pet ad, de t\u00falzott haszn\u00e1lat eset\u00e9n klinikai \u00e9rzetet kelthet belt\u00e9ren.<\/p>\n\n\n\n<p>Illeszd a f\u00e9ny t\u00f3nus\u00e1t a padl\u00f3 sz\u00edn\u00e9hez is\u2014vil\u00e1gosabb fa fel\u00fcletekhez melegebb LED-ek illenek, m\u00edg s\u00f6t\u00e9tebb fel\u00fcletek hidegebb \u00e1rny\u00e9kok alatt jobban kiemelkednek.<\/p>\n\n\n\n<h3 class=\"wp-block-heading\" id=\"securing-factory-direct-pricing-and-bulk-discounts\">Gy\u00e1ri k\u00f6zvetlen \u00e1rak \u00e9s nagykereskedelmi kedvezm\u00e9nyek biztos\u00edt\u00e1sa<\/h3>\n\n\n\n<p>A t\u00f6meges IP-min\u0151s\u00edt\u00e9s\u0171 l\u00e9pcs\u0151f\u00e9nyek v\u00e1s\u00e1rl\u00e1sa nem csup\u00e1n a mennyis\u00e9gr\u0151l sz\u00f3l\u2014hanem arr\u00f3l, hogy meg\u00e9rtsd, hogyan m\u0171k\u00f6dnek a gy\u00e1rak a h\u00e1tt\u00e9rben.<\/p>\n\n\n\n<p>Kezdd azzal, hogy kapcsolatot \u00e9p\u00edtesz a k\u00fclf\u00f6ldi k\u00e9pvisel\u0151kkel\u2014\u0151k gyakran k\u00edn\u00e1lnak l\u00e9pcs\u0151f\u00e9nyek \u00e1rkedvezm\u00e9nyeket, miut\u00e1n el\u00e9rted a MOQ k\u00fcsz\u00f6b\u00f6t. Ezut\u00e1n id\u0151z\u00edtsd a rendel\u00e9seidet a gy\u00e1r szezonon k\u00edv\u00fcli id\u0151szakaira; az \u00e1rak cs\u00f6kkennek, amikor a kereslet lelassul a nagy \u00fcnnepek, p\u00e9ld\u00e1ul a Hold\u00faj\u00e9v ut\u00e1n.<\/p>\n\n\n\n<p>Majd ott van a csomagol\u00e1s konszolid\u00e1ci\u00f3ja\u2014ha t\u00f6bb modellt rendelsz egy besz\u00e1ll\u00edt\u00f3t\u00f3l, mint p\u00e9ld\u00e1ul az MG Lighting, a sz\u00e1ll\u00edtm\u00e1nyok \u00f6sszefog\u00e1sa drasztikusan cs\u00f6kkenti a sz\u00e1ll\u00edt\u00e1si k\u00f6lts\u00e9geket an\u00e9lk\u00fcl, hogy az egys\u00e9gsz\u00e1m vagy <strong>egyedi ig\u00e9nyekre<\/strong> rugalmass\u00e1g<\/p>\n\n\n\n<p>V\u00e9g\u00fcl mindig k\u00e9rdezd meg a garancia meghosszabb\u00edt\u00e1s\u00e1t a nagyobb t\u00e9telekhez k\u00f6tve; a min\u0151s\u00e9gellen\u0151rz\u00e9s javul, amikor a besz\u00e1ll\u00edt\u00f3k tudj\u00e1k, hogy hossz\u00fa t\u00e1von n\u00f6vekszik a rendel\u00e9seid sz\u00e1ma.<\/p>\n\n\n\n<h2 class=\"wp-block-heading\" id=\"5-steps-to-negotiating-favorable-wholesale-deals\">5 l\u00e9p\u00e9s a kedvez\u0151 nagykereskedelmi meg\u00e1llapod\u00e1sok el\u00e9r\u00e9s\u00e9hez<\/h2>\n\n\n\n<p>Az okos v\u00e1s\u00e1rl\u00e1s nem csak az \u00e1rakr\u00f3l sz\u00f3l\u2014hanem a m\u00e9retr\u0151l, tart\u00f3ss\u00e1gr\u00f3l \u00e9s gyorsas\u00e1gr\u00f3l. \u00cdme, hogyan z\u00e1rhatod le a t\u00f6k\u00e9letes \u00fczletet izzad\u00e1s n\u00e9lk\u00fcl.<\/p>\n\n\n\n<h3 class=\"wp-block-heading\" id=\"define-application-needs-and-material-preferences\">Alkalmaz\u00e1si ig\u00e9nyek \u00e9s anyagpreferenci\u00e1k meghat\u00e1roz\u00e1sa<\/h3>\n\n\n\n<figure class=\"wp-block-image size-large\"><img decoding=\"async\" width=\"800\" height=\"800\" src=\"https:\/\/ledsteplight.com\/wp-content\/uploads\/2025\/10\/image-11-800x800.png\" alt=\"5 l\u00e9p\u00e9s a kedvez\u0151 nagykereskedelmi meg\u00e1llapod\u00e1sok el\u00e9r\u00e9s\u00e9hez\" class=\"wp-image-38352\" srcset=\"https:\/\/ledsteplight.com\/wp-content\/uploads\/2025\/10\/image-11-800x800.png 800w, https:\/\/ledsteplight.com\/wp-content\/uploads\/2025\/10\/image-11-300x300.png 300w, https:\/\/ledsteplight.com\/wp-content\/uploads\/2025\/10\/image-11-150x150.png 150w, https:\/\/ledsteplight.com\/wp-content\/uploads\/2025\/10\/image-11-768x768.png 768w, https:\/\/ledsteplight.com\/wp-content\/uploads\/2025\/10\/image-11-600x600.png 600w, https:\/\/ledsteplight.com\/wp-content\/uploads\/2025\/10\/image-11.png 1024w\" sizes=\"(max-width: 800px) 100vw, 800px\" \/><\/figure>\n\n\n\n<p>\u2022 Ismerd meg&nbsp;<strong>alkalmaz\u00e1si t\u00edpusodat<\/strong>\u2014 belt\u00e9ri l\u00e9pcs\u0151h\u00e1z, k\u00fclt\u00e9ri j\u00e1rda vagy kereskedelmi folyos\u00f3? Ez a kiindul\u00f3pontod.<br>\u2022 V\u00e1lassz&nbsp;<strong>anyagok<\/strong>&nbsp;k\u00f6rnyezet alapj\u00e1n: alum\u00ednium korr\u00f3zi\u00f3\u00e1ll\u00f3s\u00e1g\u00e9rt, polikarbon\u00e1t \u00fct\u00e9s\u00e1ll\u00f3 z\u00f3n\u00e1khoz.<br>\u2022 Illeszd&nbsp;<strong>a szerelv\u00e9ny m\u00e9ret\u00e9t<\/strong>&nbsp;a telep\u00edt\u00e9si helyhez, hogy elker\u00fcld a t\u00falzott megvil\u00e1g\u00edt\u00e1st vagy a k\u00e9nyelmetlen illeszked\u00e9st.<\/p>\n\n\n\n<p>\u2192 P\u00e9ld\u00e1ul, ha vil\u00e1g\u00edt\u00e1sokat keres egy partszakaszhoz, v\u00e1lassz tengeri min\u0151s\u00e9g\u0171 alum\u00ednium h\u00e1zat UV-stabiliz\u00e1lt lencs\u00e9kkel. Nem minden l\u00e9pcs\u0151f\u00e9ny ugyan\u00fagy \u00e9p\u00fclt\u2014egyesek t\u00f6rnek nyom\u00e1s alatt (sz\u00f3 szerint).<\/p>\n\n\n\n<p>\u2192 Tipp: K\u00e9rdezd meg az elad\u00f3kat a term\u00e9k \u00e9letciklus-elv\u00e1r\u00e1sokr\u00f3l \u00e9s arr\u00f3l, hogyan b\u00edrj\u00e1k a v\u00e1ltoz\u00f3 h\u0151m\u00e9rs\u00e9kleteket, miel\u0151tt meg\u00e1llapodn\u00e1l valamiben.<\/p>\n\n\n\n<h3 class=\"wp-block-heading\" id=\"negotiate-color-temperature-and-voltage-options\">Sz\u00ednh\u0151m\u00e9rs\u00e9klet \u00e9s fesz\u00fclts\u00e9g opci\u00f3k egyeztet\u00e9se<\/h3>\n\n\n\n<ol class=\"wp-block-list\">\n<li>Kezdd azzal, hogy meghat\u00e1rozod, hol lesz a f\u00e9ny\u2014lak\u00e1sl\u00e9pcs\u0151k vagy ipari rakod\u00f3helyek?<\/li>\n\n\n\n<li>Haszn\u00e1ld ezt az inform\u00e1ci\u00f3t az ide\u00e1lis kiv\u00e1laszt\u00e1s\u00e1hoz\u00a0<strong><strong>sz\u00ednh\u0151m\u00e9rs\u00e9klet<\/strong><\/strong>:<\/li>\n<\/ol>\n\n\n\n<ul class=\"wp-block-list\">\n<li>Meleg feh\u00e9r (2700K\u20133000K) = otthonos hangulat.<\/li>\n\n\n\n<li>Semleges feh\u00e9r (3500K\u20134100K) = tiszta megjelen\u00e9s.<\/li>\n\n\n\n<li>H\u0171v\u00f6s feh\u00e9r (5000K+) = nagy l\u00e1that\u00f3s\u00e1g.<\/li>\n<\/ul>\n\n\n\n<ol class=\"wp-block-list\">\n<li>Er\u0151s\u00edtsd meg\u00a0<strong>fesz\u00fclts\u00e9g kompatibilit\u00e1st<\/strong>\u00a0az elektromos rendszer\u00e9vel\u2014ne felt\u00e9telezze, hogy az azonnal m\u0171k\u00f6dni fog.<\/li>\n\n\n\n<li>K\u00e9rdezze meg, hogy a dimmelhet\u0151 meghajt\u00f3k tartoz\u00e9kokk\u00e9nt vagy kieg\u00e9sz\u00edt\u0151k\u00e9nt el\u00e9rhet\u0151k-e.<\/li>\n<\/ol>\n\n\n\n<p>A rossz fesz\u00fclts\u00e9g el\u00e9ghet a l\u00e1mpatestekben; a rossz sz\u00ednh\u0151m\u00e9rs\u00e9klet t\u00f6nkreteheti a hangulatot. Ne hagyja, hogy ez megt\u00f6rt\u00e9njen, mert kihagyta ezt a besz\u00e9lget\u00e9st.<\/p>\n\n\n\n<h3 class=\"wp-block-heading\" id=\"compare-ip-ratings-and-durability-guarantees\">Hasonl\u00edtsa \u00f6ssze az IP besorol\u00e1sokat \u00e9s a tart\u00f3ss\u00e1gi garanci\u00e1kat<\/h3>\n\n\n\n<p>\ud83d\udca1 Az IP besorol\u00e1sok fontosabbak, mint sokan gondolj\u00e1k\u2014nemcsak sz\u00e1mok a m\u0171szaki adatlapokon.<\/p>\n\n\n\n<figure class=\"wp-block-table\"><table class=\"has-fixed-layout\"><thead><tr><th>IP besorol\u00e1s<\/th><th>V\u00e9delem ellen<\/th><th>Legjobb felhaszn\u00e1l\u00e1si eset<\/th><th>Tart\u00f3ss\u00e1gi megjegyz\u00e9s<\/th><\/tr><\/thead><tbody><tr><td>IP44<\/td><td>Fr\u00f6ccsen\u0151 v\u00edz<\/td><td>Belt\u00e9ri l\u00e9pcs\u0151h\u00e1zak<\/td><td>Alapvet\u0151 v\u00e9delem<\/td><\/tr><tr><td>IP65<\/td><td>V\u00edzsugarak \u00e9s por<\/td><td>K\u00fclt\u00e9ri j\u00e1rd\u00e1k<\/td><td>Magas tart\u00f3ss\u00e1g<\/td><\/tr><tr><td>IP67<\/td><td>Mer\u00fcl\u00e9sre k\u00e9sz<\/td><td>Medence melletti l\u00e9pcs\u0151k<\/td><td>Pr\u00e9mium min\u0151s\u00e9g\u0171 t\u00f6m\u00edt\u00e9s<\/td><\/tr><\/tbody><\/table><\/figure>\n\n\n\n<p>Egy 2024 els\u0151 negyed\u00e9vi Glob\u00e1lis Piaci \u00c1ttekint\u00e9s jelent\u00e9se szerint t\u00f6bb mint 68% kereskedelmi v\u00e1s\u00e1rl\u00f3 priorit\u00e1sk\u00e9nt kezeli<a href=\"https:\/\/ledsteplight.com\/hu\/bd035-42-led-in-ground-light-5w-ip65-wholesale-supplier\/\" data-type=\"product\" data-id=\"38130\">\u00a0<strong>IP65 besorol\u00e1s\u00fa vil\u00e1g\u00edt\u00e1s<\/strong><\/a>\u00a0amikor k\u00fclt\u00e9ri telep\u00edt\u00e9sekn\u00e9l v\u00e1s\u00e1rol, a glob\u00e1lis id\u0151j\u00e1r\u00e1si v\u00e1ltoz\u00e9konys\u00e1g n\u00f6veked\u00e9se miatt.<\/p>\n\n\n\n<p>Mindig ellen\u0151rizze k\u00e9tszer a garanci\u00e1lis felt\u00e9teleket is\u2014egy k\u00e9t \u00e9v garancia j\u00f3l hangzik, am\u00edg r\u00e1 nem j\u00f6n, hogy a versenyt\u00e1rsak standardk\u00e9nt \u00f6t \u00e9v fedezetet k\u00edn\u00e1lnak hasonl\u00f3 \u00e9p\u00fcletekn\u00e9l.<\/p>\n\n\n\n<h3 class=\"wp-block-heading\" id=\"leverage-oem-service-for-custom-packaging\">Haszn\u00e1lja az OEM Szolg\u00e1ltat\u00e1st az egyedi csomagol\u00e1shoz<\/h3>\n\n\n\n<p>Ossza k\u00e9t f\u0151 el\u0151nyre:<\/p>\n\n\n\n<p>\ud83d\udfe0 M\u00e1rkaidentit\u00e1s N\u00f6vel\u00e9se<\/p>\n\n\n\n<ul class=\"wp-block-list\">\n<li>Adj log\u00f3kat k\u00f6zvetlen\u00fcl a csomagol\u00f3kartonokra vagy az \u00fatmutat\u00f3 k\u00e9zik\u00f6nyvekre.<\/li>\n\n\n\n<li>Szem\u00e9lyre szabott dobozm\u00e9retez\u00e9ssel cs\u00f6kkentheti a sz\u00e1ll\u00edt\u00e1si t\u00e9rfogatot \u00e9s hossz\u00fa t\u00e1von k\u00f6lts\u00e9get takar\u00edthat meg.<\/li>\n<\/ul>\n\n\n\n<p>\ud83d\udfe2 Megfelel\u0151s\u00e9g \u00e9s Biztons\u00e1gi C\u00edmk\u00e9k<\/p>\n\n\n\n<ul class=\"wp-block-list\">\n<li>Gy\u0151z\u0151dj\u00f6n meg arr\u00f3l, hogy minden doboz megfelel a region\u00e1lis biztons\u00e1gi c\u00edmk\u00e9z\u00e9si szabv\u00e1nyoknak, mint p\u00e9ld\u00e1ul CE vagy UL jel\u00f6l\u00e9sek.<\/li>\n\n\n\n<li>Tartalmazzon QR-k\u00f3dokat, amelyek digit\u00e1lis telep\u00edt\u00e9si \u00fatmutat\u00f3khoz vagy garanciabejegyz\u00e9si oldalakhoz vezetnek.<\/li>\n<\/ul>\n\n\n\n<p>OEM testreszab\u00e1s nemcsak hi\u00fas\u00e1g\u2014ez strat\u00e9gia, amely st\u00edlusnak \u00e1lc\u00e1zza mag\u00e1t. Ha nagy t\u00e9telben tervez be\u00e9p\u00edtett l\u00e9pcs\u0151f\u00e9nyeket sz\u00e1ll\u00edtani vend\u00e9gl\u00e1t\u00f3 l\u00e1ncok vagy lak\u00f3\u00e9p\u00fcletek sz\u00e1m\u00e1ra, ez lehet az el\u0151ny\u00f6d m\u00e1s besz\u00e1ll\u00edt\u00f3kkal szemben, akik \u00e1ltal\u00e1nos barna dobozos egys\u00e9geket k\u00edn\u00e1lnak.<\/p>\n\n\n\n<h3 class=\"wp-block-heading\" id=\"finalize-payment-terms-and-fast-shipping-details\">Befejezni a fizet\u00e9si felt\u00e9teleket \u00e9s a gyors sz\u00e1ll\u00edt\u00e1s r\u00e9szleteit<\/h3>\n\n\n\n<p>R\u00f6vid tan\u00e1csok:<\/p>\n\n\n\n<p>\u2022 Mindig tiszt\u00e1zza a sz\u00e1ll\u00edt\u00e1si id\u0151ket\u2014k\u00e9rdezze meg, hogy a \u201ek\u00e9szre sz\u00e1ll\u00edt\u00e1s\u201d 48 \u00f3r\u00e1n bel\u00fcl vagy h\u00e9t munkanapon bel\u00fcl \u00e9rtend\u0151-e.<br>\u2022 Nyomjon r\u00e1 r\u00e9szleges el\u0151legfizet\u00e9si felt\u00e9teleket, ha a megrendel\u00e9s meghaladja a MOQ k\u00fcsz\u00f6b\u00f6t\u2014ez mindk\u00e9t f\u00e9l kock\u00e1zat\u00e1t cs\u00f6kkenti.<br>\u2022 K\u00e9rjen nyomon k\u00f6vet\u00e9si integr\u00e1ci\u00f3t az ERP rendszer\u00e9vel, hogy a logisztika ne v\u00e1ljon tal\u00e1lgat\u00e1ss\u00e1 a fizet\u00e9s ut\u00e1n.<\/p>\n\n\n\n<p>N\u00e9h\u00e1ny gy\u00e1r most \u00f6sszevont sz\u00e1ll\u00edt\u00e1st k\u00edn\u00e1l term\u00e9ksorozatok k\u00f6z\u00f6tt, mint p\u00e9ld\u00e1ul falmos\u00f3k \u00e9s l\u00e9pcs\u0151f\u00e9nyek\u2014ez a LEDinside Kutat\u00f3csoport 2024 m\u00e1jusi ipar\u00e1gi felm\u00e9r\u00e9se szerint ak\u00e1r 22% sz\u00e1ll\u00edt\u00e1si k\u00f6lts\u00e9get is cs\u00f6kkenthet.<\/p>\n\n\n\n<p>\u00c9s ne feledje, a v\u00e1mokm\u00e1nyok; semmi sem k\u00e9slelteti jobban a munkahelyet, mint a hi\u00e1nyos HS-k\u00f3dok a kik\u00f6t\u0151be \u00e9rkez\u00e9skor!<\/p>\n\n\n\n<h2 class=\"wp-block-heading\" id=\"facing-high-moq-leverage-ip65-led-step-light-wholesale\">Magas MOQ-val szembes\u00fcl? Haszn\u00e1lja ki az IP65 LED l\u00e9pcs\u0151f\u00e9ny nagykereskedelm\u00e9t<\/h2>\n\n\n\n<p>A magas minim\u00e1lis rendel\u00e9si mennyis\u00e9gek nem kell, hogy akad\u00e1lyt jelentsenek. \u00cdme, hogyan dolgozhatnak okos vil\u00e1g\u00edt\u00e1s v\u00e1s\u00e1rl\u00f3k ezekkel an\u00e9lk\u00fcl, hogy megv\u00e1gj\u00e1k a sarkokat.<\/p>\n\n\n\n<h3 class=\"wp-block-heading\" id=\"bundled-deals-secure-bulk-discounts-on-polycarbonate-models\">Csomagolt aj\u00e1nlatok: Biztos\u00edtson t\u00f6meges kedvezm\u00e9nyeket polikarbon\u00e1t modellekre<\/h3>\n\n\n\n<figure class=\"wp-block-image size-large\"><img decoding=\"async\" width=\"800\" height=\"800\" src=\"https:\/\/ledsteplight.com\/wp-content\/uploads\/2025\/10\/image-12-800x800.png\" alt=\"Magas MOQ-val szembes\u00fcl? Haszn\u00e1lja ki az IP65 LED l\u00e9pcs\u0151f\u00e9ny nagykereskedelm\u00e9t\" class=\"wp-image-38353\" srcset=\"https:\/\/ledsteplight.com\/wp-content\/uploads\/2025\/10\/image-12-800x800.png 800w, https:\/\/ledsteplight.com\/wp-content\/uploads\/2025\/10\/image-12-300x300.png 300w, https:\/\/ledsteplight.com\/wp-content\/uploads\/2025\/10\/image-12-150x150.png 150w, https:\/\/ledsteplight.com\/wp-content\/uploads\/2025\/10\/image-12-768x768.png 768w, https:\/\/ledsteplight.com\/wp-content\/uploads\/2025\/10\/image-12-600x600.png 600w, https:\/\/ledsteplight.com\/wp-content\/uploads\/2025\/10\/image-12.png 1024w\" sizes=\"(max-width: 800px) 100vw, 800px\" \/><\/figure>\n\n\n\n<p>\u25cf&nbsp;<strong>Polikarbon\u00e1t szerelv\u00e9nyek<\/strong>&nbsp;kem\u00e9nyek, k\u00f6nny\u0171ek, \u00e9s t\u00f6k\u00e9letesek nagy volumen\u0171 megrendel\u00e9sekhez<br>\u25cf Csomagban v\u00e1s\u00e1rl\u00e1s cs\u00f6kkenti az egys\u00e9gk\u00f6lts\u00e9get\u2014ide\u00e1lis k\u00f6lts\u00e9gvet\u00e9s-tudatos projektekhez<br>\u25cf MG Lighting szintenk\u00e9nti \u00e1rk\u00e9pz\u00e9st k\u00edn\u00e1l, amely nagyobb v\u00e1s\u00e1rl\u00e1sok eset\u00e9n jelent\u0151s kedvezm\u00e9nyeket ny\u00fajt<\/p>\n\n\n\n<p>Szeretne el\u00e9rni a MOQ c\u00e9lokat an\u00e9lk\u00fcl, hogy t\u00fal sok k\u00e9szletet halmozn\u00e1nak fel? V\u00e1lassza a csomagolt megold\u00e1st. Ezek a tart\u00f3s modellek hossz\u00fa t\u00e1v\u00fa haszn\u00e1latra k\u00e9sz\u00fcltek, \u00e9s olyan \u00e1rakat k\u00edn\u00e1lnak, amelyek megnevettetik a k\u00f6nyvel\u0151ket.<\/p>\n\n\n\n<h3 class=\"wp-block-heading\" id=\"mix-and-match-warm-white-and-cool-white-fixtures\">Keverje \u00e9s p\u00e1ros\u00edtsa meleg feh\u00e9r \u00e9s hideg feh\u00e9r szerelv\u00e9nyeket<\/h3>\n\n\n\n<ol class=\"wp-block-list\">\n<li>A meleg feh\u00e9r otthonos, hangulatos l\u00e9gk\u00f6rt ad\u2014ide\u00e1lis lak\u00f3terekhez vagy vend\u00e9gl\u00e1t\u00f3helyekhez<\/li>\n\n\n\n<li>A hideg feh\u00e9r tisztas\u00e1got \u00e9s f\u00e9nyess\u00e9get hoz\u2014t\u00f6k\u00e9letes kereskedelmi s\u00e9t\u00e1nyokhoz vagy l\u00e9pcs\u0151kh\u00f6z<\/li>\n\n\n\n<li>Mindk\u00e9t t\u00f3nus kever\u00e9se egy megrendel\u00e9sben lehet\u0151v\u00e9 teszi az \u00e1ruk\u00e9szlet diverzifik\u00e1l\u00e1s\u00e1t, mik\u00f6zben megfelel a MOQ k\u00fcsz\u00f6b\u00f6knek<\/li>\n<\/ol>\n\n\n\n<p>A sz\u00ednh\u0151m\u00e9rs\u00e9kletek kever\u00e9se nemcsak eszt\u00e9tikai k\u00e9rd\u00e9s\u2014ez egy praktikus m\u00f3dja annak, hogy az alakot a funkci\u00f3val egyens\u00falyba hozza, mik\u00f6zben betartja a rendel\u00e9si korl\u00e1tokat.<\/p>\n\n\n\n<h3 class=\"wp-block-heading\" id=\"custom-packaging-to-optimize-moq-compliance\">Egyedi csomagol\u00e1s a MOQ megfelel\u00e9s optimaliz\u00e1l\u00e1s\u00e1hoz<\/h3>\n\n\n\n<p>Csoportos term\u00e9kstrat\u00e9gia:<\/p>\n\n\n\n<ul class=\"wp-block-list\">\n<li><strong>Egyedi csomagol\u00e1s<\/strong>\u00a0egyes\u00edtheti t\u00f6bb modellt egy SKU-ba<\/li>\n\n\n\n<li>Lehet\u0151v\u00e9 teszi k\u00fcl\u00f6nb\u00f6z\u0151 watt\u00e9rt\u00e9kek vagy fel\u00fcletek kever\u00e9s\u00e9t egy k\u00fcls\u0151 doboz kialak\u00edt\u00e1s alatt<\/li>\n\n\n\n<li>Cs\u00f6kkenti a rakt\u00e1rk\u00e9szlet rendetlens\u00e9g\u00e9t az\u00e1ltal, hogy egyszer\u0171s\u00edti a t\u00e1rol\u00e1si m\u00e9reteket<\/li>\n<\/ul>\n\n\n\n<p>M\u00e1rk\u00e1z\u00e1si k\u00e9p er\u0151s\u00edt\u00e9se:<\/p>\n\n\n\n<ul class=\"wp-block-list\">\n<li>Testreszabott csomagol\u00e1s fokozza a kibont\u00e1si \u00e9lm\u00e9nyt<\/li>\n\n\n\n<li>Fenntartja a term\u00e9k bemutat\u00e1s\u00e1t egys\u00e9gesen minden csatorn\u00e1n<\/li>\n\n\n\n<li>Seg\u00edt a kis viszontelad\u00f3knak pr\u00e9miumabbnak t\u0171nni extra k\u00f6lts\u00e9g n\u00e9lk\u00fcl<\/li>\n<\/ul>\n\n\n\n<p>MOQ megfelel\u00e9s m\u00e1r nem jelenti a unalmas dobozokat. Okos csomagol\u00e1si strat\u00e9gi\u00e1k most a logisztikai hat\u00e9konys\u00e1got \u00f6tv\u00f6zik a polc vonzerej\u00e9vel.<\/p>\n\n\n\n<h3 class=\"wp-block-heading\" id=\"why-polycarbonate-outperforms-metal-in-bulk-orders\">Mi\u00e9rt teljes\u00edt jobban a polikarbon\u00e1t a t\u00f6meges megrendel\u00e9sekn\u00e9l, mint a f\u00e9m<\/h3>\n\n\n\n<p>Ellent\u00e9tben a f\u00e9m burkolatokkal, amelyek n\u00f6velik a s\u00falyt \u00e9s dr\u00e1g\u00edtj\u00e1k a sz\u00e1ll\u00edt\u00e1st,\u00a0<strong><a href=\"https:\/\/ledsteplight.com\/hu\/ip67-waterproof-led-ground-lights-easy-garden-lighting-solutions\/\" data-type=\"post\" data-id=\"38301\">polikarbon\u00e1t h\u00e1zak<\/a><\/strong>\u00a0ny\u00fajtanak egy el\u0151nyt:<\/p>\n\n\n\n<p>\u2022 Ellen\u00e1llnak az \u00fct\u00e9snek, m\u00e9gis k\u00f6nny\u0171ek \u2013 nyeres\u00e9g a sz\u00e1ll\u00edt\u00e1si k\u00f6lts\u00e9gek szempontj\u00e1b\u00f3l<br>\u2022 UV-stabil anyagok megakad\u00e1lyozz\u00e1k a s\u00e1rgul\u00e1st id\u0151vel, \u00edgy a telep\u00edt\u00e9sek frissek maradnak<br>\u2022 Alacsonyabb gy\u00e1rt\u00e1si k\u00f6lts\u00e9gek jobb \u00e1rr\u00e9st tesznek lehet\u0151v\u00e9 nagy t\u00e9telben t\u00f6rt\u00e9n\u0151 rendel\u00e9s eset\u00e9n<\/p>\n\n\n\n<p>B\u00e1rki, aki n\u00f6veli vil\u00e1g\u00edt\u00e1si szintj\u00e9t, a polikarbon\u00e1t a nyilv\u00e1nval\u00f3 anyagv\u00e1laszt\u00e1s, amikor a volumen a legfontosabb.<\/p>\n\n\n\n<h3 class=\"wp-block-heading\" id=\"color-temperature-preferences-by-market-region\">Sz\u00ednh\u0151m\u00e9rs\u00e9kleti preferenci\u00e1k piaci r\u00e9gi\u00f3nk\u00e9nt<\/h3>\n\n\n\n<figure class=\"wp-block-table\"><table class=\"has-fixed-layout\"><thead><tr><th>R\u00e9gi\u00f3<\/th><th>El\u0151nyben r\u00e9szes\u00edtett t\u00f3nus<\/th><th>Alkalmaz\u00e1si f\u00f3kusz<\/th><th>\u00c1tlagos rendel\u00e9si m\u00e9ret<\/th><\/tr><\/thead><tbody><tr><td>\u00c9szak-Amerika<\/td><td>H\u0171v\u00f6s feh\u00e9r<\/td><td>Kereskedelmi l\u00e9pcs\u0151h\u00e1zak<\/td><td>1200 egys\u00e9g<\/td><\/tr><tr><td>Eur\u00f3pa<\/td><td>Meleg Feh\u00e9r<\/td><td>Boutique Sz\u00e1llod\u00e1k<\/td><td>850 egys\u00e9g<\/td><\/tr><tr><td>D\u00e9lkelet-\u00c1zsia<\/td><td>Vegyes<\/td><td>Lak\u00f3k\u00f6z\u00f6ss\u00e9gek<\/td><td>1500 egys\u00e9g<\/td><\/tr><tr><td>K\u00f6z\u00e9p-Kelet<\/td><td>H\u0171v\u00f6s feh\u00e9r<\/td><td>K\u00fclt\u00e9ri \u00datvonalak<\/td><td>1000 egys\u00e9g<\/td><\/tr><\/tbody><\/table><\/figure>\n\n\n\n<p>A region\u00e1lis preferenci\u00e1k meg\u00e9rt\u00e9se seg\u00edt okosan szem\u00e9lyre szabni a nagy t\u00e9telben t\u00f6rt\u00e9n\u0151 rendel\u00e9seket\u2014\u00e9s elker\u00fclni, hogy a vil\u00e1g m\u00e1sik fel\u00e9n eladatlan k\u00e9szletek halmoz\u00f3djanak fel.<\/p>\n\n\n\n<h3 class=\"wp-block-heading\" id=\"avoiding-overstock-while-meeting-moq-requirements\">T\u00falzott k\u00e9szlet felhalmoz\u00e1s\u00e1nak elker\u00fcl\u00e9se a MOQ k\u00f6vetelm\u00e9nyek betart\u00e1s\u00e1val<\/h3>\n\n\n\n<p>R\u00f6vid szegmensek pillanatk\u00e9pe:<\/p>\n\n\n\n<p>\u2013 Ne csak t\u00f6bbet v\u00e1s\u00e1rolj\u2014okosabban v\u00e1s\u00e1rolj az SKU-k negyed\u00e9ves forgat\u00e1s\u00e1val<br>\u2013 Haszn\u00e1ld az el\u0151rendel\u00e9si \u00e9rdekl\u0151d\u00e9si adatokat a k\u00f6vetkez\u0151 nagyobb v\u00e1s\u00e1rl\u00e1s ir\u00e1ny\u00edt\u00e1s\u00e1ra<br>\u2013 Partners\u00e9g kialak\u00edt\u00e1sa kivitelez\u0151kkel, akiknek ism\u00e9tl\u0151d\u0151 sz\u00e1ll\u00edt\u00e1sokra van sz\u00fcks\u00e9g\u00fck, \u00edgy id\u0151vel feloszthatod a nagy t\u00e9tel\u0171 rendel\u00e9seket<\/p>\n\n\n\n<p>A holt k\u00e9szlet elker\u00fcl\u00e9se az id\u0151z\u00edt\u00e9sen \u00e9s strat\u00e9gi\u00e1n m\u00falik\u2014nem csak er\u0151szakos v\u00e1s\u00e1rl\u00e1son.<\/p>\n\n\n\n<h3 class=\"wp-block-heading\" id=\"how-mg-lighting-helps-you-navigate-moq-hassles-smoothly\">Hogyan seg\u00edt az MG Lighting k\u00f6nnyed\u00e9n kezelni a MOQ probl\u00e9m\u00e1kat<\/h3>\n\n\n\n<p>Csoport A \u2013 Term\u00e9kk\u00f6lts\u00e9g rugalmass\u00e1ga:<br>\u2713 Keverhet\u0151 sz\u00ednh\u0151m\u00e9rs\u00e9kletek enged\u00e9lyez\u00e9se kartononk\u00e9nt<br>\u2713 Modularis l\u00e1mpatest lehet\u0151s\u00e9gek v\u00e1ltozatos alkalmaz\u00e1sokhoz alkalmazkodva<\/p>\n\n\n\n<p>Csoport B \u2013 Logisztikai t\u00e1mogat\u00e1s:<br>\u2713 Egyedi c\u00edmk\u00e9z\u00e9s el\u00e9rhet\u0151 mag\u00e1nm\u00e1rk\u00e1z\u00e1si ig\u00e9nyekhez<br>\u2713 Konszolid\u00e1lt sz\u00e1ll\u00edt\u00e1s cs\u00f6kkenti az v\u00e1mkezel\u00e9si probl\u00e9m\u00e1kat<\/p>\n\n\n\n<p>Csoport C \u2013 P\u00e9nz\u00fcgyi el\u0151ny\u00f6k:<br>\u2713 T\u00e9rfogatra alapozott kedvezm\u00e9nyek \u00e9ves c\u00e9lok el\u00e9r\u00e9se ut\u00e1n<br>\u2713 Halasztott fizet\u00e9si felt\u00e9telek el\u00e9rhet\u0151k ellen\u0151rz\u00f6tt partnerek sz\u00e1m\u00e1ra<\/p>\n\n\n\n<p>MG Lighting nemcsak l\u00e1mp\u00e1kat \u00e1rus\u00edt\u2014seg\u00edt \u00fcgyfeleinek elker\u00fclni a tipikus nagykereskedelmi probl\u00e9m\u00e1kat, mint p\u00e9ld\u00e1ul a MOQ-k, rugalmas programokat k\u00edn\u00e1lva, amelyek a val\u00f3 \u00e9let ig\u00e9nyeihez igazodnak.<\/p>\n\n\n\n<h2 class=\"wp-block-heading\" id=\"outdoor-staircases-best-ip65-led-step-light-solutions\">K\u00fclt\u00e9ri l\u00e9pcs\u0151k: Legjobb IP65 LED l\u00e9pcs\u0151f\u00e9ny megold\u00e1sok<\/h2>\n\n\n\n<p>Ez az \u00fatmutat\u00f3 bemutatja az intelligens vil\u00e1g\u00edt\u00e1s kiv\u00e1laszt\u00e1s\u00e1t k\u00fclt\u00e9ri l\u00e9pcs\u0151kh\u00f6z\u2014biztons\u00e1gos, st\u00edlusos \u00e9s id\u0151j\u00e1r\u00e1s\u00e1ll\u00f3. Vil\u00e1g\u00edtsuk meg a dolgokat helyesen.<\/p>\n\n\n\n<h3 class=\"wp-block-heading\" id=\"deck-lighting-durable-die-cast-aluminum-fixtures\">Teraszvil\u00e1g\u00edt\u00e1s: Tart\u00f3s \u00f6nt\u00f6tt alum\u00ednium l\u00e1mpatestek<\/h3>\n\n\n\n<figure class=\"wp-block-image size-large\"><img decoding=\"async\" width=\"800\" height=\"800\" src=\"https:\/\/ledsteplight.com\/wp-content\/uploads\/2025\/10\/image-13-800x800.png\" alt=\"K\u00fclt\u00e9ri l\u00e9pcs\u0151k: Legjobb IP65 LED l\u00e9pcs\u0151f\u00e9ny megold\u00e1sok\" class=\"wp-image-38354\" srcset=\"https:\/\/ledsteplight.com\/wp-content\/uploads\/2025\/10\/image-13-800x800.png 800w, https:\/\/ledsteplight.com\/wp-content\/uploads\/2025\/10\/image-13-300x300.png 300w, https:\/\/ledsteplight.com\/wp-content\/uploads\/2025\/10\/image-13-150x150.png 150w, https:\/\/ledsteplight.com\/wp-content\/uploads\/2025\/10\/image-13-768x768.png 768w, https:\/\/ledsteplight.com\/wp-content\/uploads\/2025\/10\/image-13-600x600.png 600w, https:\/\/ledsteplight.com\/wp-content\/uploads\/2025\/10\/image-13.png 1024w\" sizes=\"(max-width: 800px) 100vw, 800px\" \/><\/figure>\n\n\n\n<p>\u2022&nbsp;<strong>\u00f6ntv\u00e9ny alum\u00ednium<\/strong>&nbsp;A l\u00e1mp\u00e1k kedvencek teraszokra, mert nem rozsd\u00e1sodnak \u00e9s j\u00f3l b\u00edrj\u00e1k az es\u0151t.<br>\u2022 Ezek a l\u00e1mp\u00e1k h\u0171v\u00f6sebbek, mint a m\u0171anyag modellek, ami hosszabb \u00e9lettartamot eredm\u00e9nyez.<br>\u2022 A fel\u00fclethez simul\u00f3 felszerel\u00e9s eleg\u00e1ns \u00e9s balesetmentes megold\u00e1s.<\/p>\n\n\n\n<ol class=\"wp-block-list\">\n<li>fel\u00e1ldoz\u00e1s\u00e1val j\u00e1rna. <strong>be\u00e1gyazott szerel\u00e9s<\/strong> Egyszer\u0171en telep\u00edthet\u0151<\/li>\n\n\n\n<li>Kompatibilis mind az AC, mind az alacsony fesz\u00fclts\u00e9g\u0171 DC \u00e1ramell\u00e1t\u00f3 rendszerekkel.<\/li>\n\n\n\n<li>Ide\u00e1lis fa, kompozit vagy beton teraszanyagokhoz.<\/li>\n<\/ol>\n\n\n\n<p>\u2611\ufe0f UV-fakul\u00e1snak \u00e9s s\u00f3permetnek ellen\u00e1ll\u00f3\u2014t\u00f6k\u00e9letes medenc\u00e9k vagy partszakaszok k\u00f6zel\u00e9ben.<\/p>\n\n\n\n<p>Ez a kem\u00e9ny fel\u00fclet nemcsak j\u00f3l n\u00e9z ki\u2014\u00e9vekig b\u00edrja a gyalogos forgalmat \u00e9s az \u00e9vszakok v\u00e1ltakoz\u00e1s\u00e1t, an\u00e9lk\u00fcl, hogy megizzadna.<\/p>\n\n\n\n<p>R\u00f6vid f\u00e9nykit\u00f6r\u00e9sek p\u00e1ros\u00edtva finom burkolattal ezeket a l\u00e1mp\u00e1kat nappal a fed\u00e9lzetbe olvasztj\u00e1k, de \u00e9jszaka kiemelik, amikor a legink\u00e1bb sz\u00fcks\u00e9ged van r\u00e1juk. Szil\u00e1rd szerkezet\u00fck t\u00f6k\u00e9letesv\u00e9 teszi \u0151ket&nbsp;<strong>IP65-\u00f6s besorol\u00e1s\u00fa<\/strong>&nbsp;alkalmaz\u00e1sokhoz, ahol a por- \u00e9s v\u00edz\u00e1ll\u00f3s\u00e1g nagyon fontos.<\/p>\n\n\n\n<h3 class=\"wp-block-heading\" id=\"garden-pathway-accent-with-red-and-blue-options\">Kert\u00fat d\u00edsz\u00edt\u0151 v\u00f6r\u00f6s \u00e9s k\u00e9k opci\u00f3kkal<\/h3>\n\n\n\n<p>\u2022 Adj st\u00edlust kerted s\u00e9t\u00e1nyainak sz\u00ednes LED-ekkel\u2014k\u00fcl\u00f6n\u00f6sen v\u00f6r\u00f6s vagy k\u00e9k opci\u00f3kkal, amelyek l\u00e1gy, de felt\u0171n\u0151 vizu\u00e1lis \u00e9lm\u00e9nyt ny\u00fajtanak s\u00f6t\u00e9ted\u00e9s ut\u00e1n.<br>\u2022 Ezek a sz\u00ednek nemcsak men\u0151k \u2013 seg\u00edtenek meghat\u00e1rozni az utakat an\u00e9lk\u00fcl, hogy elnyomn\u00e1k a term\u00e9szetes t\u00e1jat.<\/p>\n\n\n\n<ol class=\"wp-block-list\">\n<li>A v\u00f6r\u00f6s LED-ek n\u00f6velik a l\u00e1that\u00f3s\u00e1got an\u00e9lk\u00fcl, hogy rontan\u00e1k az \u00e9jszakai l\u00e1t\u00e1st (ide\u00e1lisak csillag\u00e1szati z\u00f3n\u00e1khoz).<\/li>\n\n\n\n<li>A k\u00e9k \u00e1rnyalatok kontrasztot adnak a z\u00f6ld n\u00f6v\u00e9nyzethez, mik\u00f6zben nyugodt hangulatot tartanak fenn.<\/li>\n\n\n\n<li>Mindkett\u0151 j\u00f3l m\u0171k\u00f6dik mozg\u00e1s\u00e9rz\u00e9kel\u0151s rendszerek r\u00e9szek\u00e9nt az energiatakar\u00e9koss\u00e1g \u00e9rdek\u00e9ben.<\/li>\n<\/ol>\n\n\n\n<p>\ud83c\udf3f M\u00e9rs\u00e9kelten haszn\u00e1lja kanyarg\u00f3 utakon, hogy elker\u00fclje a t\u00falzott megvil\u00e1g\u00edt\u00e1st a vir\u00e1g\u00e1gy\u00e1sok vagy a f\u0171szeg\u00e9lyek felett.<\/p>\n\n\n\n<p>T\u00f6bb r\u00f6vid elhelyez\u00e9s lehet\u0151v\u00e9 teszi, hogy term\u00e9szetesen vezesse a l\u00e1togat\u00f3kat a t\u00e9rben, mik\u00f6zben bar\u00e1ts\u00e1gos marad\u2014nem vak\u00edt\u00f3an f\u00e9nyes, mint a reflektorok n\u00e9ha.<\/p>\n\n\n\n<p>H\u00e1rom vagy n\u00e9gy l\u00e1mpa csoportjai, egyenletesen elosztva, \u00e9ppen el\u00e9g f\u00e9nyt adnak, hogy biztons\u00e1gban tartsa az embereket, mik\u00f6zben karaktert adnak, ami m\u00e9g az egyszer\u0171 kertelrendez\u00e9seket is kiemeli, kezd\u0151 szint\u0171\u00a0<a href=\"https:\/\/ledsteplight.com\/hu\/shop\/\" data-type=\"page\" data-id=\"37447\"><strong><strong>LED l\u00e9pcs\u0151vil\u00e1g\u00edt\u00e1s<\/strong><\/strong>\u00a0<\/a>eszk\u00f6z\u00f6ket nagykereskedelmi \u00e1rakon szerezve.<\/p>\n\n\n\n<h3 class=\"wp-block-heading\" id=\"public-park-stair-safety-via-weatherproof-ip67-leds\">K\u00f6zpark l\u00e9pcs\u0151biztons\u00e1g id\u0151j\u00e1r\u00e1s\u00e1ll\u00f3 IP67-es LED-ekkel<\/h3>\n\n\n\n<p>\u2022 A k\u00f6zparkok mindenf\u00e9le id\u0151j\u00e1r\u00e1st \u00e9s gyalogos forgalmat l\u00e1tnak\u2014ez\u00e9rt a l\u00e9pcs\u0151vil\u00e1g\u00edt\u00e1snak strapab\u00edr\u00f3nak \u00e9s hat\u00e9konynak kell lennie. Itt j\u00f6nnek k\u00e9pbe\u00a0<strong><a href=\"https:\/\/ledsteplight.com\/hu\/ts50-01b-led-ground-light-ip67-waterproof-outdoor-lighting-factory-wholesale\/\" data-type=\"product\" data-id=\"38093\">IP67-es tan\u00fas\u00edtv\u00e1nnyal rendelkez\u0151<\/a><\/strong>\u00a0l\u00e1mp\u00e1k, amelyek teljes v\u00e9delmet ny\u00fajtanak a por bejut\u00e1sa \u00e9s ideiglenes v\u00edzbe mer\u00fcl\u00e9s ellen.<\/p>\n\n\n\n<p>1) V\u00e1rosi haszn\u00e1latra tervezve, ezek a l\u00e1mp\u00e1k gyakran tartalmaznak manipul\u00e1ci\u00f3mentes csavarokat \u00e9s vandalizmus\u00e1ll\u00f3 h\u00e1zakat.<br>2) Integr\u00e1lt f\u00e9nyv\u00e9d\u0151 pajzsok seg\u00edtenek cs\u00f6kkenteni a f\u00e9nyszennyez\u00e9st, mik\u00f6zben a l\u00e9pcs\u0151ket j\u00f3l l\u00e1that\u00f3v\u00e1 teszik.<br>3) \u00c1ltal\u00e1ban napelemek vagy alacsony fesz\u00fclts\u00e9g\u0171 transzform\u00e1torok \u00e1ltal m\u0171k\u00f6dtetve, fenntarthat\u00f3 m\u0171k\u00f6d\u00e9s \u00e9rdek\u00e9ben \u00e9vszakr\u00f3l \u00e9vszakra.<\/p>\n\n\n\n<p>\u201eA SmartCities Konzorcium 2024-es V\u00e1rosi Infrastrukt\u00fara Jelent\u00e9se szerint a k\u00fclt\u00e9ri biztons\u00e1gi vil\u00e1g\u00edt\u00e1sba beruh\u00e1z\u00f3 v\u00e1rosok eset\u00e9ben 27% cs\u00f6kken\u00e9st tapasztaltak az \u00e9jszakai s\u00e9r\u00fcl\u00e9sek sz\u00e1m\u00e1ban nyilv\u00e1nos l\u00e9pcs\u0151kn\u00e9l.\u201d<\/p>\n\n\n\n<p>\u2714\ufe0f Hossz\u00fa \u00e9lettartam\u00fa LED chipek cs\u00f6kkentik a karbantart\u00e1si ciklusokat (egyesek t\u00f6bb mint 50 000 \u00f3r\u00e1t b\u00edrnak).<br>\u2714\ufe0f A telep\u00edt\u00e9s gyakran modul\u00e1ris, \u00edgy k\u00f6nny\u0171 cser\u00e9lni az egyes egys\u00e9geket ahelyett, hogy az eg\u00e9sz sort cser\u00e9ln\u00e9nk, ha valamelyik v\u00e1ratlanul meghib\u00e1sodik.<\/p>\n\n\n\n<p>Ezek nem \u00e1tlagos h\u00e1ts\u00f3 kert vil\u00e1g\u00edt\u00e1sok\u2014er\u0151sen ig\u00e9nybevett k\u00f6rnyezetekre tervezt\u00e9k, ahol a megb\u00edzhat\u00f3s\u00e1g nem lehet opcion\u00e1lis\u2014\u00e9s \u00e1ruk versenyk\u00e9pes marad nagy t\u00e9telben v\u00e1s\u00e1rolva.\u00a0<strong><a href=\"https:\/\/ledsteplight.com\/hu\/ts50-zt-sq-led-step-light-custom-ground-lighting-manufacturer-wholesale-supplier\/\" data-type=\"product\" data-id=\"38098\">l\u00e9pcs\u0151fok vil\u00e1g\u00edt\u00e1s nagykereskedelem<\/a><\/strong>\u00a0szerz\u0151d\u00e9sekkel tan\u00fas\u00edtott forgalmaz\u00f3kt\u00f3l, mint p\u00e9ld\u00e1ul MG Lighting (egyszer haszn\u00e1lt).<\/p>\n\n\n\n<h3 class=\"wp-block-heading\" id=\"villa-steps-enhanced-by-stainless-steel-tempered-glass\">Villa l\u00e9pcs\u0151k rozsdamentes ac\u00e9l, edzett \u00fcveg fel\u00fcletekkel<\/h3>\n\n\n\n<p>Csoportos\u00edtott jellemz\u0151k:<\/p>\n\n\n\n<ul class=\"wp-block-list\">\n<li><strong>Rozsdamentes ac\u00e9l<\/strong>\u00a0h\u00e1zaik ellen\u00e1llnak a korr\u00f3zi\u00f3nak, mik\u00f6zben pr\u00e9mium \u00e9rzetet k\u00f6lcs\u00f6n\u00f6znek.<\/li>\n\n\n\n<li><strong>Edzett \u00fcveg<\/strong>\u00a0v\u00e9d\u0151burkolatok v\u00e9dik a bels\u0151 alkatr\u00e9szeket an\u00e9lk\u00fcl, hogy id\u0151vel hom\u00e1lyosodn\u00e1nak.<\/li>\n\n\n\n<li>V\u00e9kony profilok biztos\u00edtj\u00e1k a modern eszt\u00e9tik\u00e1t an\u00e9lk\u00fcl, hogy a f\u00e9nyer\u0151t cs\u00f6kkenten\u00e9k.<\/li>\n\n\n\n<li>\u00c1ll\u00edthat\u00f3 f\u00e9nyer\u0151 opci\u00f3k lehet\u0151v\u00e9 teszik a h\u00e1ztulajdonosok sz\u00e1m\u00e1ra, hogy hangulatot alak\u00edtsanak ki a haszn\u00e1lat szerint\u2014\u00e9ttermi vacsora vagy k\u00e9s\u0151 esti biztons\u00e1gi j\u00e1r\u0151r\u00f6z\u00e9s.<\/li>\n\n\n\n<li>Meleg feh\u00e9r t\u00f3nusokban (2700K\u20133000K) el\u00e9rhet\u0151, amelyek sz\u00e9pen kieg\u00e9sz\u00edtik az \u00e9p\u00edt\u00e9szeti k\u0151m\u0171vess\u00e9get.<\/li>\n\n\n\n<li>Be\u00e1gyazott \u00e9rz\u00e9kel\u0151k automatikus bekapcsol\u00e1si funkci\u00f3t k\u00edn\u00e1lnak napnyugt\u00e1n vagy mozg\u00e1s\u00e9rz\u00e9kel\u00e9s eset\u00e9n a l\u00e9pcs\u0151 k\u00f6zel\u00e9ben.<\/li>\n\n\n\n<li>Feltol\u00e1smentes st\u00edlusok kik\u00fcsz\u00f6b\u00f6lik a sz\u0171k l\u00e9pcs\u0151fokokon gyakori l\u00e9p\u00e9sveszt\u00e9st okoz\u00f3 akad\u00e1lyokat.<\/li>\n<\/ul>\n\n\n\n<p>Minden elem nemcsak funkcion\u00e1lisan\u2014hanem vizu\u00e1lisan is\u2014egy\u00fcttm\u0171k\u00f6dik, hogy a villa k\u00fcls\u0151j\u00e9t naplemente ut\u00e1n magazin\u00e9rt\u00e9k\u0171v\u00e9 emelje, diszkr\u00e9t, m\u00e9gis er\u0151teljes LED l\u00e9pcs\u0151fok telep\u00edt\u00e9sekkel.&nbsp;<strong>kiv\u00e1l\u00f3 min\u0151s\u00e9g\u0171 k\u00fclt\u00e9ri LED l\u00e9pcs\u0151fok vil\u00e1g\u00edt\u00e1sok<\/strong>&nbsp;amelyek megfelelnek a magas sz\u00ednvonal\u00fa \u00e9p\u00edt\u00e9si ig\u00e9nyeknek, ahol a forma \u00e9s a funkci\u00f3 egyar\u00e1nt fontos minden k\u00fclt\u00e9ri felszerel\u00e9sn\u00e9l.<\/p>\n\n\n\n<h2 class=\"wp-block-heading\" id=\"faqsaboutip65ledsteplightwholesale\">Gyakran ism\u00e9telt k\u00e9rd\u00e9sek az IP65 besorol\u00e1s\u00fa LED l\u00e9pcs\u0151fok vil\u00e1g\u00edt\u00e1s nagykereskedelemr\u0151l<\/h2>\n\n\n\n<p><strong>Mi\u00e9rt okos v\u00e1laszt\u00e1s az IP65 LED l\u00e9pcs\u0151f\u00e9ny a k\u00fclt\u00e9ri projektekhez?<\/strong><br>Ezek a l\u00e1mp\u00e1k \u00fagy vannak kialak\u00edtva, hogy t\u00fal\u00e9lj\u00e9k az elemeket, \u00e9s ez nem t\u00falz\u00e1s. Es\u0151, por, p\u00e1ratartalom\u2014mindet k\u00f6nnyed\u00e9n kezelik id\u0151j\u00e1r\u00e1s\u00e1ll\u00f3 kialak\u00edt\u00e1sukkal. De a tart\u00f3ss\u00e1g nem az egyetlen ok, ami\u00e9rt a kivitelez\u0151k szeretik \u0151ket. Hossz\u00fa \u00e9lettartamuk kevesebb cser\u00e9t jelent, kevesebb kellemetlens\u00e9get az id\u0151 m\u00fal\u00e1s\u00e1val. \u00c9s amikor tucatnyi l\u00e9pcs\u0151t vagy \u00f6sv\u00e9nyt vil\u00e1g\u00edtasz meg? Akkor ez a megb\u00edzhat\u00f3s\u00e1g aranyat \u00e9r.<\/p>\n\n\n\n<p><strong>Hogyan kell d\u00f6nteni a 12V DC, 24V DC vagy univerz\u00e1lis fesz\u00fclts\u00e9g\u0171 modellek k\u00f6z\u00f6tt?<\/strong><br>Ez a be\u00e1ll\u00edt\u00e1st\u00f3l f\u00fcgg:<\/p>\n\n\n\n<ul class=\"wp-block-list\">\n<li><strong>12V DC:<\/strong>\u00a0J\u00f3 r\u00f6vid szakaszokra\u2014gondolj k\u00e9nyelmes l\u00e9pcs\u0151kre vagy kis teraszokra.<\/li>\n\n\n\n<li><strong>24V DC:<\/strong>\u00a0Jobb hosszabb t\u00e1vols\u00e1gokra; stabilan tartja az \u00e1ramot an\u00e9lk\u00fcl, hogy elhalv\u00e1nyulna a v\u00e9g\u00e9n.<\/li>\n\n\n\n<li><strong>Univerz\u00e1lis fesz\u00fclts\u00e9g (100\u2013240V AC):<\/strong>\u00a0Ide\u00e1lis, ha kereskedelmi rendszerekbe k\u00f6t\u00f6d be, ahol a rugalmass\u00e1g kulcsfontoss\u00e1g\u00fa.<\/li>\n<\/ul>\n\n\n\n<p>A megfelel\u0151 v\u00e1laszt\u00e1s k\u00e9s\u0151bbi fejf\u00e1j\u00e1sokat takar\u00edt meg\u2014nincs vibr\u00e1l\u00f3 f\u00e9ny vagy \u00fajravezet\u00e9kes meglepet\u00e9s.<\/p>\n\n\n\n<p><strong>Kombin\u00e1lhatom-e a meleg feh\u00e9r \u00e9s a hideg feh\u00e9r sz\u00edneket egy nagyobb rendel\u00e9sben? Furcs\u00e1n n\u00e9zne ki?<\/strong>Val\u00f3j\u00e1ban a sz\u00ednh\u0151m\u00e9rs\u00e9kletek kever\u00e9se kreat\u00edv nyeres\u00e9g lehet. A meleg feh\u00e9r komfortot hoz\u2014l\u00e1gy\u00edtja a k\u0151falakat \u00e9s a fa l\u00e9pcs\u0151ket aranyf\u00e9ny\u0171 ragyog\u00e1ssal. A hideg feh\u00e9r \u00e9lesebb\u00e9 teszi a szeg\u00e9lyeket \u00e9s tisztas\u00e1got ad az \u00f6sv\u00e9nyek vagy modern homlokzatok ment\u00e9n. Ha ezeket gondosan haszn\u00e1lod k\u00fcl\u00f6nb\u00f6z\u0151 z\u00f3n\u00e1kban, akkor kontrasztot hoznak l\u00e9tre, ami sz\u00e1nd\u00e9kosnak t\u0171nik\u2014nem zavar\u00f3nak.<\/p>\n\n\n\n<p><strong>Mi\u00e9rt uralj\u00e1k az alum\u00ednium\u00f6tv\u00f6zet l\u00e9pcs\u0151f\u00e9nyek ma a glob\u00e1lis nagykereskedelmi piacokat?<\/strong>Mert el\u00e9rik a t\u00f6k\u00e9letes egyens\u00falyt: el\u00e9g strapab\u00edr\u00f3ak ahhoz, hogy kezelj\u00e9k a durva id\u0151j\u00e1r\u00e1st, de el\u00e9g k\u00f6nny\u0171ek a telep\u00edt\u00e9shez an\u00e9lk\u00fcl, hogy megterheln\u00e9k a k\u00f6lts\u00e9gvet\u00e9st vagy a h\u00e1takat. Az alum\u00ednium jobb korr\u00f3zi\u00f3\u00e1ll\u00f3s\u00e1got mutat, mint az olcs\u00f3bb f\u00e9mek, ugyanakkor kevesebbe ker\u00fcl, mint a rozsdamentes ac\u00e9l alternat\u00edv\u00e1k. Nagy mennyis\u00e9g\u0171 rendel\u00e9s eset\u00e9n, p\u00e9ld\u00e1ul vill\u00e1khoz Magyarorsz\u00e1gon vagy \u00fcd\u00fcl\u0151helyekhez, ez az egyens\u00faly d\u00f6nt\u0151 lehet, amikor a min\u0151s\u00e9g \u00e9s a mennyis\u00e9g tal\u00e1lkozik.<\/p>","protected":false},"excerpt":{"rendered":"<p>Nagykeresked\u0151k egy forr\u00f3 term\u00e9k\u00e9rt versengenek: IP65 LED l\u00e9pcs\u0151f\u00e9ny nagykereskedelem. Mi\u00e9rt? Mert k\u00fclt\u00e9ri vil\u00e1g\u00edt\u00e1s nem csak arr\u00f3l sz\u00f3l,<\/p>","protected":false},"author":1,"featured_media":38350,"comment_status":"open","ping_status":"open","sticky":false,"template":"","format":"standard","meta":{"footnotes":""},"categories":[1],"tags":[],"class_list":["post-38348","post","type-post","status-publish","format-standard","has-post-thumbnail","hentry","category-uncategorized"],"_links":{"self":[{"href":"https:\/\/ledsteplight.com\/hu\/wp-json\/wp\/v2\/posts\/38348","targetHints":{"allow":["GET"]}}],"collection":[{"href":"https:\/\/ledsteplight.com\/hu\/wp-json\/wp\/v2\/posts"}],"about":[{"href":"https:\/\/ledsteplight.com\/hu\/wp-json\/wp\/v2\/types\/post"}],"author":[{"embeddable":true,"href":"https:\/\/ledsteplight.com\/hu\/wp-json\/wp\/v2\/users\/1"}],"replies":[{"embeddable":true,"href":"https:\/\/ledsteplight.com\/hu\/wp-json\/wp\/v2\/comments?post=38348"}],"version-history":[{"count":5,"href":"https:\/\/ledsteplight.com\/hu\/wp-json\/wp\/v2\/posts\/38348\/revisions"}],"predecessor-version":[{"id":38564,"href":"https:\/\/ledsteplight.com\/hu\/wp-json\/wp\/v2\/posts\/38348\/revisions\/38564"}],"wp:featuredmedia":[{"embeddable":true,"href":"https:\/\/ledsteplight.com\/hu\/wp-json\/wp\/v2\/media\/38350"}],"wp:attachment":[{"href":"https:\/\/ledsteplight.com\/hu\/wp-json\/wp\/v2\/media?parent=38348"}],"wp:term":[{"taxonomy":"category","embeddable":true,"href":"https:\/\/ledsteplight.com\/hu\/wp-json\/wp\/v2\/categories?post=38348"},{"taxonomy":"post_tag","embeddable":true,"href":"https:\/\/ledsteplight.com\/hu\/wp-json\/wp\/v2\/tags?post=38348"}],"curies":[{"name":"wp","href":"https:\/\/api.w.org\/{rel}","templated":true}]}}