{"id":38382,"date":"2025-10-31T06:43:46","date_gmt":"2025-10-31T06:43:46","guid":{"rendered":"https:\/\/ledsteplight.com\/?p=38382"},"modified":"2025-12-10T11:30:19","modified_gmt":"2025-12-10T11:30:19","slug":"low-voltage-landscape-lighting-effective-outdoor-solutions","status":"publish","type":"post","link":"https:\/\/ledsteplight.com\/hu\/low-voltage-landscape-lighting-effective-outdoor-solutions\/","title":{"rendered":"Alacsony Fesz\u00fclts\u00e9g\u0171 T\u00e1jvil\u00e1g\u00edt\u00e1s: Hat\u00e9kony K\u00fclt\u00e9ri Megold\u00e1sok"},"content":{"rendered":"<p><\/p>\n\n\n\n<p>Este felh\u00fazni egy h\u00e1zhoz, ami pont j\u00f3l van megvil\u00e1g\u00edtva? Ez nem szerencse\u2014ez alacsony fesz\u00fclts\u00e9g <strong><strong><a href=\"https:\/\/ledsteplight.com\/hu\/cree-bridgelux-chip-ip65-led-fixture-for-garden-facade-lighting\/\" class=\"waam-auto-link\" title=\"kertvil\u00e1g\u00edt\u00e1s\">kertvil\u00e1g\u00edt\u00e1s<\/a><\/strong><\/strong> csendes var\u00e1zslat\u00e1t v\u00e9gzi. Gondolj r\u00e1 \u00fagy, mint a j\u00e1rda vonzerej\u00e9nek nem meg\u00e9nekelt h\u0151s\u00e9re: finom, energiatakar\u00e9kos, \u00e9s kem\u00e9ny mint a sz\u00f6g es\u0151ben, sz\u00e9lben vagy alkalmi gazd\u00e1tlan f\u0171ny\u00edr\u00f3ban. A kivitelez\u0151k, akik hat\u00e1rid\u0151kkel k\u00fczdenek, \u00e9s a fejleszt\u0151k, akik a megt\u00e9r\u00fcl\u00e9st figyelik, sz\u00e1m\u00e1ra ez nem csak a kin\u00e9zetr\u0151l sz\u00f3l\u2014ez hossz\u00fa t\u00e1v\u00fa megtakar\u00edt\u00e1s r\u00f6vid t\u00e1v\u00fa leny\u0171g\u00f6z\u00e9ssel.<\/p>\n\n\n\n<p>K\u00fclt\u00e9ri vil\u00e1g\u00edt\u00e1s kor\u00e1bban neh\u00e9zkes telep\u00edt\u00e9st \u00e9s magas villanysz\u00e1ml\u00e1kat jelentett, amelyek kem\u00e9nyebbek voltak, mint a h\u00e9tf\u0151 reggeli forgalom. Most? 12 voltos rendszerek, dimmelhet\u0151 meghajt\u00f3kkal \u00e9s id\u0151j\u00e1r\u00e1s\u00e1ll\u00f3 szerkezettel \u2013 gyakorlatilag a James Bond a k\u00fcls\u0151 vil\u00e1g\u00edt\u00f3testek k\u00f6z\u00f6tt. Okosabban m\u0171k\u00f6dik, \u00edgy nem kell kem\u00e9nyebben dolgoznod.<\/p>\n\n\n\n<figure class=\"wp-block-image size-large is-resized\"><img decoding=\"async\" width=\"1200\" height=\"800\" src=\"https:\/\/ledsteplight.com\/wp-content\/uploads\/2025\/10\/low-voltage-landscape-lighting-0-1200x800.png\" alt=\"\" class=\"wp-image-38384\" style=\"width:993px;height:auto\" srcset=\"https:\/\/ledsteplight.com\/wp-content\/uploads\/2025\/10\/low-voltage-landscape-lighting-0-1200x800.png 1200w, https:\/\/ledsteplight.com\/wp-content\/uploads\/2025\/10\/low-voltage-landscape-lighting-0-400x267.png 400w, https:\/\/ledsteplight.com\/wp-content\/uploads\/2025\/10\/low-voltage-landscape-lighting-0-768x512.png 768w, https:\/\/ledsteplight.com\/wp-content\/uploads\/2025\/10\/low-voltage-landscape-lighting-0-18x12.png 18w, https:\/\/ledsteplight.com\/wp-content\/uploads\/2025\/10\/low-voltage-landscape-lighting-0-600x400.png 600w, https:\/\/ledsteplight.com\/wp-content\/uploads\/2025\/10\/low-voltage-landscape-lighting-0-150x100.png 150w, https:\/\/ledsteplight.com\/wp-content\/uploads\/2025\/10\/low-voltage-landscape-lighting-0.png 1248w\" sizes=\"(max-width: 1200px) 100vw, 1200px\" \/><\/figure>\n\n\n\n<h3 class=\"wp-block-heading\" id=\"keypointsintheglowaquickguidetolowvoltagelandscapelighting\">A F\u00e9ny F\u0151bb Pontjai: Gyors \u00datmutat\u00f3 a Kisfesz\u00fclts\u00e9g\u0171 T\u00e1jvil\u00e1g\u00edt\u00e1shoz<\/h3>\n\n\n\n<p>\u2794 <strong>Energiahat\u00e9konys\u00e1gi Gy\u0151zelmek<\/strong>: 12 voltos rendszerek, Energy Star tan\u00fas\u00edtv\u00e1nnyal rendelkez\u0151 meghajt\u00f3kkal, er\u0151teljes megvil\u00e1g\u00edt\u00e1st ny\u00fajtanak minim\u00e1lis energia-vesztes\u00e9ggel \u2013 ide\u00e1lis hossz\u00fa t\u00e1v\u00fa megtakar\u00edt\u00e1sokhoz \u00e9s fenntarthat\u00f3s\u00e1ghoz.<\/p>\n\n\n\n<p>\u2794 <strong>Tart\u00f3ss\u00e1g Tervez\u00e9s szerint<\/strong>: K\u00fclt\u00e9ri vil\u00e1g\u00edt\u00e1s, amely korr\u00f3zi\u00f3\u00e1ll\u00f3 anyagokb\u00f3l, p\u00e9ld\u00e1ul rozsdamentes ac\u00e9lb\u00f3l \u00e9s kompozitb\u00f3l k\u00e9sz\u00fclt, \u00e9vekig ellen\u00e1ll az id\u0151j\u00e1r\u00e1snak, kop\u00e1snak \u00e9s szakad\u00e1snak.<\/p>\n\n\n\n<p>\u2794 <strong>Eszt\u00e9tikai Hat\u00e1s<\/strong>: Meleg feh\u00e9r <strong>LED f\u00f6ld vil\u00e1g\u00edt\u00e1sokat<\/strong> cs\u00e1b\u00edt\u00f3 hangulatot teremt a t\u00e1jakban, n\u00f6velve a j\u00e1rda vonzerej\u00e9t an\u00e9lk\u00fcl, hogy t\u00falhangs\u00falyozn\u00e1 a term\u00e9szetes k\u00f6rnyezetet.<\/p>\n\n\n\n<p>\u2794 <strong>Intelligens Vil\u00e1g\u00edt\u00e1si Szab\u00e1lyoz\u00e1s<\/strong>: Integr\u00e1lt fotocella \u00e9rz\u00e9kel\u0151k \u00e9s dimmelhet\u0151 meghajt\u00f3k automatikusan alkalmazkodnak a k\u00f6rnyezeti f\u00e9nyviszonyokhoz, cs\u00f6kkentve a manu\u00e1lis be\u00e1ll\u00edt\u00e1sokat \u00e9s n\u00f6velve a hat\u00e9konys\u00e1got.<\/p>\n\n\n\n<p>\u2794 <strong>A Rendszer Komponensei Sz\u00e1m\u00edtanak<\/strong>: V\u00edz\u00e1ll\u00f3 csatlakoz\u00f3k\u00f3l kezdve az alacsony fesz\u00fclts\u00e9g\u0171 transzform\u00e1torokig, minden alkatr\u00e9sz \u2013 a k\u00e1belez\u00e9st\u0151l a h\u00e1zig \u2013 szerepet j\u00e1tszik a megb\u00edzhat\u00f3 m\u0171k\u00f6d\u00e9sben hossz\u00fa t\u00e1von.<\/p>\n\n\n\n<h2 class=\"wp-block-heading\" id=\"why-low-voltage-landscape-lighting-shapes-outdoor-trends\">Mi\u00e9rt Form\u00e1lja a Kisfesz\u00fclts\u00e9g\u0171 T\u00e1jvil\u00e1g\u00edt\u00e1s a K\u00fclt\u00e9ri Trendeket<\/h2>\n\n\n\n<p>Alacsony fesz\u00fclts\u00e9g <strong><strong><a href=\"https:\/\/ledsteplight.com\/hu\/5w-led-in-ground-lights-ip65-waterproof-outdoor-driveway-garden-floor-lighting\/\" class=\"waam-auto-link\" title=\"kertvil\u00e1g\u00edt\u00e1s\">kertvil\u00e1g\u00edt\u00e1s<\/a><\/strong><\/strong> egyes\u00edti az energiatakar\u00e9koss\u00e1got, a tart\u00f3ss\u00e1got \u00e9s az okos vez\u00e9rl\u00e9st, mik\u00f6zben a k\u00fclt\u00e9ri tereket eg\u00e9szen var\u00e1zslatoss\u00e1 teszi.<\/p>\n\n\n\n<figure class=\"wp-block-image size-large is-resized\"><img decoding=\"async\" width=\"1300\" height=\"743\" src=\"https:\/\/ledsteplight.com\/wp-content\/uploads\/2025\/10\/low-voltage-landscape-lighting-1-1300x743.png\" alt=\"\" class=\"wp-image-38385\" style=\"width:1052px;height:auto\" srcset=\"https:\/\/ledsteplight.com\/wp-content\/uploads\/2025\/10\/low-voltage-landscape-lighting-1-1300x743.png 1300w, https:\/\/ledsteplight.com\/wp-content\/uploads\/2025\/10\/low-voltage-landscape-lighting-1-400x229.png 400w, https:\/\/ledsteplight.com\/wp-content\/uploads\/2025\/10\/low-voltage-landscape-lighting-1-768x439.png 768w, https:\/\/ledsteplight.com\/wp-content\/uploads\/2025\/10\/low-voltage-landscape-lighting-1-18x10.png 18w, https:\/\/ledsteplight.com\/wp-content\/uploads\/2025\/10\/low-voltage-landscape-lighting-1-600x343.png 600w, https:\/\/ledsteplight.com\/wp-content\/uploads\/2025\/10\/low-voltage-landscape-lighting-1-1200x686.png 1200w, https:\/\/ledsteplight.com\/wp-content\/uploads\/2025\/10\/low-voltage-landscape-lighting-1-150x86.png 150w, https:\/\/ledsteplight.com\/wp-content\/uploads\/2025\/10\/low-voltage-landscape-lighting-1.png 1344w\" sizes=\"(max-width: 1300px) 100vw, 1300px\" \/><\/figure>\n\n\n\n<h3 class=\"wp-block-heading\" id=\"energy-efficiency-of-12-volt-systems-with-energy-star-certified-drivers\">Az 12 voltos rendszerek energiahat\u00e9konys\u00e1ga Energy Star tan\u00fas\u00edtv\u00e1nnyal<\/h3>\n\n\n\n<p>\u2022 <strong>12 voltos rendszerek<\/strong> kev\u00e9s energi\u00e1t fogyasztanak, de magas a kimenet\u00fck \u2013 ide\u00e1lis hossz\u00fa t\u00e1v\u00fa k\u00fclt\u00e9ri haszn\u00e1latra an\u00e9lk\u00fcl, hogy n\u00f6veln\u00e9 az elektromos sz\u00e1ml\u00e1t.<br>\u2022 P\u00e1ros\u00edtva vel\u00fck <strong><a href=\"https:\/\/ledsteplight.com\/hu\/shop\/\" data-type=\"page\" data-id=\"37447\">Energy Star tan\u00fas\u00edtv\u00e1nnyal rendelkez\u0151 vezet\u0151k<\/a><\/strong> azt jelenti, hogy megfelelnek a szigor\u00fa hat\u00e9konys\u00e1gi szabv\u00e1nyoknak an\u00e9lk\u00fcl, hogy fel\u00e1ldozn\u00e1k a f\u00e9nyer\u0151t vagy a megb\u00edzhat\u00f3s\u00e1got.<\/p>\n\n\n\n<ol start=\"1\" class=\"wp-block-list\">\n<li>Ezek a rendszerek cs\u00f6kkentik az \u00f6sszes <strong>energiafogyaszt\u00e1st<\/strong>, k\u00fcl\u00f6n\u00f6sen nagy udvarokon vagy kereskedelmi z\u00f3n\u00e1kban t\u00f6rt\u00e9n\u0151 m\u00e9retez\u00e9s eset\u00e9n.<\/li>\n\n\n\n<li>Alacsonyabb fesz\u00fclts\u00e9g = kevesebb h\u0151 = hosszabb \u00e9lettartam a f\u00e9nynek\u2014egyszer\u0171 matek, ami id\u0151vel megt\u00e9r\u00fcl.<\/li>\n<\/ol>\n\n\n\n<p>Emellett biztons\u00e1gosabbak a nedves ter\u00fcletek vagy kertek k\u00f6r\u00fcl val\u00f3 telep\u00edt\u00e9shez az alacsony fesz\u00fclts\u00e9g miatt, ami t\u00f6k\u00e9letes csal\u00e1dbar\u00e1t kialak\u00edt\u00e1sokhoz.<\/p>\n\n\n\n<p>\u00c9s igen, m\u00e9g mindig el\u00e9rhet\u0151ek azok a gazdag meleg t\u00f3nusok \u00e9s vil\u00e1gos \u00f6sv\u00e9nyl\u00e1mp\u00e1k\u2014nincs kompromisszum a st\u00edlusban, csak mert wattokat takar\u00edt meg.<\/p>\n\n\n\n<h3 class=\"wp-block-heading\" id=\"durability-trends-of-corrosion-resistant-materials-in-outdoor-fixtures\">A korr\u00f3zi\u00f3\u00e1ll\u00f3 anyagok tart\u00f3ss\u00e1gi trendjei k\u00fclt\u00e9ri l\u00e1mpatestekben<\/h3>\n\n\n\n<p>Anyagt\u00edpus \u00e9s ellen\u00e1ll\u00e1si szint szerint csoportos\u00edtva:<\/p>\n\n\n\n<p><strong>Tart\u00f3s f\u00e9mek:<\/strong><br>\u2013 <strong>Rozsdamentes ac\u00e9l<\/strong> sleek megjelen\u00e9st \u00e9s kiv\u00e1l\u00f3 rozsdamentes ellen\u00e1ll\u00e1st k\u00edn\u00e1l, m\u00e9g s\u00f3s tengerparti leveg\u0151 k\u00f6zel\u00e9ben is.<br>\u2013 Bronz sz\u00e9pen \u00f6regszik \u00e9s ellen\u00e1ll a korr\u00f3zi\u00f3nak nedves \u00e9ghajlaton, mint egy bajnok.<\/p>\n\n\n\n<p><strong>Kompozit anyagok, amelyek kem\u00e9nyen dolgoznak:<\/strong><br>\u2013 Sz\u00e1l-er\u0151s\u00edtett polimerek elviselik az UV-sugarak k\u00e1rosod\u00e1s\u00e1t, \u00e9s nem repednek meg extr\u00e9m h\u0151m\u00e9rs\u00e9kleten.<br>\u2013 Gyant\u00e1n alapul\u00f3 h\u00e1zak k\u00f6lts\u00e9ghat\u00e9kony tart\u00f3ss\u00e1got ny\u00fajtanak magas p\u00e1ratartalm\u00fa ter\u00fcleteken.<\/p>\n\n\n\n<p>Ezek a strapab\u00edr\u00f3 anyagok nemcsak hosszabb \u00e9lettartamot biztos\u00edtanak\u2014hanem seg\u00edtenek meg\u0151rizni az eg\u00e9sz <strong>k\u00fclt\u00e9ri l\u00e1mpatest<\/strong>integrit\u00e1s\u00e1t, cs\u00f6kkentve a karbantart\u00e1si probl\u00e9m\u00e1kat \u00e9vr\u0151l \u00e9vre.<\/p>\n\n\n\n<h3 class=\"wp-block-heading\" id=\"warm-white-led-ground-lights-elevating-landscape-aesthetics\">Meleg feh\u00e9r LED talajvil\u00e1g\u00edt\u00e1sok, amelyek n\u00f6velik a t\u00e1j\u00e9p\u00edt\u00e9szeti eszt\u00e9tik\u00e1t<\/h3>\n\n\n\n<p>R\u00f6vid design-sikerek:<\/p>\n\n\n\n<p>\u2022 Az a l\u00e1gy f\u00e9ny egy <strong>meleg feh\u00e9r LED<\/strong> azonnal otthonosabb\u00e1 teszi a teraszokat, s\u00e9t\u00e1nyokat \u00e9s kertszeg\u00e9lyeket.<br>\u2022 Nem csak a f\u00e9nyer\u0151r\u0151l sz\u00f3l\u2014hanem a hangulatr\u00f3l is; a megfelel\u0151 <strong><strong>sz\u00ednh\u0151m\u00e9rs\u00e9klet<\/strong><\/strong> kih\u00edvja a k\u0151text\u00far\u00e1kat vagy \u00e9jszaka bujaabbnak t\u0171n\u0151 n\u00f6v\u00e9nyeket.<br>\u2022 A talajszintre helyez\u00e9s finom megjelen\u00e9st biztos\u00edt, mik\u00f6zben komoly vizu\u00e1lis hat\u00e1st gyakorol a vir\u00e1g\u00e1gy\u00e1sokra vagy a kocsibej\u00e1r\u00f3kra.<\/p>\n\n\n\n<p>Ezek a l\u00e1mp\u00e1k nemcsak vil\u00e1g\u00edtanak\u2014felp\u00f6rgetik az eg\u00e9sz udvar szem\u00e9lyis\u00e9g\u00e9t olyan b\u00e1jjal, amit nem is sejtett\u00e9l, hogy l\u00e9tezik.<\/p>\n\n\n\n<h3 class=\"wp-block-heading\" id=\"smart-controls-through-integrated-photocell-sensors-and-dimmable-drivers\">Intelligens vez\u00e9rl\u00e9s integr\u00e1lt fotocell\u00e1s \u00e9rz\u00e9kel\u0151kkel \u00e9s dimmelhet\u0151 meghajt\u00f3kkal<\/h3>\n\n\n\n<p>\u00cdme, hogyan m\u0171k\u00f6dik mindez \u00f6sszhangban:<\/p>\n\n\n\n<p>1. l\u00e9p\u00e9s: Be\u00e9p\u00edtett <strong>fotocell\u00e1s \u00e9rz\u00e9kel\u0151k<\/strong> automatikusan \u00e9rz\u00e9kelik a k\u00f6rnyezeti f\u00e9ny szintj\u00e9t\u2014nem kell t\u00f6bb\u00e9 id\u0151z\u00edt\u0151kkel babr\u00e1lni minden \u00e9vszakv\u00e1lt\u00e1skor.<br>2. l\u00e9p\u00e9s: Ahogy a nappali f\u00e9ny elhalv\u00e1nyul, a rendszer fokozatosan kapcsol be a <strong>dimmelhet\u0151 meghajt\u00f3kkal<\/strong>, sima \u00e1tmeneteket biztos\u00edtanak a durva villog\u00e1sok helyett.<br>3. l\u00e9p\u00e9s: Alkalmaz\u00e1s alap\u00fa \u00fctemez\u00e9s vagy t\u00e1voli be\u00e1ll\u00edt\u00e1sok hozz\u00e1ad\u00e1sa a k\u00f6vetkez\u0151 szint\u0171 k\u00e9nyelem\u00e9rt an\u00e9lk\u00fcl, hogy kil\u00e9pne.<\/p>\n\n\n\n<p>Az okos vez\u00e9rl\u00e9sek automatiz\u00e1l\u00e1st hoznak a kever\u00e9kbe, \u00edgy a vil\u00e1g\u00edt\u00e1s alkalmazkodik a term\u00e9szethez \u2013 nem ford\u00edtva \u2013 \u00e9s k\u00f6zben energi\u00e1t takar\u00edt meg.<\/p>\n\n\n\n<figure class=\"wp-block-table\"><table class=\"has-fixed-layout\"><thead><tr><th>Jellemz\u0151<\/th><th>Funkcionalit\u00e1si szint<\/th><th>Hat\u00e1s az energiafogyaszt\u00e1sra<\/th><th>Ide\u00e1lis alkalmaz\u00e1si ter\u00fclet<\/th><\/tr><\/thead><tbody><tr><td>Fotocella \u00e9rz\u00e9kel\u0151<\/td><td>Magas<\/td><td>Cs\u00f6kkenti a hullad\u00e9kot<\/td><td>Bej\u00e1ratok \u00e9s \u00f6sv\u00e9nyvil\u00e1g\u00edt\u00e1s<\/td><\/tr><tr><td>F\u00e9nyer\u0151-szab\u00e1lyozhat\u00f3 driver<\/td><td>\u00c1ll\u00edthat\u00f3<\/td><td>Szem\u00e9lyre szabott megtakar\u00edt\u00e1s<\/td><td>F\u0151 \u00e9s hangulatvil\u00e1g\u00edt\u00e1s<\/td><\/tr><tr><td>K\u00e9zi fel\u00fclb\u00edr\u00e1lati lehet\u0151s\u00e9g<\/td><td>Opcion\u00e1lis<\/td><td>Semleges<\/td><td>Biztons\u00e1gi z\u00f3n\u00e1k<\/td><\/tr><tr><td>Alkalmaz\u00e1s alap\u00fa t\u00e1voli vez\u00e9rl\u00e9s<\/td><td>Fejlett<\/td><td>Optimaliz\u00e1lt \u00fctemez\u00e9s<\/td><td>Eg\u00e9sz k\u00fclt\u00e9ri rendszer<\/td><\/tr><\/tbody><\/table><\/figure>\n\n\n\n<p>Ezekkel az eszk\u00f6z\u00f6kkel egy\u00fcttm\u0171k\u00f6dve az eg\u00e9sz telep\u00edt\u00e9sed okosabb\u00e1 v\u00e1lik, mint valaha \u2013 \u00e9s igen, k\u00f6nnyebb\u00e9 is a p\u00e9nzt\u00e1rc\u00e1d sz\u00e1m\u00e1ra, mik\u00f6zben meg\u0151rzi az utcai megjelen\u00e9st.<\/p>\n\n\n\n<h2 class=\"wp-block-heading\" id=\"low-voltage-landscape-lighting-system-components\">Alacsony fesz\u00fclts\u00e9g\u0171 kertvil\u00e1g\u00edt\u00e1si rendszer alkatr\u00e9szei<\/h2>\n\n\n\n<p>Egy okos alacsony fesz\u00fclts\u00e9g\u0171 rendszer <strong>kertvil\u00e1g\u00edt\u00e1s<\/strong> n\u00e9h\u00e1ny kritikus alkatr\u00e9sz egy\u00fcttm\u0171k\u00f6d\u00e9s\u00e9n alapul. N\u00e9zz\u00fck meg, mi teszi mindezt m\u0171k\u00f6d\u0151k\u00e9pess\u00e9.<\/p>\n\n\n\n<figure class=\"wp-block-image size-large is-resized\"><img decoding=\"async\" width=\"1300\" height=\"622\" src=\"https:\/\/ledsteplight.com\/wp-content\/uploads\/2025\/10\/low-voltage-landscape-lighting-2-1300x622.png\" alt=\"\" class=\"wp-image-38386\" style=\"width:1094px;height:auto\" srcset=\"https:\/\/ledsteplight.com\/wp-content\/uploads\/2025\/10\/low-voltage-landscape-lighting-2-1300x622.png 1300w, https:\/\/ledsteplight.com\/wp-content\/uploads\/2025\/10\/low-voltage-landscape-lighting-2-400x191.png 400w, https:\/\/ledsteplight.com\/wp-content\/uploads\/2025\/10\/low-voltage-landscape-lighting-2-768x367.png 768w, https:\/\/ledsteplight.com\/wp-content\/uploads\/2025\/10\/low-voltage-landscape-lighting-2-18x9.png 18w, https:\/\/ledsteplight.com\/wp-content\/uploads\/2025\/10\/low-voltage-landscape-lighting-2-600x287.png 600w, https:\/\/ledsteplight.com\/wp-content\/uploads\/2025\/10\/low-voltage-landscape-lighting-2-1200x574.png 1200w, https:\/\/ledsteplight.com\/wp-content\/uploads\/2025\/10\/low-voltage-landscape-lighting-2-150x72.png 150w, https:\/\/ledsteplight.com\/wp-content\/uploads\/2025\/10\/low-voltage-landscape-lighting-2.png 1472w\" sizes=\"(max-width: 1300px) 100vw, 1300px\" \/><\/figure>\n\n\n\n<h3 class=\"wp-block-heading\" id=\"step-down-converter-and-low-voltage-transformer-essentials\">L\u00e9p\u00e9skiszab\u00f3 \u00e1talak\u00edt\u00f3 \u00e9s alacsony fesz\u00fclts\u00e9g\u0171 transzform\u00e1tor alapvet\u0151 elemei<\/h3>\n\n\n\n<ul class=\"wp-block-list\">\n<li>A <strong>L\u00e9p\u00e9skiszab\u00f3 \u00e1talak\u00edt\u00f3<\/strong> cs\u00f6kkenti a szabv\u00e1nyos 120V-os \u00e1ramell\u00e1t\u00e1st biztons\u00e1gos 12V vagy 24V-ra, ide\u00e1lis k\u00fclt\u00e9ri telep\u00edt\u00e9sekhez.<\/li>\n\n\n\n<li>A <strong>Alacsony fesz\u00fclts\u00e9g\u0171 transzform\u00e1tor<\/strong> biztos\u00edtja az egyenletes \u00e1ramell\u00e1t\u00e1st, m\u00e9g akkor is, ha t\u00f6bb l\u00e1mpa m\u0171k\u00f6dik egyszerre.<\/li>\n\n\n\n<li>Keress be\u00e9p\u00edtett <strong>Fesz\u00fclts\u00e9gszab\u00e1lyoz\u00e1s<\/strong>, k\u00fcl\u00f6n\u00f6sen, ha a vil\u00e1g\u00edt\u00e1si rendszer hosszabb t\u00e1vols\u00e1gokra terjed ki.<\/li>\n<\/ul>\n\n\n\n<p>Olyan stabil <strong>Vezet\u00e9kcsatlakoz\u00e1sok<\/strong> kell, amelyek ellen\u00e1llnak a lazul\u00e1snak az id\u0151 m\u00fal\u00e1s\u00e1val. \u00c9s ne hagyd ki a biztons\u00e1gi funkci\u00f3kat \u2013 a h\u0151v\u00e9delmi kapcsol\u00f3k \u00e9s t\u00falterhel\u00e9s elleni v\u00e9delem megmenthetik az eg\u00e9sz rendszert a k\u00e1rosod\u00e1st\u00f3l egy t\u00falfesz\u00fclts\u00e9g sor\u00e1n.<\/p>\n\n\n\n<h3 class=\"wp-block-heading\" id=\"light-fixtures-led-ground-lights-recessed-well-lights-in-ground-spotlights\">F\u00e9nyforr\u00e1sok: LED f\u00f6ldvil\u00e1g\u00edt\u00e1sok, rejtett k\u00fatvil\u00e1g\u00edt\u00e1sok, f\u00f6ld alatti spotl\u00e1mp\u00e1k<\/h3>\n\n\n\n<p>\u2022 <strong><strong>LED f\u00f6ldvil\u00e1g\u00edt\u00e1sok<\/strong><\/strong> ide\u00e1lisak \u00f6sv\u00e9nyekhez \u00e9s kocsibej\u00e1r\u00f3khoz\u2014alacsony profil\u00faak, de er\u0151teljesek f\u00e9nyer\u0151vel.<br>\u2022 <strong>Rejtett fali l\u00e1mp\u00e1k<\/strong> be\u00e1gyazva a talajba vagy kem\u00e9ny burkolatba, finom felfel\u00e9 ir\u00e1nyul\u00f3 vil\u00e1g\u00edt\u00e1st biztos\u00edtva vizu\u00e1lis rendetlens\u00e9g n\u00e9lk\u00fcl.<br>\u2022 A dr\u00e1mai hat\u00e1s\u00e9rt? Haszn\u00e1lja <strong>F\u00f6ld alatti spotl\u00e1mp\u00e1k<\/strong> f\u00e1k, szobrok vagy textur\u00e1lt falak kiemel\u00e9s\u00e9hez.<\/p>\n\n\n\n<p>Minden l\u00e1mpa k\u00fcl\u00f6nb\u00f6z\u0151 f\u00e9nyer\u0151ss\u00e9gben (<strong>Lumen<\/strong>) \u00e9s sug\u00e1rz\u00e1sban (<strong>F\u00e9nycs\u00f3va sz\u00f6ge<\/strong>) \u2014 \u00edgy keverje \u00e9s p\u00e1ros\u00edtsa att\u00f3l f\u00fcgg\u0151en, mit szeretne kiemelni. Gy\u0151z\u0151dj\u00f6n meg r\u00f3la, hogy magas \u00e9rt\u00e9kel\u00e9st kapnak a <strong>Id\u0151j\u00e1r\u00e1s\u00e1ll\u00f3s\u00e1g<\/strong>ter\u00e9n, k\u00fcl\u00f6n\u00f6sen, ha a kertje durva \u00e9vszakokat \u00e9l meg.<\/p>\n\n\n\n<h3 class=\"wp-block-heading\" id=\"wiring-essentials-with-waterproof-connectors-and-corrosion-resistant-cables\">Vezet\u00e9kes alapvet\u0151 elemek v\u00edz\u00e1ll\u00f3 csatlakoz\u00f3kkal \u00e9s korr\u00f3zi\u00f3\u00e1ll\u00f3 k\u00e1belekkel<\/h3>\n\n\n\n<ol class=\"wp-block-list\">\n<li>V\u00e1lassza ki a megfelel\u0151 vezet\u00e9k vastags\u00e1g\u00e1t\u2014vastagabb k\u00e1belek cs\u00f6kkentik a fesz\u00fclts\u00e9gcs\u00f6kken\u00e9st hossz\u00fa szakaszokon.<\/li>\n\n\n\n<li>Csak UL-list\u00e1zott alkatr\u00e9szeket haszn\u00e1ljon, hogy megfeleljen a szabv\u00e1nyoknak \u00e9s elker\u00fclje a j\u00f6v\u0151beli probl\u00e9m\u00e1kat.<\/li>\n\n\n\n<li>V\u00e1lasszon k\u00f6zvetlen\u00fcl temethet\u0151 vezet\u00e9keket; ezek j\u00f3l kezelik a talaj alatti nedvess\u00e9get.<\/li>\n<\/ol>\n\n\n\n<p>\u2611\ufe0f Mindig magas min\u0151s\u00e9g\u0171 <strong>V\u00edz\u00e1ll\u00f3 csatlakoz\u00f3kat<\/strong>haszn\u00e1ljon, ne a gar\u00e1zs fi\u00f3kj\u00e1b\u00f3l sz\u00e1rmaz\u00f3 csavaros kupakokat.<br>\u2611\ufe0f V\u00e1lassz er\u0151s burkolattal \u00e9s r\u00e9zmaggal ell\u00e1tott k\u00e1beleket\u2014ezek tart\u00f3sabbak \u00e9s jobb vezet\u0151k\u00e9pess\u00e9get biztos\u00edtanak.<\/p>\n\n\n\n<p>\u00c9s igen, a korr\u00f3zi\u00f3 nem tr\u00e9fa kint. Maradj a c\u00edmk\u00e9zett \u201e<strong>Korr\u00f3zi\u00f3\u00e1ll\u00f3 k\u00e1belek<\/strong>\u201d mellett, \u00edgy nem kell minden \u00e9vben \u00e1sni, csak mert valami z\u00e1rlat keletkezett es\u0151ben.<\/p>\n\n\n\n<h3 class=\"wp-block-heading\" id=\"control-devices-including-integrated-photocell-sensors-and-dimmable-led-drivers\">Vez\u00e9rl\u0151eszk\u00f6z\u00f6k bele\u00e9rtve integr\u00e1lt fotocell\u00e1s \u00e9rz\u00e9kel\u0151ket \u00e9s dimmelhet\u0151 LED meghajt\u00f3kat<\/h3>\n\n\n\n<p>N\u00e9ha csak akkor szeretn\u00e9l vil\u00e1g\u00edt\u00e1st, amikor sz\u00fcks\u00e9g van r\u00e1\u2014vagy tal\u00e1n csak annyira tomp\u00edtva, hogy hangulatot teremtsen:<\/p>\n\n\n\n<p>\u2022 Be\u00e9p\u00edtett <strong>Fotocell\u00e1s \u00e9rz\u00e9kel\u0151k<\/strong> automatikusan kapcsolj\u00e1k fel a vil\u00e1g\u00edt\u00e1st sz\u00fcrk\u00fcletkor\u2014nincs sz\u00fcks\u00e9g id\u0151z\u00edt\u0151kre.<br>\u2022 P\u00e1ros\u00edtsd \u0151ket <strong>Dimmable LED meghajt\u00f3kkal<\/strong>, amelyek lehet\u0151v\u00e9 teszik a f\u00e9nyer\u0151 szintj\u00e9nek be\u00e1ll\u00edt\u00e1s\u00e1t hangulat vagy energia megtakar\u00edt\u00e1s szerint.<\/p>\n\n\n\n<p>Szeretn\u00e9l t\u00f6bb kontrollt? Adj hozz\u00e1 okos kompatibilis id\u0151z\u00edt\u0151ket vagy vezet\u00e9k n\u00e9lk\u00fcli t\u00e1vir\u00e1ny\u00edt\u00f3kat a teljes testreszab\u00e1shoz\u2014m\u00e9g mozg\u00e1s\u00e9rz\u00e9kel\u0151ket is, ha ut\u00e1lod, hogy s\u00f6t\u00e9t sarkok lopakodnak r\u00e1d.<\/p>\n\n\n\n<p>A mai technol\u00f3gi\u00e1val k\u00f6nnyebb, mint valaha, automatiz\u00e1lni az eg\u00e9sz alacsony fesz\u00fclts\u00e9g\u0171 vil\u00e1g\u00edt\u00e1si rendszert an\u00e9lk\u00fcl, hogy megizzadn\u00e1l\u2014vagy a bankot is megterheln\u00e9d.<\/p>\n\n\n\n<h3 class=\"wp-block-heading\" id=\"housing-choices-in-cast-aluminum-stainless-steel-and-composite-materials\">H\u00e1zh\u00e1zak v\u00e1laszt\u00e9ka \u00f6nt\u00f6tt alum\u00edniumb\u00f3l, rozsdamentes ac\u00e9lb\u00f3l \u00e9s kompozit anyagokb\u00f3l<\/h3>\n\n\n\n<p>Csoport A \u2013 F\u00e9m lehet\u0151s\u00e9gek:<\/p>\n\n\n\n<ul class=\"wp-block-list\">\n<li><strong>\u00d6nt\u00f6tt alum\u00ednium<\/strong> k\u00f6nny\u0171 ugyan, de strapab\u00edr\u00f3; j\u00f3 h\u0151elvezet\u00e9s is.<\/li>\n\n\n\n<li>Eleg\u00e1ns kin\u00e9zet\u0171, de strapab\u00edr\u00f3? Ez az, ahol <strong>Rozsdamentes ac\u00e9l<\/strong> ragyog\u2014ellen\u00e1ll a rozsda ellen m\u00e9g a part menti leveg\u0151 k\u00f6zel\u00e9ben is.<\/li>\n<\/ul>\n\n\n\n<p>Csoport B \u2013 Nemf\u00e9mes lehet\u0151s\u00e9gek:<\/p>\n\n\n\n<ul class=\"wp-block-list\">\n<li>Sz\u00fcks\u00e9ged van k\u00f6lts\u00e9ghat\u00e9kony tart\u00f3ss\u00e1gra? V\u00e1laszd a modern m\u00e9rn\u00f6ki m\u0171anyagokat, mint p\u00e9ld\u00e1ul UV-stabiliz\u00e1lt polimereket, amelyeket sok els\u0151 oszt\u00e1ly\u00fa m\u00e1rka kompozit h\u00e1zaiban haszn\u00e1lnak.<\/li>\n<\/ul>\n\n\n\n<p>\ud83d\udca1 Minden h\u00e1zt\u00edpus befoly\u00e1solja mind a kin\u00e9zetet, mind az \u00e9lettartamot. Ha nedves vagy s\u00f3s leveg\u0151vel teli helyen \u00e9lsz (\u00fcdv, Magyarorsz\u00e1g), els\u0151sorban magas min\u0151s\u00e9g\u0171 anyagokat v\u00e1lassz, amelyek er\u0151s \u00e9rt\u00e9kel\u00e9seket kapnak mind tart\u00f3ss\u00e1g, mind id\u0151j\u00e1r\u00e1s\u00e1ll\u00f3s\u00e1g kateg\u00f3ri\u00e1ban, p\u00e9ld\u00e1ul IP65+ szabv\u00e1nyokat.<\/p>\n\n\n\n<p>B\u00e1rmi legyen is a v\u00e1laszt\u00e1sod, gy\u0151z\u0151dj meg arr\u00f3l, hogy a h\u0151kezel\u00e9s nem ut\u00f3lagos gondolat\u2014jobb h\u0171t\u00e9s hosszabb \u00e9lettartamot jelent a bels\u0151 LED-ek sz\u00e1m\u00e1ra azokban az er\u0151s burkolatokban, <strong><a href=\"https:\/\/ledsteplight.com\/hu\/dm36b-pro-honeycomb-anti-glare-led-in-ground-light-ip67-24v-dc\/\" class=\"waam-auto-link\" title=\"kisfesz\u00fclts\u00e9g\u0171 t\u00e1jvil\u00e1g\u00edt\u00e1s\">kisfesz\u00fclts\u00e9g\u0171 t\u00e1jvil\u00e1g\u00edt\u00e1s<\/a><\/strong> felszerel\u00e9seidben.<\/p>\n\n\n\n<h2 class=\"wp-block-heading\" id=\"low-voltage-landscape-lighting-vs-solar-lights\">Alacsony Fesz\u00fclts\u00e9g\u0171 Kertvil\u00e1g\u00edt\u00e1s vs. Napelemes L\u00e1mp\u00e1k<\/h2>\n\n\n\n<p>V\u00e1lasztasz-e vezet\u00e9kes vagy napelemes k\u00fclt\u00e9ri vil\u00e1g\u00edt\u00e1st? Nem csak a f\u00e9nyer\u0151r\u0151l sz\u00f3l\u2014gondolj a vez\u00e9rl\u00e9sre, a konzisztenci\u00e1ra, \u00e9s arra, mennyire vagy hajland\u00f3 bajl\u00f3dni vele.<\/p>\n\n\n\n<p><\/p>\n\n\n\n<h3 class=\"wp-block-heading\" id=\"low-voltage-landscape-lighting\">Alacsony Fesz\u00fclts\u00e9g\u0171 Kertvil\u00e1g\u00edt\u00e1s<\/h3>\n\n\n\n<ul class=\"wp-block-list\">\n<li>Konzisztens f\u00e9nyer\u0151 m\u00e9g felh\u0151s napokon is.<\/li>\n\n\n\n<li>Rugalmas elhelyez\u00e9s a csatlakoztatott <strong>k\u00e1bellel<\/strong> \u00e9s egy k\u00f6zponti <strong>transzform\u00e1torral<\/strong>.<\/li>\n\n\n\n<li>J\u00f3l m\u0171k\u00f6dik id\u0151z\u00edt\u0151kkel, dimmerrel \u00e9s okos otthoni rendszerekkel.<\/li>\n<\/ul>\n\n\n\n<p>1) Egy megfelel\u0151en telep\u00edtett <strong>kisfesz\u00fclts\u00e9g\u0171<\/strong> rendszer teljes ir\u00e1ny\u00edt\u00e1st ad a k\u00fclt\u00e9ri hangulatod felett\u2014nincs tal\u00e1lgat\u00e1s naplemente ut\u00e1n.<br>2) Nem f\u00fcgg a napt\u00f3l, \u00edgy a kerted vil\u00e1g\u00edt marad viharok vagy t\u00e9li \u00e9jszak\u00e1k idej\u00e9n is.<\/p>\n\n\n\n<p>\u2022 Szeretn\u00e9l megb\u00edzhat\u00f3s\u00e1got? Ez az. Nincs akkumul\u00e1tor, ami lemer\u00fclne, vagy panel, amit tiszt\u00edtani kellene.<\/p>\n\n\n\n<p>Ha hossz\u00fa bej\u00e1r\u00f3d van, vagy pontosan szeretn\u00e9d megvil\u00e1g\u00edtani a f\u00e1kat, utakat vagy \u00e9p\u00edt\u00e9szeti elemeket, <strong>kertvil\u00e1g\u00edt\u00e1s<\/strong> Az \u00e1talak\u00edt\u00f3 \u00e1ltal m\u0171k\u00f6dtetett megold\u00e1s a legjobb v\u00e1laszt\u00e1s. Ez biztons\u00e1gosabb, mint a magasfesz\u00fclts\u00e9g\u0171 rendszerek, \u00e9s k\u00f6nnyebb karbantartani telep\u00edt\u00e9s ut\u00e1n.<\/p>\n\n\n\n<p>K\u00fcl\u00f6nb\u00f6z\u0151 l\u00e1mpat\u00edpusokat keverhetsz \u2014 p\u00e9ld\u00e1ul reflektorokat f\u00e1khoz, utcab\u00fatorokat j\u00e1rd\u00e1khoz \u2014 \u00e9s mindet egyetlen z\u00f6kken\u0151mentes h\u00e1l\u00f3zatba k\u00f6theted tart\u00f3s, alacsony \u00e1tm\u00e9r\u0151j\u0171 k\u00e1belekkel.<\/p>\n\n\n\n<p>A l\u00e9p\u00e9sr\u0151l l\u00e9p\u00e9sre t\u00f6rt\u00e9n\u0151 telep\u00edt\u00e9s eleinte n\u00e9mi er\u0151fesz\u00edt\u00e9st ig\u00e9nyelhet, de a megt\u00e9r\u00fcl\u00e9s hatalmas: \u00e9vszakt\u00f3l f\u00fcggetlen\u00fcl stabil teljes\u00edtm\u00e9nyt ny\u00fajt an\u00e9lk\u00fcl, hogy napi napf\u00e9nyre lenne sz\u00fcks\u00e9g.<\/p>\n\n\n\n<p>MG Lighting szem\u00e9lyre szabott csomagokat k\u00edn\u00e1l, amelyek pr\u00e9mium min\u0151s\u00e9g\u0171 l\u00e1mpatesteket \u00e9s hat\u00e9kony transzform\u00e1torokat tartalmaznak \u2014 t\u00f6k\u00e9letes, ha fejleszt\u00e9st szeretn\u00e9l, de nem akarsz \u00f6sszezavarodott m\u0171szaki adatok k\u00f6z\u00f6tt matatni.<\/p>\n\n\n\n<h3 class=\"wp-block-heading\" id=\"solar-lights\">Napelemes vil\u00e1g\u00edt\u00e1s<\/h3>\n\n\n\n<ul class=\"wp-block-list\">\n<li>Teljesen vezet\u00e9k n\u00e9lk\u00fcli telep\u00edt\u00e9s, nincs sz\u00fcks\u00e9g \u00e1rkok vagy \u00e1s\u00e1sok elv\u00e9gz\u00e9s\u00e9re.<\/li>\n\n\n\n<li>A nap \u00e1ltal m\u0171k\u00f6dtetve = id\u0151vel nulla villamosenergia-k\u00f6lts\u00e9g.<\/li>\n\n\n\n<li>K\u00f6rnyezetbar\u00e1t v\u00e1laszt\u00e1s, amely cs\u00f6kkenti az energiafogyaszt\u00e1st.<\/li>\n<\/ul>\n\n\n\n<p>1) Helyezd el \u0151ket a talajba, ahol a napf\u00e9ny \u00e9ri \u0151ket \u2014 n\u00e9h\u00e1ny perc alatt k\u00e9sz.<br>2) Be\u00e9p\u00edtett \u00e9rz\u00e9kel\u0151k automatikusan bekapcsolj\u00e1k \u0151ket sz\u00fcrk\u00fcletkor \u2014 nagyon k\u00e9nyelmes.<\/p>\n\n\n\n<p>\u2022 De itt a b\u00f6kken\u0151: felh\u0151s hetek gyorsan lemer\u00edtik az akkumul\u00e1torukat.<\/p>\n\n\n\n<p>Napelemes <strong>k\u00fclt\u00e9ri vil\u00e1g\u00edt\u00e1s<\/strong> Legink\u00e1bb ott m\u0171k\u00f6dik a legjobban, ahol a legt\u00f6bb id\u0151ben k\u00f6zvetlen napf\u00e9ny \u00e9ri \u2014 p\u00e9ld\u00e1ul nyitott udvarok vagy teraszok, ahol nincs \u00e1rny\u00e9k a f\u00e1k vagy \u00e9p\u00fcletek miatt.<\/p>\n\n\n\n<p>Minden egys\u00e9g \u00f6n\u00e1ll\u00f3an m\u0171k\u00f6dik saj\u00e1t kis panelj\u00e9vel \u00e9s \u00fajrat\u00f6lthet\u0151 akkumul\u00e1tor\u00e1val; nincs sz\u00fcks\u00e9g k\u00f6zponti k\u00e1belez\u00e9sre vagy k\u00fcls\u0151 transzform\u00e1torokra, mint a hagyom\u00e1nyos rendszerekn\u00e9l.<\/p>\n\n\n\n<p>Azonban a teljes\u00edtm\u00e9ny er\u0151sen v\u00e1ltozik a helysz\u00edn \u00e9s az \u00e9vszak f\u00fcggv\u00e9ny\u00e9ben \u2014 t\u00e9len a ter\u00fcletek s\u00f6t\u00e9tebbek lehetnek, ha a panelek nem kapnak el\u00e9g napf\u00e9nyt a nappali \u00f3r\u00e1kban.<\/p>\n\n\n\n<p>Ha k\u00f6nnyen telep\u00edthet\u0151 megold\u00e1st keresel minim\u00e1lis elk\u00f6telezetts\u00e9ggel \u2014 \u00e9s nem b\u00e1nod, ha a l\u00e1mpatestek k\u00f6z\u00f6tt kiss\u00e9 egyenetlen a f\u00e9nyer\u0151 \u2014 ez j\u00f3 v\u00e1laszt\u00e1s lehet a kerti vagy teraszi szeg\u00e9lyek k\u00f6r\u00fcli alkalmi haszn\u00e1latra.<\/p>\n\n\n\n<h2 class=\"wp-block-heading\" id=\"five-steps-for-low-voltage-landscape-lighting-layout\">\u00d6t l\u00e9p\u00e9s a alacsony fesz\u00fclts\u00e9g\u0171 kertvil\u00e1g\u00edt\u00e1si elrendez\u00e9shez<\/h2>\n\n\n\n<p>A megfelel\u0151 vil\u00e1g\u00edt\u00e1s kialak\u00edt\u00e1sa a gondos tervez\u00e9ssel kezd\u0151dik. Ezek az \u00f6t l\u00e9p\u00e9s seg\u00edtenek a telep\u00edt\u00e9sben <strong>kisfesz\u00fclts\u00e9g\u0171 t\u00e1jvil\u00e1g\u00edt\u00e1s<\/strong> sok sim\u00e1bb \u00e9s hat\u00e9konyabb.<\/p>\n\n\n\n<h3 class=\"wp-block-heading\" id=\"step-1-\u2013-assess-site-features-and-layout-requirements\">1. l\u00e9p\u00e9s \u2013 A helysz\u00edn jellemz\u0151inek \u00e9s elrendez\u00e9si k\u00f6vetelm\u00e9nyek \u00e9rt\u00e9kel\u00e9se<\/h3>\n\n\n\n<p>\u2022 S\u00e9t\u00e1ljon k\u00f6rbe az ingatlanon alkonyatkor\u2014jegyezze fel a s\u00f6t\u00e9t sarkokat, balesetvesz\u00e9lyes ter\u00fcleteket vagy kiemelked\u0151 f\u00e1kat.<br>\u2022 Rajzoljon egy durva t\u00e9rk\u00e9pet, amely bemutatja <strong>a helysz\u00edn jellemz\u0151it<\/strong>, bele\u00e9rtve <strong>az utakat<\/strong>, teraszokat \u00e9s f\u00f3kuszpontokat, mint p\u00e9ld\u00e1ul <strong>f\u00e1kat<\/strong> vagy v\u00edzfel\u00fcleteket.<br>\u2022 Vegye figyelembe, hogyan haszn\u00e1lj\u00e1k az emberek az egyes ter\u00fcleteket\u2014s\u00e9t\u00e1lnak rajta? \u00dclnek ott? N\u00e9zik bel\u00fclr\u0151l?<\/p>\n\n\n\n<p>\u2192 Gondoljon arra, mit szeretne kiemelni, \u00e9s mit hagyna alacsony profil\u00fav\u00e1. P\u00e9ld\u00e1ul egy hangulatos \u00fcl\u0151hely lehet, hogy l\u00e1gy f\u00e9nyt ig\u00e9nyel, m\u00edg egy hossz\u00fa j\u00e1rda eg\u00e9sze egys\u00e9ges megvil\u00e1g\u00edt\u00e1st k\u00edv\u00e1n.<\/p>\n\n\n\n<h3 class=\"wp-block-heading\" id=\"step-2-\u2013-choose-fixtures-pathway-ground-lights-and-directional-floodlights\">2. l\u00e9p\u00e9s \u2013 Vil\u00e1g\u00edt\u00f3testek kiv\u00e1laszt\u00e1sa: j\u00e1rdavil\u00e1g\u00edt\u00e1s \u00e9s ir\u00e1ny\u00edtott reflektorok<\/h3>\n\n\n\n<p>\u2013 P\u00e1ros\u00edtsa a vil\u00e1g\u00edt\u00f3test t\u00edpus\u00e1t a funkci\u00f3val: haszn\u00e1ljon <strong>j\u00e1rdavil\u00e1g\u00edt\u00e1st<\/strong> az ir\u00e1ny\u00edt\u00e1shoz \u00e9s biztons\u00e1ghoz, m\u00edg <strong>ir\u00e1ny\u00edtott reflektorokat<\/strong> legink\u00e1bb a dr\u00e1mai felfel\u00e9 vil\u00e1g\u00edt\u00e1shoz magas t\u00e1rgyakon, p\u00e9ld\u00e1ul f\u00e1kon vagy falakon.<\/p>\n\n\n\n<p>\u2013 Figyeljen a sugaraz\u00e1sra \u00e9s a f\u00e9nyer\u0151 szintekre\u2014a sz\u00e9lesebb sugarak t\u00f6bb ter\u00fcletet fednek le, de ha nem megfelel\u0151en vannak elhelyezve, lehet, hogy gyeng\u00e9bbnek t\u0171nnek.<\/p>\n\n\n\n<p>\u2013 Egyes\u00edtsd az eszt\u00e9tik\u00e1t a hasznoss\u00e1ggal \u00fagy, hogy olyan terveket v\u00e1lassz, amelyek kieg\u00e9sz\u00edtik a k\u00f6rnyez\u0151 elemeket, p\u00e9ld\u00e1ul a k\u0151m\u0171vess\u00e9get vagy a kert\u00e1gy\u00e1sokat.<\/p>\n\n\n\n<p>R\u00f6vid tipp-burkolatok:<br>\u2713 Haszn\u00e1lj meleg feh\u00e9r \u00e1rnyalatokat (2700K\u20133000K) a hangulatos hangulat\u00e9rt.<br>\u2713 Ker\u00fcld a t\u00falzott vil\u00e1g\u00edt\u00e1st; a finoms\u00e1g gyakran eleg\u00e1nsabbnak t\u0171nik, mint az intenzit\u00e1s.<br>\u2713 Helyezd el a l\u00e1mpatesteket olyan helyeken, ahol nem r\u00fagj\u00e1k, nem futj\u00e1k \u00e1t, vagy nem temetik el mulcs al\u00e1.<\/p>\n\n\n\n<h3 class=\"wp-block-heading\" id=\"step-3-\u2013-plan-wiring-with-12-volt-cable-runs-and-waterproof-connections\">3. l\u00e9p\u00e9s \u2013 Vezet\u00e9kek tervez\u00e9se 12 voltos k\u00e1belvezet\u00e9kekkel \u00e9s v\u00edz\u00e1ll\u00f3 csatlakoz\u00e1sokkal<\/h3>\n\n\n\n<p>\u2022 Kezdd a transzform\u00e1tor hely\u00e9t\u0151l \u2013 ide\u00e1lisan egy k\u00fclt\u00e9ri aljzat k\u00f6zel\u00e9ben \u2013 \u00e9s tervezd meg a f\u0151 cs\u0151vezet\u00e9k vonalat vastagabb vezet\u00e9kkel, hogy elker\u00fcld a komoly <strong>fesz\u00fclts\u00e9gcs\u00f6kken\u00e9st<\/strong> hossz\u00fa vezet\u00e9kek eset\u00e9n.<\/p>\n\n\n\n<p>\u2022 \u00c1gazz ki m\u00e1sodlagos vonalakat a l\u00e1mpa z\u00f3n\u00e1k fel\u00e9 v\u00edz\u00e1ll\u00f3 csatlakoz\u00f3kkal minden csom\u00f3pontn\u00e1l, hogy szoros z\u00e1r\u00e1st biztos\u00edts a z\u00e1porok vagy \u00f6nt\u00f6z\u00e9si ciklusok idej\u00e9n.<\/p>\n\n\n\n<p>Csoportos megfontol\u00e1sok:<br>\u25b6\ufe0f Transzform\u00e1tor elhelyez\u00e9se \u2014 K\u00f6zel a t\u00e1pegys\u00e9ghez, de lehet\u0151s\u00e9g szerint rejtve a l\u00e1tv\u00e1ny el\u0151l.<br>\u25b6\ufe0f Vezet\u00e9k vastags\u00e1ga \u2014 Haszn\u00e1lj vastagabb vezet\u00e9keket (p\u00e9ld\u00e1ul 12AWG) hosszabb t\u00e1vols\u00e1gokra; a v\u00e9konyabb vezet\u00e9kek probl\u00e9m\u00e1kat okozhatnak a v\u00e9gpontokon val\u00f3 gyeng\u00fcl\u00e9sben.<br>\u25b6\ufe0f Csatlakoz\u00e1s biztons\u00e1ga \u2014 Haszn\u00e1lj g\u00e9llel t\u00f6lt\u00f6tt csavarokat vagy zsugorcs\u0151 csatlakoz\u00f3kat, amelyek f\u00f6ld alatti haszn\u00e1latra vannak min\u0151s\u00edtve.<\/p>\n\n\n\n<h3 class=\"wp-block-heading\" id=\"step-4-\u2013-position-fixtures-in-durable-weatherproof-materials\">4. l\u00e9p\u00e9s \u2013 L\u00e1mpatestek elhelyez\u00e9se tart\u00f3s, id\u0151j\u00e1r\u00e1s\u00e1ll\u00f3 anyagokban<\/h3>\n\n\n\n<p>Itt a neh\u00e9zs\u00e9gi t\u00e9nyez\u0151k sz\u00e1m\u00edtanak\u2014v\u00e1lassz s\u00e1rgar\u00e9z, r\u00e9z vagy rozsdamentes ac\u00e9l l\u00e1mpatesteket, ha azok eg\u00e9sz \u00e9vben kem\u00e9ny id\u0151j\u00e1r\u00e1si k\u00f6r\u00fclm\u00e9nyek k\u00f6z\u00f6tt vannak kit\u00e9ve. Ezek az anyagok jobban ellen\u00e1llnak a korr\u00f3zi\u00f3nak, mint a m\u0171anyag alternat\u00edv\u00e1k.<\/p>\n\n\n\n<p>Tartsd szem el\u0151tt ezeket a kulcspontokat:<\/p>\n\n\n\n<ul class=\"wp-block-list\">\n<li>Biztos\u00edtsd, hogy minden l\u00e1mpa szil\u00e1rdan r\u00f6gz\u00edtve legyen <strong>szerelv\u00e9nyekkel<\/strong>, k\u00fcl\u00f6n\u00f6sen olyan ter\u00fcleteken, ahol gyalogos forgalom van.<\/li>\n\n\n\n<li>Haszn\u00e1ljon megfelel\u0151 <strong>talajkar\u00f3kat<\/strong> amelyek nem mozdulnak el er\u0151s es\u0151 ut\u00e1n.<\/li>\n\n\n\n<li>Gy\u0151z\u0151dj\u00f6n meg arr\u00f3l, hogy minden alkatr\u00e9sz val\u00f3ban <strong>id\u0151j\u00e1r\u00e1s\u00e1ll\u00f3 anyagokb\u00f3l k\u00e9sz\u00fclt<\/strong>, nem csak feliratozva ilyenk\u00e9nt\u2014ellen\u0151rizze dupla az IP besorol\u00e1sokat, ha sz\u00fcks\u00e9ges.<\/li>\n\n\n\n<li>Ne feledje a szerelv\u00e9ny ir\u00e1ny\u00edt\u00e1s\u00e1t; m\u00e9g a legmassz\u00edvabb l\u00e1mpa is rosszul n\u00e9zhet ki, ha k\u00e9nyelmetlen\u00fcl d\u00f6nt\u00f6tt\u00e9k el valaki szeme fel\u00e9, ahelyett, hogy egy fa t\u00f6rzse fel\u00e9 ir\u00e1nyulna!<\/li>\n<\/ul>\n\n\n\n<h3 class=\"wp-block-heading\" id=\"step-5-\u2013-test-and-adjust-photocell-sensors-and-light-angles\">5. l\u00e9p\u00e9s \u2013 Fotocell\u00e1k \u00e9s l\u00e1mpa sz\u00f6gek tesztel\u00e9se \u00e9s be\u00e1ll\u00edt\u00e1sa<\/h3>\n\n\n\n<p>Miut\u00e1n minden telep\u00edtve van, v\u00e9gezzen teljes tesztet napnyugta ut\u00e1n\u2014ez az egyetlen m\u00f3dja annak, hogy l\u00e1ssa, hogyan m\u0171k\u00f6dik val\u00f3j\u00e1ban az \u00d6n be\u00e1ll\u00edt\u00e1sa \u00e9l\u0151ben.<\/p>\n\n\n\n<p>\u2714 Ellen\u0151rizze minden megvil\u00e1g\u00edt\u00e1si sz\u00f6get\u2014vet-e furcsa \u00e1rny\u00e9kokat? Egy fa vak\u00edt\u00f3an f\u00e9nyes, m\u00edg egy m\u00e1sik elt\u0171nik a s\u00f6t\u00e9ts\u00e9gben? Finomhangoljon, am\u00edg egyens\u00falyban nem lesz a t\u00e9rben.<\/p>\n\n\n\n<p>\u2714 \u00c1ll\u00edtsa be az id\u0151z\u00edt\u0151ket vagy finomhangolja <strong>a fotocell\u00e1k \u00e9rz\u00e9kenys\u00e9g\u00e9t<\/strong>, hogy a l\u00e1mp\u00e1k ne villogjanak fel felh\u0151s d\u00e9lut\u00e1nokon, vagy ne maradjanak t\u00fal sok\u00e1ig kialv\u00e1s ut\u00e1n kioltva.<\/p>\n\n\n\n<p>\u2714 N\u00e9zze meg az \u00f6sszefoglal\u00f3 lefedetts\u00e9get\u2014nemcsak a f\u00e9nyer\u0151t, hanem az ir\u00e1ny\u00edt\u00e1st is\u2014\u00e9s gy\u0151z\u0151dj\u00f6n meg arr\u00f3l, hogy egyik sug\u00e1rz\u00e1s sem ir\u00e1nyul k\u00f6zvetlen\u00fcl valaki h\u00e1l\u00f3szob\u00e1j\u00e1nak ablak\u00e1ba!<\/p>\n\n\n\n<p>Az utols\u00f3 sim\u00edt\u00e1sok be\u00e1ll\u00edt\u00e1s\u00e1val olyan alapvil\u00e1g\u00edt\u00e1st alak\u00edt ki, amely sz\u00e1nd\u00e9kosnak t\u0171nik\u2014\u00e9s val\u00f3ban men\u0151 kin\u00e9zet\u0171\u2014mik\u00f6zben a energiatakar\u00e9koss\u00e1got is maximaliz\u00e1lja az alacsony fesz\u00fclts\u00e9g\u0171 vezet\u00e9kes rendszerek okos haszn\u00e1lat\u00e1val, mint p\u00e9ld\u00e1ul a MG Lighting \u00e1ltal biztos\u00edtottak (csak egyszer!).<\/p>\n\n\n\n<h2 class=\"wp-block-heading\" id=\"pathway-illumination-low-voltage-landscape-lighting-guide\">\u00datvil\u00e1g\u00edt\u00e1s: Alacsony Fesz\u00fclts\u00e9g\u0171 Kertvil\u00e1g\u00edt\u00e1s \u00datmutat\u00f3<\/h2>\n\n\n\n<p>Az \u00fatjaid megvil\u00e1g\u00edt\u00e1sa nemcsak l\u00e1that\u00f3s\u00e1gr\u00f3l sz\u00f3l\u2014hanem a hangulat megteremt\u00e9s\u00e9r\u0151l \u00e9s az okos energiafelhaszn\u00e1l\u00e1sr\u00f3l is. N\u00e9zz\u00fck meg r\u00e9szletesen.<\/p>\n\n\n\n<figure class=\"wp-block-image size-large is-resized\"><img decoding=\"async\" width=\"1300\" height=\"569\" src=\"https:\/\/ledsteplight.com\/wp-content\/uploads\/2025\/10\/low-voltage-landscape-lighting-3-1300x569.png\" alt=\"\" class=\"wp-image-38387\" style=\"width:1078px;height:auto\" srcset=\"https:\/\/ledsteplight.com\/wp-content\/uploads\/2025\/10\/low-voltage-landscape-lighting-3-1300x569.png 1300w, https:\/\/ledsteplight.com\/wp-content\/uploads\/2025\/10\/low-voltage-landscape-lighting-3-400x175.png 400w, https:\/\/ledsteplight.com\/wp-content\/uploads\/2025\/10\/low-voltage-landscape-lighting-3-768x336.png 768w, https:\/\/ledsteplight.com\/wp-content\/uploads\/2025\/10\/low-voltage-landscape-lighting-3-18x8.png 18w, https:\/\/ledsteplight.com\/wp-content\/uploads\/2025\/10\/low-voltage-landscape-lighting-3-600x263.png 600w, https:\/\/ledsteplight.com\/wp-content\/uploads\/2025\/10\/low-voltage-landscape-lighting-3-1200x525.png 1200w, https:\/\/ledsteplight.com\/wp-content\/uploads\/2025\/10\/low-voltage-landscape-lighting-3-150x66.png 150w, https:\/\/ledsteplight.com\/wp-content\/uploads\/2025\/10\/low-voltage-landscape-lighting-3.png 1536w\" sizes=\"(max-width: 1300px) 100vw, 1300px\" \/><\/figure>\n\n\n\n<h3 class=\"wp-block-heading\" id=\"benefits-of-warm-white-lighting-for-garden-pathways\">A meleg feh\u00e9r vil\u00e1g\u00edt\u00e1s el\u0151nyei a kertutakhoz<\/h3>\n\n\n\n<p>Puha, <strong>meleg feh\u00e9r vil\u00e1g\u00edt\u00e1s<\/strong> nemcsak sz\u00e9pnek n\u00e9z ki\u2014okosabban m\u0171k\u00f6dik \u00e9jszaka.<\/p>\n\n\n\n<p>\u2022 N\u00f6veli <strong>l\u00e1t\u00f3t\u00e1vols\u00e1got<\/strong> kem\u00e9ny ragyog\u00e1s n\u00e9lk\u00fcl, \u00edgy biztons\u00e1gosabb\u00e1 t\u00e9ve az esti s\u00e9t\u00e1kat.<br>\u2022 A hangulatos t\u00f3nus fokozza a kerted <strong>hangulat\u00e1t<\/strong>, sz\u00e9pen keveredve a z\u00f6ld n\u00f6v\u00e9nyzettel.<br>\u2022 Az alacsonyabb <strong><strong>sz\u00ednh\u0151m\u00e9rs\u00e9klet<\/strong><\/strong> cs\u00f6kkenti a szemf\u00e1radts\u00e1got, \u00e9s t\u00f6bb rovar t\u00e1vol tart\u00e1s\u00e1ban seg\u00edt, mint a h\u0171v\u00f6sebb t\u00f3nusok.<\/p>\n\n\n\n<p>A 2024-es Outdoor Illumination Trends jelent\u00e9se szerint t\u00f6bb mint 68% h\u00e1ztulajdonos prefer\u00e1lja a meleg f\u00e9nyt nyugtat\u00f3 hat\u00e1sa \u00e9s energiatakar\u00e9kos profilja miatt. Ez nem meglep\u0151\u2014ez a t\u00edpus\u00fa <strong>kert\u00fatvil\u00e1g\u00edt\u00e1s<\/strong> k\u00f6nnyen kezelhet\u0151 a szem sz\u00e1m\u00e1ra, \u00e9s cs\u00f6kkenti az elektromos sz\u00e1ml\u00e1t.<\/p>\n\n\n\n<h3 class=\"wp-block-heading\" id=\"selecting-pathway-ground-lights-with-impact-resistant-lenses\">Hat\u00e1s\u00e1ll\u00f3 lencs\u00e9kkel ell\u00e1tott \u00fatjelz\u0151 l\u00e1mp\u00e1k kiv\u00e1laszt\u00e1sa<\/h3>\n\n\n\n<p>Nem minden <strong>\u00fatjelz\u0151 l\u00e1mpa<\/strong> egyforma\u2014k\u00fcl\u00f6n\u00f6sen, ha r\u00fag\u00e1sokr\u00f3l, f\u0171ny\u00edr\u00f3kr\u00f3l vagy rossz id\u0151j\u00e1r\u00e1sr\u00f3l van sz\u00f3.<\/p>\n\n\n\n<ol class=\"wp-block-list\">\n<li>Keress vastag <strong>polikarbon\u00e1t lencs\u00e9kkel k\u00e9sz\u00fclt<\/strong>l\u00e1mpatesteket, amelyek jobban ellen\u00e1llnak a reped\u00e9snek, mint a hagyom\u00e1nyos \u00fcveg.<\/li>\n\n\n\n<li>V\u00e1lassz t\u00f6rhetetlen vagy magas \u00fct\u00e9s\u00e1ll\u00f3s\u00e1g\u00fa jel\u00f6l\u00e9ssel ell\u00e1tott modelleket.<\/li>\n\n\n\n<li>Gy\u0151z\u0151dj\u00f6n meg arr\u00f3l, hogy a l\u00e1mp\u00e1i er\u0151s <strong>id\u0151j\u00e1r\u00e1s\u00e1ll\u00f3s\u00e1got k\u00edn\u00e1lnak<\/strong>, k\u00fcl\u00f6n\u00f6sen olyan ter\u00fcleteken, ahol h\u00f3 vagy intenz\u00edv napf\u00e9ny van.<\/li>\n\n\n\n<li>Fontolja meg a be\u00e9p\u00edtett kialak\u00edt\u00e1sokat, amelyek s\u00edkban vannak a talajjal\u2014kev\u00e9sb\u00e9 val\u00f3sz\u00edn\u0171, hogy r\u00e1l\u00e9pnek vagy megs\u00e9r\u00fclnek.<\/li>\n\n\n\n<li>Ellen\u0151rizze az IP besorol\u00e1sokat; a magasabb sz\u00e1mok jobb v\u00e9delmet jelentenek a por \u00e9s v\u00edz behatol\u00e1sa ellen.<\/li>\n<\/ol>\n\n\n\n<p>Massz\u00edv felszerel\u00e9s kevesebb cser\u00e9t jelent\u2014\u00e9s kevesebb fejf\u00e1j\u00e1st k\u00e9s\u0151bb.<\/p>\n\n\n\n<h3 class=\"wp-block-heading\" id=\"durable-housing-options-stainless-steel-vs-composite-materials\">Tart\u00f3s h\u00e1z lehet\u0151s\u00e9gek: rozsdamentes ac\u00e9l vs. kompozit anyagok<\/h3>\n\n\n\n<p>V\u00e1laszt\u00e1s k\u00f6z\u00f6tt <strong>rozsdamentes ac\u00e9l<\/strong> \u00e9s <strong>kompozit anyagok<\/strong>? \u00cdme, hogyan \u00e1llnak \u00f6ssze:<\/p>\n\n\n\n<figure class=\"wp-block-table\"><table class=\"has-fixed-layout\"><thead><tr><th>Jellemz\u0151<\/th><th>Rozsdamentes ac\u00e9l<\/th><th>Kompozit anyagok<\/th><\/tr><\/thead><tbody><tr><td><strong>Korr\u00f3zi\u00f3\u00e1ll\u00f3s\u00e1g<\/strong><\/td><td>Kiv\u00e1l\u00f3 (ha tengeri min\u0151s\u00e9g\u0171)<\/td><td>K\u00f6zepes (f\u00fcgg a gyant\u00e1t\u00f3l)<\/td><\/tr><tr><td><strong>Hossz\u00fa \u00e9lettartam<\/strong><\/td><td>10\u201320 \u00e9v<\/td><td>5\u201310 \u00e9v<\/td><\/tr><tr><td><strong>Karbantart\u00e1si ig\u00e9nyek<\/strong><\/td><td>Alkalmi pol\u00edroz\u00e1s<\/td><td>Gyakorlatilag karbantart\u00e1smentes<\/td><\/tr><tr><td><strong>K\u00f6lts\u00e9gtartom\u00e1ny ($)<\/strong><\/td><td>$50\u2013$120 darabonk\u00e9nt<\/td><td>$30\u2013$80 darabonk\u00e9nt<\/td><\/tr><\/tbody><\/table><\/figure>\n\n\n\n<p>Ha eleg\u00e1ns, \u00f6r\u00f6k tart\u00f3ss\u00e1g\u00fa fel\u00fcletet szeretne, v\u00e1lassza a rozsdamentes ac\u00e9lt \u2013 de sz\u00e1m\u00edtson n\u00e9mi karbantart\u00e1sra. P\u00e1r\u00e1s \u00e9ghajlaton a probl\u00e9mamentes telep\u00edt\u00e9shez a kompozitok lehetnek a nyer\u0151k, mivel szil\u00e1rdan tart\u00f3sak \u00e9s nem rozsd\u00e1sodnak.<\/p>\n\n\n\n<h3 class=\"wp-block-heading\" id=\"optimizing-12-volt-power-with-waterproof-connectors\">12 voltos t\u00e1pell\u00e1t\u00e1s optimaliz\u00e1l\u00e1sa v\u00edz\u00e1ll\u00f3 csatlakoz\u00f3kkal<\/h3>\n\n\n\n<p>A rendszer maxim\u00e1lis kihaszn\u00e1l\u00e1sa a sz\u00ednfalak m\u00f6g\u00f6tt kezd\u0151dik \u2013 a megfelel\u0151 vezet\u00e9kez\u00e9ssel.<\/p>\n\n\n\n<p>\u2714 Haszn\u00e1ljon nagy teherb\u00edr\u00e1s\u00fa, alacsony keresztmetszet\u0171 k\u00e1belt a fesz\u00fclts\u00e9ges\u00e9s cs\u00f6kkent\u00e9se \u00e9rdek\u00e9ben a hossz\u00fa vezet\u00e9kszakaszokon<br>\u2714 V\u00e1lasszon kiv\u00e1l\u00f3 min\u0151s\u00e9g\u0171, g\u00e9llel t\u00f6lt\u00f6tt vagy h\u0151re zsugorod\u00f3 <strong>v\u00edz\u00e1ll\u00f3 csatlakoz\u00f3kat<\/strong>\u2013 ezek megakad\u00e1lyozz\u00e1k a nedvess\u00e9g besziv\u00e1rg\u00e1sa okozta r\u00f6vidz\u00e1rlatokat<br>\u2714 Gondosan tervezze meg a k\u00e1bel \u00fatvonal\u00e1t, hogy ne terheljen t\u00fal egyetlen \u00e1gat sem; ez biztos\u00edtja a rendszer z\u00f6kken\u0151mentes m\u0171k\u00f6d\u00e9s\u00e9t<br>\u2714 Mindig tesztelje az egyes csatlakoz\u00e1sokat a vezet\u00e9kek eltemet\u00e9se el\u0151tt \u2013 ezzel \u00f3r\u00e1kat takar\u00edthat meg k\u00e9s\u0151bb<\/p>\n\n\n\n<p>A j\u00f3l vezet\u00e9kezett rendszer egyenletes f\u00e9nyer\u0151t biztos\u00edt minden l\u00e1mpatestn\u00e9l, m\u00e9g a transzform\u00e1tort\u00f3l legt\u00e1volabb es\u0151 ponton is. Ez az, ami miatt egy j\u00f3 kisfesz\u00fclts\u00e9g\u0171 rendszer pr\u00e9mium telep\u00edt\u00e9snek \u00e9rz\u0151dik \u2013 \u00e9s az MG Lighting ezt minden alkalommal eltal\u00e1lja.<\/p>\n\n\n\n<p>Az anyagok \u00e9s az energiagazd\u00e1lkod\u00e1s okos kombin\u00e1l\u00e1s\u00e1val, valamint a gy\u00f6ny\u00f6r\u0171 f\u00e9nymin\u0151s\u00e9ggel a k\u00fclt\u00e9ri tere ragyoghat an\u00e9lk\u00fcl, hogy energi\u00e1t \u2013 vagy t\u00fcrelmet \u2013 pazarolna.<\/p>\n\n\n\n<h2 class=\"wp-block-heading\" id=\"faqsaboutlowvoltagelandscapelighting\">GYIK a kisfesz\u00fclts\u00e9g\u0171 t\u00e1jvil\u00e1g\u00edt\u00e1sr\u00f3l<\/h2>\n\n\n\n<figure class=\"wp-block-image size-large is-resized\"><img decoding=\"async\" width=\"1200\" height=\"800\" src=\"https:\/\/ledsteplight.com\/wp-content\/uploads\/2025\/10\/low-voltage-landscape-lighting-4-1200x800.png\" alt=\"\" class=\"wp-image-38388\" style=\"width:951px;height:auto\" srcset=\"https:\/\/ledsteplight.com\/wp-content\/uploads\/2025\/10\/low-voltage-landscape-lighting-4-1200x800.png 1200w, https:\/\/ledsteplight.com\/wp-content\/uploads\/2025\/10\/low-voltage-landscape-lighting-4-400x267.png 400w, https:\/\/ledsteplight.com\/wp-content\/uploads\/2025\/10\/low-voltage-landscape-lighting-4-768x512.png 768w, https:\/\/ledsteplight.com\/wp-content\/uploads\/2025\/10\/low-voltage-landscape-lighting-4-18x12.png 18w, https:\/\/ledsteplight.com\/wp-content\/uploads\/2025\/10\/low-voltage-landscape-lighting-4-600x400.png 600w, https:\/\/ledsteplight.com\/wp-content\/uploads\/2025\/10\/low-voltage-landscape-lighting-4-150x100.png 150w, https:\/\/ledsteplight.com\/wp-content\/uploads\/2025\/10\/low-voltage-landscape-lighting-4.png 1248w\" sizes=\"(max-width: 1200px) 100vw, 1200px\" \/><\/figure>\n\n\n\n<p><strong>Mit\u0151l okos v\u00e1laszt\u00e1s a kisfesz\u00fclts\u00e9g\u0171 vil\u00e1g\u00edt\u00e1s nagy k\u00fclt\u00e9ri ter\u00fcletekre?<\/strong><br>A biztons\u00e1gr\u00f3l \u00e9s az ir\u00e1ny\u00edt\u00e1sr\u00f3l sz\u00f3l. A rendszerben mind\u00f6ssze 12 volt fesz\u00fclts\u00e9g fut, \u00edgy kisebb a kock\u00e1zat a telep\u00edt\u00e9s vagy a karbantart\u00e1s sor\u00e1n \u2013 k\u00fcl\u00f6n\u00f6sen nedves k\u00f6rnyezetben. Az energiahat\u00e9kony meghajt\u00f3kkal \u00e9s az intelligens \u00e9rz\u00e9kel\u0151kkel p\u00e1ros\u00edtva pedig megb\u00edzhat\u00f3 f\u00e9nyt kap, amely a k\u00f6rnyezet\u00e9hez igazodik an\u00e9lk\u00fcl, hogy energi\u00e1t pazarolna.<\/p>\n\n\n\n<p><strong>Milyen k\u00fcl\u00f6nbs\u00e9get jelentenek a v\u00edz\u00e1ll\u00f3 csatlakoz\u00f3k a hossz\u00fa t\u00e1v\u00fa teljes\u00edtm\u00e9ny szempontj\u00e1b\u00f3l?<\/strong><\/p>\n\n\n\n<ul class=\"wp-block-list\">\n<li>Megakad\u00e1lyozza a nedvess\u00e9g bejut\u00e1s\u00e1t\u2014m\u00e9g er\u0151s es\u0151 vagy locsol\u00f3rendszer ciklusai ut\u00e1n is<\/li>\n\n\n\n<li>Az \u00e1ramell\u00e1t\u00e1s stabil marad minden l\u00e1mpatestn\u00e9l, nem okoz villog\u00f3 meglepet\u00e9seket<\/li>\n\n\n\n<li>Nem fogja hamarosan cser\u00e9lni a korrod\u00e1lt vezet\u00e9keket<\/li>\n<\/ul>\n\n\n\n<p>Az egyes csatlakoz\u00f3k belsej\u00e9ben l\u00e9v\u0151 kis t\u00f6m\u00edt\u00e9s? Csendesen v\u00e9gzi a munk\u00e1j\u00e1t, megv\u00e9dve az eg\u00e9sz rendszer\u00e9t a meghib\u00e1sod\u00e1st\u00f3l.<\/p>\n\n\n\n<p><strong>Mely anyagok b\u00edrj\u00e1k legjobban a folyamatos k\u00fclt\u00e9ri kitetts\u00e9get?<\/strong><br>A rozsdamentes ac\u00e9l er\u0151s\u2014 \u00fagy b\u00e1nik a rozsda ellen, mintha stormokra k\u00e9sz\u00fclt volna. Az \u00f6sszetett h\u00e1zak szint\u00e9n er\u0151s versenyz\u0151k: egy\u00e1ltal\u00e1n nem rozsd\u00e1sodnak, \u00e9s k\u00f6nnyed\u00e9n kezelik a h\u0151m\u00e9rs\u00e9klet-ingadoz\u00e1sokat. Nagy telep\u00edt\u00e9sekn\u00e9l, ahol a cser\u00e9k nem k\u00f6nny\u0171ek, ezek az anyagok id\u0151t \u00e9s fejf\u00e1j\u00e1st takar\u00edtanak meg.<\/p>\n\n\n\n<p><strong>Val\u00f3ban megv\u00e1ltoztathatj\u00e1k a t\u00e9r \u00e9rzet\u00e9t a meleg feh\u00e9r LED-ek \u00e9jszaka?<\/strong><br>Abszol\u00fat. Az enyhe borosty\u00e1n \u00e1rnyalat nemcsak sz\u00e9p\u2014 seg\u00edt az \u00fatvonalak ment\u00e9n l\u00e9pkedni, mik\u00f6zben a kertek otthonosabbnak t\u0171nnek, nem hidegnek. Egy meleg feh\u00e9r f\u00e9nnyel szeg\u00e9lyezett kocsibej\u00e1r\u00f3 nemcsak \u201ebiztons\u00e1gosnak\u201d mondja\u2014 hanem \u201e\u00fcdv\u00f6zl\u0151nek\u201d is.<\/p>\n\n\n\n<p><strong>Mi\u00e9rt olyan fontos egy l\u00e9pcs\u0151fok-cs\u00f6kkent\u0151 konverter ezekben a rendszerekben?<\/strong>Az \u00e1ltal\u00e1nos elektromos \u00e1ram t\u00fal er\u0151s a kis fesz\u00fclts\u00e9g\u0171 l\u00e1mpatestekhez\u2014 itt l\u00e9p be a konverter. Cs\u00f6kkenti a bej\u00f6v\u0151 elektromos \u00e1ramot 12V szintekre, amelyeket az LED-alkatr\u00e9szek biztons\u00e1gosan haszn\u00e1lhatnak, \u00edgy hossz\u00fa t\u00e1von h\u0171v\u00f6sen \u00e9s hat\u00e9konyan m\u0171k\u00f6dnek.<\/p>\n\n\n\n<p><strong>Jobbak a napelemes lehet\u0151s\u00e9gek a vezet\u00e9kesekn\u00e9l nagyobb projektek eset\u00e9n?<\/strong>Nem mindig. A napelemes l\u00e1mp\u00e1k els\u0151re k\u00f6nnyebbek lehetnek\u2014 nincs k\u00e1bel\u2014 de gyakran neh\u00e9zs\u00e9get okoznak felh\u0151s napokon vagy \u00e1rny\u00e9kos helyeken, p\u00e9ld\u00e1ul f\u00e1k vagy \u00e9p\u00fcletek k\u00f6zel\u00e9ben. A vezet\u00e9kes 12V-os rendszerek mindig vil\u00e1g\u00edtanak, f\u00fcggetlen\u00fcl az id\u0151j\u00e1r\u00e1st\u00f3l, ami fontos, amikor a k\u00f6vetkezetess\u00e9g a legfontosabb, p\u00e9ld\u00e1ul campusokon vagy kereskedelmi ingatlanokon.<\/p>\n\n\n\n<p><\/p>","protected":false},"excerpt":{"rendered":"<p>\u00c9jszaka egy megfelel\u0151en megvil\u00e1g\u00edtott h\u00e1zhoz \u00e9rkezni? Ez nem szerencse \u2013 ez az alacsony fesz\u00fclts\u00e9g\u0171 t\u00e1jvil\u00e1g\u00edt\u00e1s m\u0171k\u00f6d\u00e9se.<\/p>","protected":false},"author":1,"featured_media":38354,"comment_status":"open","ping_status":"open","sticky":false,"template":"","format":"standard","meta":{"footnotes":""},"categories":[1],"tags":[],"class_list":["post-38382","post","type-post","status-publish","format-standard","has-post-thumbnail","hentry","category-uncategorized"],"_links":{"self":[{"href":"https:\/\/ledsteplight.com\/hu\/wp-json\/wp\/v2\/posts\/38382","targetHints":{"allow":["GET"]}}],"collection":[{"href":"https:\/\/ledsteplight.com\/hu\/wp-json\/wp\/v2\/posts"}],"about":[{"href":"https:\/\/ledsteplight.com\/hu\/wp-json\/wp\/v2\/types\/post"}],"author":[{"embeddable":true,"href":"https:\/\/ledsteplight.com\/hu\/wp-json\/wp\/v2\/users\/1"}],"replies":[{"embeddable":true,"href":"https:\/\/ledsteplight.com\/hu\/wp-json\/wp\/v2\/comments?post=38382"}],"version-history":[{"count":5,"href":"https:\/\/ledsteplight.com\/hu\/wp-json\/wp\/v2\/posts\/38382\/revisions"}],"predecessor-version":[{"id":38563,"href":"https:\/\/ledsteplight.com\/hu\/wp-json\/wp\/v2\/posts\/38382\/revisions\/38563"}],"wp:featuredmedia":[{"embeddable":true,"href":"https:\/\/ledsteplight.com\/hu\/wp-json\/wp\/v2\/media\/38354"}],"wp:attachment":[{"href":"https:\/\/ledsteplight.com\/hu\/wp-json\/wp\/v2\/media?parent=38382"}],"wp:term":[{"taxonomy":"category","embeddable":true,"href":"https:\/\/ledsteplight.com\/hu\/wp-json\/wp\/v2\/categories?post=38382"},{"taxonomy":"post_tag","embeddable":true,"href":"https:\/\/ledsteplight.com\/hu\/wp-json\/wp\/v2\/tags?post=38382"}],"curies":[{"name":"wp","href":"https:\/\/api.w.org\/{rel}","templated":true}]}}