{"id":38471,"date":"2025-11-24T06:12:43","date_gmt":"2025-11-24T06:12:43","guid":{"rendered":"https:\/\/ledsteplight.com\/?p=38471"},"modified":"2025-12-12T06:28:23","modified_gmt":"2025-12-12T06:28:23","slug":"mistakes-to-avoid-when-installing-in-ground-driveway-lights","status":"publish","type":"post","link":"https:\/\/ledsteplight.com\/hu\/mistakes-to-avoid-when-installing-in-ground-driveway-lights\/","title":{"rendered":"Hib\u00e1k, amelyeket el kell ker\u00fclni a f\u00f6ldbe s\u00fcllyesztett kocsibe\u00e1ll\u00f3 l\u00e1mp\u00e1k telep\u00edt\u00e9sekor"},"content":{"rendered":"<h1 class=\"wp-block-heading\"><\/h1>\n\n\n\n<p>A rosszul telep\u00edtett rendszerek <strong><strong><a href=\"https:\/\/ledsteplight.com\/hu\/30w-linear-in-ground-light-narrow-frame-outdoor-led-floor-lamp\/\" class=\"waam-auto-link\" title=\"j\u00e1rd\u00e1k vil\u00e1g\u00edt\u00e1s\u00e1ra a f\u00f6ld\u00f6n\">j\u00e1rd\u00e1k vil\u00e1g\u00edt\u00e1s\u00e1ra a f\u00f6ld\u00f6n<\/a><\/strong><\/strong> egy \u00e1ramsz\u00fcneti botr\u00e1nyba torkollnak\u2014tervezzen okosan, ker\u00fclje a szikr\u00e1kat, \u00e9s tartsa er\u0151sen a j\u00e1rd\u00e1j\u00e1t.<\/p>\n\n\n\n<p>Telep\u00edt\u00e9s <strong>j\u00e1rd\u00e1k vil\u00e1g\u00edt\u00e1s\u00e1ra a f\u00f6ld\u00f6n<\/strong> A j\u00e1rda vil\u00e1g\u00edt\u00e1s\u00e1nak f\u00f6ldre val\u00f3 telep\u00edt\u00e9se k\u00f6nny\u0171nek t\u0171nhet \u2013 am\u00edg nem az. Egy rossz mozdulat \u00e9s szikr\u00e1z\u00f3 l\u00e1mp\u00e1k, t\u00f3cs\u00e1k a r\u00e9gi \u00e9g\u0151k hely\u00e9n, vagy m\u00e9g rosszabb: teljes \u00e1ramsz\u00fcnet, amikor a rokona \u00e9jszaka behajt a j\u00e1rd\u00e1ra. Volt m\u00e1r ilyen, tapasztaltam. A vil\u00e1g\u00edt\u00e1s nemcsak hasznos \u2013 ez a biztons\u00e1g st\u00edlusosan, a j\u00e1rda vonzereje pedig funkci\u00f3val p\u00e1rosul. M\u00e9gis t\u00fal sok projektmenedzser kezeli a vil\u00e1g\u00edt\u00e1st mint ut\u00f3lagos gondolatot\u2026 am\u00edg a jav\u00edt\u00e1sok nem halmoz\u00f3dnak fel.<\/p>\n\n\n\n<p>Az igazs\u00e1g az, hogy a legt\u00f6bb nagy volumen\u0171 v\u00e1s\u00e1rl\u00f3 nem a k\u00f6lts\u00e9gvet\u00e9sen bukik el \u2013 hanem a rossz tervez\u00e9sen \u00e9s a rossz elhelyez\u00e9sen. Egy 2023-as felm\u00e9r\u00e9s szerint az Electrical Contractor Magazine szerint majdnem 47% <strong><a href=\"https:\/\/ledsteplight.com\/hu\/cree-bridgelux-chip-ip65-led-fixture-for-garden-facade-lighting\/\" class=\"waam-auto-link\" title=\"k\u00fclt\u00e9ri vil\u00e1g\u00edt\u00e1s\">k\u00fclt\u00e9ri vil\u00e1g\u00edt\u00e1s<\/a><\/strong> a hib\u00e1k abb\u00f3l ad\u00f3dnak, hogy a projekt korai szakasz\u00e1ban rossz telep\u00edt\u00e9si d\u00f6nt\u00e9seket hoznak. Ez nemcsak pazarolt p\u00e9nzt jelent \u2013 hanem id\u0151t is, amit a visszah\u00edv\u00e1sokra ford\u00edtanak, amit senki sem akar k\u00e9tszer megcsin\u00e1lni.<\/p>\n\n\n\n<figure class=\"wp-block-image size-full\"><img decoding=\"async\" width=\"1024\" height=\"559\" src=\"https:\/\/ledsteplight.com\/wp-content\/uploads\/2025\/11\/image.png\" alt=\"\" class=\"wp-image-38477\" srcset=\"https:\/\/ledsteplight.com\/wp-content\/uploads\/2025\/11\/image.png 1024w, https:\/\/ledsteplight.com\/wp-content\/uploads\/2025\/11\/image-400x218.png 400w, https:\/\/ledsteplight.com\/wp-content\/uploads\/2025\/11\/image-768x419.png 768w, https:\/\/ledsteplight.com\/wp-content\/uploads\/2025\/11\/image-18x10.png 18w, https:\/\/ledsteplight.com\/wp-content\/uploads\/2025\/11\/image-600x328.png 600w, https:\/\/ledsteplight.com\/wp-content\/uploads\/2025\/11\/image-150x82.png 150w\" sizes=\"(max-width: 1024px) 100vw, 1024px\" \/><\/figure>\n\n\n\n<h3 class=\"wp-block-heading\" id=\"keypointsintheglowwhattoknowbeforeinstallingdrivewaylightsonground\">F\u00e9nyl\u0151 pontok: Mit tudjunk meg, miel\u0151tt a j\u00e1rda vil\u00e1g\u00edt\u00e1s\u00e1t f\u00f6ldre telep\u00edtj\u00fck<\/h3>\n\n\n\n<p>\u2192 <strong>Megfelel\u0151 f\u00e9nyk\u00f6zpontoss\u00e1g<\/strong>: Ker\u00fclje a s\u00f6t\u00e9t foltokat, \u00e9s biztos\u00edtsa az egyenletes f\u00e9nyer\u0151t az elhelyez\u00e9s pontos kisz\u00e1m\u00edt\u00e1s\u00e1val \u2013 k\u00fcl\u00f6n\u00f6sen LED j\u00e1rdavil\u00e1g\u00edt\u00e1s eset\u00e9n.<br>\u2192 <strong>\u00c1ramforr\u00e1s tervez\u00e9se<\/strong>: Illessze a vil\u00e1g\u00edt\u00e1si rendszert kompatibilis \u00e1ramforr\u00e1sokkal, p\u00e9ld\u00e1ul alacsony fesz\u00fclts\u00e9g\u0171 transzform\u00e1torokkal, hogy elker\u00fclje a t\u00falterhel\u00e9st vagy a szikr\u00e1z\u00e1st.<br>\u2192 <strong>Id\u0151j\u00e1r\u00e1s\u00e1ll\u00f3 anyagok<\/strong>: V\u00e1lasszon tart\u00f3s alkatr\u00e9szeket, p\u00e9ld\u00e1ul id\u0151j\u00e1r\u00e1s\u00e1ll\u00f3 alum\u00ednium\u00f6tv\u00f6zetet \u00e9s z\u00e1rt szerkezetet a hossz\u00fa t\u00e1v\u00fa k\u00fclt\u00e9ri teljes\u00edtm\u00e9ny \u00e9rdek\u00e9ben.<br>\u2192 <strong>Helyi szab\u00e1lyoz\u00e1soknak val\u00f3 megfelel\u00e9s<\/strong>: Ellen\u0151rizze a helyi szab\u00e1lyokat a k\u00fclt\u00e9ri vil\u00e1g\u00edt\u00e1sra vonatkoz\u00f3an, hogy elker\u00fclje a b\u00edrs\u00e1gokat \u00e9s biztos\u00edtsa a biztons\u00e1gos, jogszer\u0171 telep\u00edt\u00e9st.<br>\u2192 <strong>Optim\u00e1lis l\u00e1mpahely<\/strong>: Helyezze el a l\u00e1mp\u00e1kat elker\u00fclve az akad\u00e1lyokat, \u00e9s k\u00f6zel a kulcsfontoss\u00e1g\u00fa l\u00e1that\u00f3s\u00e1gi pontokhoz mind biztons\u00e1g, mind a j\u00e1rda vonzereje \u00e9rdek\u00e9ben.<br>\u2192 <strong>Ambient f\u00e9nyegyens\u00faly<\/strong>: Haszn\u00e1ljon alkonyatt\u00f3l napkelt\u00e9ig \u00e9rz\u00e9kel\u0151ket \u00e9s megfelel\u0151 <strong><strong><a href=\"https:\/\/ledsteplight.com\/hu\/dm36b-pro-honeycomb-anti-glare-led-in-ground-light-ip67-24v-dc\/\" class=\"waam-auto-link\" title=\"sz\u00ednh\u0151m\u00e9rs\u00e9klet\">sz\u00ednh\u0151m\u00e9rs\u00e9klet<\/a><\/strong><\/strong> az \u00faj vil\u00e1g\u00edt\u00e1s \u00f6sszehangol\u00e1s\u00e1hoz a megl\u00e9v\u0151 k\u00f6rnyezeti felt\u00e9telekkel.<\/p>\n\n\n\n<h2 class=\"wp-block-heading\" id=\"common-mistakes-with-driveway-lights-on-ground-installation\">Gyakori hib\u00e1k a j\u00e1rda f\u00f6ldre val\u00f3 telep\u00edt\u00e9s\u00e9ben<\/h2>\n\n\n\n<p>Egyszer\u0171en k\u00f6nny\u0171 elrontani egy j\u00f3 vil\u00e1g\u00edt\u00e1si tervet. Itt van, hol hib\u00e1znak a legt\u00f6bben <strong>j\u00e1rd\u00e1k vil\u00e1g\u00edt\u00e1s\u00e1ra a f\u00f6ld\u00f6n<\/strong>, \u00e9s hogyan ker\u00fclj\u00fck el ezeket a buktat\u00f3kat.<\/p>\n\n\n\n<h3 class=\"wp-block-heading\" id=\"miscalculating-light-spacing-the-importance-of-proper-placement\">T\u00falbecs\u00fclt f\u00e9nyk\u00f6zpontoss\u00e1g: A megfelel\u0151 elhelyez\u00e9s fontoss\u00e1ga<\/h3>\n\n\n\n<p>A megfelel\u0151 t\u00e1vols\u00e1g kialak\u00edt\u00e1sa nem csak a kin\u00e9zet miatt fontos\u2014arr\u00f3l sz\u00f3l, hogy az aut\u00f3be\u00e1ll\u00f3 biztons\u00e1gos \u00e9s egyenletesen megvil\u00e1g\u00edtott legyen v\u00e9gig.<\/p>\n\n\n\n<ul class=\"wp-block-list\">\n<li><strong>F\u00e9nyk\u00f6zpontoss\u00e1g<\/strong> soha nem haladhatja meg a 8\u201310 l\u00e1b (kb. 2,4\u20133 m\u00e9ter) t\u00e1vols\u00e1got az optim\u00e1lis l\u00e1that\u00f3s\u00e1g \u00e9rdek\u00e9ben.<\/li>\n\n\n\n<li>Helyezze el <strong>aut\u00f3be\u00e1ll\u00f3 vil\u00e1g\u00edt\u00e1sokat<\/strong> k\u00f6zelebb a kanyarokhoz vagy bej\u00e1ratokhoz a jobb ir\u00e1ny\u00edt\u00e1s \u00e9rdek\u00e9ben.<\/li>\n\n\n\n<li>Ker\u00fclje el, hogy k\u00f6zvetlen\u00fcl egym\u00e1ssal szemben helyezze el a l\u00e1mp\u00e1kat\u2014v\u00e1ltogassa az oldalakat a term\u00e9szetes ritmus \u00e9rdek\u00e9ben.<\/li>\n\n\n\n<li>Vegye figyelembe a sugaraz\u00e1st; sz\u00e9lesebb sugarak kevesebb l\u00e1mp\u00e1t ig\u00e9nyelnek, sz\u0171kebbek t\u00f6bb\u00e9t.<\/li>\n\n\n\n<li>Haszn\u00e1ljon maketteket a v\u00e9gs\u0151 telep\u00edt\u00e9s el\u0151tt, hogy tesztelje a val\u00f3s vil\u00e1gban a f\u00e9ny lefedetts\u00e9g\u00e9t.<\/li>\n\n\n\n<li>Az egyenetlen elhelyez\u00e9s s\u00f6t\u00e9t foltokhoz vezethet, amelyek mind vesz\u00e9lyesek, mind pedig eszt\u00e9tikailag nem vonz\u00f3ak.<\/li>\n\n\n\n<li>Hossz\u00fa aut\u00f3be\u00e1ll\u00f3kn\u00e1l a v\u00e1ltogatott elrendez\u00e9s seg\u00edt fenntartani az egys\u00e9ges f\u00e9nyeloszl\u00e1st <strong>megvil\u00e1g\u00edt\u00e1s\u00e9rt<\/strong> an\u00e9lk\u00fcl, hogy t\u00falterheln\u00e9 a vizu\u00e1lis teret.<\/li>\n<\/ul>\n\n\n\n<h3 class=\"wp-block-heading\" id=\"underestimating-power-needs-choosing-the-right-power-supply\">Alulbecs\u00fclt teljes\u00edtm\u00e9nyig\u00e9ny: A megfelel\u0151 \u00e1ramforr\u00e1s kiv\u00e1laszt\u00e1sa<\/h3>\n\n\n\n<p>Az \u00e1ramell\u00e1t\u00e1s hib\u00e1s meg\u00edt\u00e9l\u00e9se meg\u00e9gheti a rendszert vagy s\u00f6t\u00e9tben hagyhat\u2014sz\u00f3 szerint.<\/p>\n\n\n\n<p>\u2022 Kezdje az \u00f6sszes l\u00e1mpa \u00f6sszteljes\u00edtm\u00e9ny\u00e9nek kisz\u00e1m\u00edt\u00e1s\u00e1val. Adj hozz\u00e1 egy 20% tartal\u00e9kot a j\u00f6v\u0151beli b\u0151v\u00edt\u00e9sekhez vagy terhel\u00e9sn\u00f6veked\u00e9shez.<br>\u2022 V\u00e1lasszon olyan <strong>transzform\u00e1torral<\/strong> amely megfelel a fesz\u00fclts\u00e9grendszer\u00e9nek\u201412V gyakori a kert\u00e9szeti vil\u00e1g\u00edt\u00e1sn\u00e1l.<br>\u2022 Ellen\u0151rizze minden l\u00e1mpa energiafogyaszt\u00e1s\u00e1t a forr\u00e1s kimeneti kapacit\u00e1s\u00e1val szemben. Ne csak tal\u00e1lgasson\u2014olvassa el a specifik\u00e1ci\u00f3kat!<br>\u2022 Ne keverje a LED-et \u00e9s a halog\u00e9nt, hacsak nem k\u00fcl\u00f6n \u00e1ramk\u00f6r\u00f6ket haszn\u00e1l \u2013 elt\u00e9r\u0151 a terhel\u00e9si profiljuk.<br>\u2022 Hossz\u00fa k\u00e1belek eset\u00e9n vegye figyelembe a fesz\u00fclts\u00e9ges\u00e9st; sz\u00fcks\u00e9g lehet vastagabb vezet\u00e9kre vagy t\u00f6bb t\u00e1pell\u00e1t\u00e1sra.<\/p>\n\n\n\n<p>Az MG Lighting modul\u00e1ris rendszereket k\u00edn\u00e1l, amelyek leegyszer\u0171s\u00edtik ezt a folyamatot, mik\u00f6zben hat\u00e9konyak \u00e9s sk\u00e1l\u00e1zhat\u00f3k maradnak.<\/p>\n\n\n\n<h3 class=\"wp-block-heading\" id=\"overlooking-weatherproofing-selecting-materials-for-durability\">Id\u0151j\u00e1r\u00e1s\u00e1ll\u00f3s\u00e1g figyelmen k\u00edv\u00fcl hagy\u00e1sa: Tart\u00f3s anyagok kiv\u00e1laszt\u00e1sa<\/h3>\n\n\n\n<p>Felejtse el a sz\u00e9pet, ha nem b\u00edrja a z\u00e1port, a havat vagy a ny\u00e1ri h\u0151s\u00e9get.<\/p>\n\n\n\n<p>1. l\u00e9p\u00e9s: V\u00e1lasszon korr\u00f3zi\u00f3\u00e1ll\u00f3 anyagokb\u00f3l, p\u00e9ld\u00e1ul rozsdamentes ac\u00e9lb\u00f3l vagy <strong>id\u0151j\u00e1r\u00e1s\u00e1ll\u00f3 alum\u00ednium\u00f6tv\u00f6zetb\u0151l k\u00e9sz\u00fclt l\u00e1mpatesteket<\/strong>.<br>2. l\u00e9p\u00e9s: Ellen\u0151rizze az IP65-\u00f6s vagy magasabb besorol\u00e1st, hogy biztos\u00edtsa a szil\u00e1rd v\u00e9delmet a v\u00edz behatol\u00e1sa \u00e9s a por felhalmoz\u00f3d\u00e1sa ellen.<br>3. l\u00e9p\u00e9s: Haszn\u00e1ljon v\u00edz\u00e1ll\u00f3 csatlakoz\u00f3kat \u00e9s szilikon t\u00f6m\u00edt\u0151anyagokat minden csatlakoz\u00e1si ponton \u2013 m\u00e9g a f\u00f6ldalattiak is sz\u00e1m\u00edtanak!<br>4. l\u00e9p\u00e9s: Enyh\u00e9n emelje meg az alacsony profil\u00fa talajl\u00e1mp\u00e1kat a talajszint f\u00f6l\u00e9, hogy elker\u00fclje a pang\u00f3 v\u00edz okozta k\u00e1rokat id\u0151vel.<\/p>\n\n\n\n<p>Ezeknek a l\u00e9p\u00e9seknek a kihagy\u00e1sa t\u00f6bbe fog ker\u00fclni a cser\u00e9kben, mint ha els\u0151re j\u00f3l fektetne be.<\/p>\n\n\n\n<h3 class=\"wp-block-heading\" id=\"ignoring-local-regulations-compliance-for-driveway-lighting\">Helyi szab\u00e1lyoz\u00e1sok figyelmen k\u00edv\u00fcl hagy\u00e1sa: Megfelel\u0151s\u00e9g a kocsifelhajt\u00f3 vil\u00e1g\u00edt\u00e1s\u00e1hoz<\/h3>\n\n\n\n<p>A szab\u00e1lyok v\u00e1rosonk\u00e9nt elt\u00e9r\u0151ek \u2013 \u00e9s figyelmen k\u00edv\u00fcl hagy\u00e1suk b\u00edrs\u00e1got vagy k\u00e9nyszer\u0171 elt\u00e1vol\u00edt\u00e1st vonhat maga ut\u00e1n.<\/p>\n\n\n\n<p>Egyes ter\u00fcleteken enged\u00e9ly sz\u00fcks\u00e9ges b\u00e1rmilyen k\u00fcls\u0151 elektromos munka, p\u00e9ld\u00e1ul <strong>kocsifelhajt\u00f3 vil\u00e1g\u00edt\u00e1s<\/strong> rendszerek telep\u00edt\u00e9se el\u0151tt. M\u00e1sok szigor\u00fa f\u00e9nyer\u0151-korl\u00e1toz\u00e1sokat \u00edrnak el\u0151 a zon\u00e1lis t\u00f6rv\u00e9nyek alapj\u00e1n, hogy megakad\u00e1lyozz\u00e1k a f\u00e9nyszennyez\u00e9st a lak\u00f3\u00f6vezetek k\u00f6zel\u00e9ben.<\/p>\n\n\n\n<p>El\u0151fordulhat, hogy tal\u00e1lkozik lak\u00f3k\u00f6z\u00f6ss\u00e9gi ir\u00e1nyelvekkel, amelyek meghat\u00e1rozz\u00e1k a l\u00e1mpatest st\u00edlus\u00e1t, <strong>sz\u00ednh\u0151m\u00e9rs\u00e9klet<\/strong>, vagy ak\u00e1r a telep\u00edt\u00e9si magass\u00e1g korl\u00e1toz\u00e1saival.<\/p>\n\n\n\n<p>A NAHB 2024. \u00e1prilisi megfelel\u0151s\u00e9gi tanulm\u00e1nya szerint \u201ea k\u00fclt\u00e9ri vil\u00e1g\u00edt\u00e1si szab\u00e1lys\u00e9rt\u00e9sek t\u00f6bb mint 37%-a a l\u00e1mpatestek helytelen elhelyez\u00e9s\u00e9b\u0151l sz\u00e1rmazik a h\u00e1tr\u00e1l\u00f3 vonalakon bel\u00fcl\u201d.<\/p>\n\n\n\n<p>Mindig ellen\u0151rizze a helyi rendeleteket, miel\u0151tt b\u00e1rmit v\u00e1s\u00e1rolna \u2013 vagy ami m\u00e9g jobb, forduljon egy enged\u00e9llyel rendelkez\u0151 szerel\u0151h\u00f6z, aki tudja, mi elfogadott az \u00d6n ter\u00fclet\u00e9n.<\/p>\n\n\n\n<p>Figyelmen k\u00edv\u00fcl hagyja ezeket a szab\u00e1lyokat? Ez nem csak kock\u00e1zatos \u2013 illeg\u00e1lis is lehet, att\u00f3l f\u00fcgg\u0151en, hogy hol \u00e9l.<\/p>\n\n\n\n<h2 class=\"wp-block-heading\" id=\"choosing-the-wrong-location-for-driveway-lights-on-ground\">A rossz helysz\u00edn kiv\u00e1laszt\u00e1sa a j\u00e1rda l\u00e1mp\u00e1inak a f\u00f6ld\u00f6n<\/h2>\n\n\n\n<figure class=\"wp-block-image size-full\"><img decoding=\"async\" width=\"1024\" height=\"559\" src=\"https:\/\/ledsteplight.com\/wp-content\/uploads\/2025\/11\/image-1.png\" alt=\"\" class=\"wp-image-38478\" srcset=\"https:\/\/ledsteplight.com\/wp-content\/uploads\/2025\/11\/image-1.png 1024w, https:\/\/ledsteplight.com\/wp-content\/uploads\/2025\/11\/image-1-400x218.png 400w, https:\/\/ledsteplight.com\/wp-content\/uploads\/2025\/11\/image-1-768x419.png 768w, https:\/\/ledsteplight.com\/wp-content\/uploads\/2025\/11\/image-1-18x10.png 18w, https:\/\/ledsteplight.com\/wp-content\/uploads\/2025\/11\/image-1-600x328.png 600w, https:\/\/ledsteplight.com\/wp-content\/uploads\/2025\/11\/image-1-150x82.png 150w\" sizes=\"(max-width: 1024px) 100vw, 1024px\" \/><\/figure>\n\n\n\n<p>A rossz hely kiv\u00e1laszt\u00e1sa a <strong>j\u00e1rd\u00e1k vil\u00e1g\u00edt\u00e1s\u00e1ra a f\u00f6ld\u00f6n<\/strong> biztons\u00e1gi \u00e9s eszt\u00e9tikai probl\u00e9m\u00e1kat okozhat. \u00cdme, hogyan lehet j\u00f3l csin\u00e1lni.<\/p>\n\n\n\n<h3 class=\"wp-block-heading\" id=\"ideal-spots-for-led-driveway-lights-maximizing-visibility\">Ide\u00e1lis helyek az LED j\u00e1rdal\u00e1mp\u00e1khoz: a l\u00e1that\u00f3s\u00e1g maximaliz\u00e1l\u00e1sa<\/h3>\n\n\n\n<ul class=\"wp-block-list\">\n<li>Helyezze el <strong>LED j\u00e1rdal\u00e1mp\u00e1k<\/strong> a k\u00fcls\u0151 <strong>j\u00e1rda sz\u00e9l\u00e9n<\/strong>, k\u00fcl\u00f6n\u00f6sen ahol a kanyarok vagy fordul\u00f3k cs\u00f6kkentik a l\u00e1that\u00f3s\u00e1got.<\/li>\n\n\n\n<li>Adj l\u00e1mpatesteket a k\u00f6zel\u00e9ben <strong>bej\u00e1rat<\/strong> \u00e9s b\u00e1rmilyen keresztez\u0151d\u00e9shez <strong>az utakat<\/strong> hogy kik\u00fcsz\u00f6b\u00f6ld a holttereket.<\/li>\n\n\n\n<li>Haszn\u00e1lj alacsony profil\u00fa modelleket, amelyek kifel\u00e9, nem felfel\u00e9 bocs\u00e1tanak ki f\u00e9nyt\u2014ez cs\u00f6kkenti a vak\u00edt\u00e1st, de m\u00e9gis megvil\u00e1g\u00edtja az utat.<\/li>\n\n\n\n<li>Ker\u00fcld el, hogy t\u00fal sok l\u00e1mp\u00e1t helyezz el egy ter\u00fcleten; a egyenletes eloszt\u00e1s seg\u00edt fenntartani a <strong>megvil\u00e1g\u00edt\u00e1s\u00e9rt<\/strong> egys\u00e9ges f\u00e9nyer\u0151t a fel\u00fcleteken.<\/li>\n\n\n\n<li>A MG Lighting f\u00f6ldbe s\u00fcllyesztett LED-jei megb\u00edzhat\u00f3 v\u00e1laszt\u00e1s\u2014letisztultak, f\u00e9nyesek, \u00e9s b\u00edrj\u00e1k az id\u0151j\u00e1r\u00e1s viszontags\u00e1gait.<\/li>\n<\/ul>\n\n\n\n<blockquote class=\"wp-block-quote is-layout-flow wp-block-quote-is-layout-flow\">\n<p>Egy 2024 m\u00e1jusi jelent\u00e9s szerint az Outdoor Lighting Market Insights szerint \u201eA strat\u00e9giailag elhelyezett f\u00f6ldszinti LED-ek ak\u00e1r 43% n\u00f6velhetik az \u00e9jszakai j\u00e1rda biztons\u00e1gi besorol\u00e1s\u00e1t.\u201d<\/p>\n<\/blockquote>\n\n\n\n<h3 class=\"wp-block-heading\" id=\"avoiding-obstructions-pathway-lighting-fixture-placement-essentials\">Akad\u00e1lyok elker\u00fcl\u00e9se: \u00dat menti vil\u00e1g\u00edt\u00e1si l\u00e1mpatest elhelyez\u00e9s\u00e9nek alapelvei<\/h3>\n\n\n\n<p>H\u00e1rom alapvet\u0151 kateg\u00f3ri\u00e1ba sorolva:<\/p>\n\n\n\n<p><strong>A. Fizikai akad\u00e1lyok<\/strong><br>\u2022 Ne dugja a f\u00e9nyeket bokrok vagy alacsony \u00e1gak m\u00f6g\u00e9\u2014n\u00f6v\u00e9nyzet akad\u00e1lyozhatja a f\u00e9ny sugarait.<br>\u2022 Tartsa t\u00e1vol \u0151ket a kert d\u00edsz\u00edt\u00e9seit\u0151l vagy f\u0171ny\u00edr\u00f3 b\u00fatorokt\u00f3l, amelyek elmozdulhatnak az \u00fatjukba.<\/p>\n\n\n\n<p><strong>B. Mozg\u00e1si z\u00f3n\u00e1k<\/strong><br>\u2022 Ker\u00fclje el a nagy <strong>gyalogos forgalm\u00fa ter\u00fcleteket<\/strong>, mint a k\u0151l\u00e9pcs\u0151k vagy a f\u0151 \u00fatvonalb\u00f3l \u00e1gaz\u00f3 s\u00e9t\u00e1nyok.<br>\u2022 Hagyjon elegend\u0151 szabad helyet, hogy a j\u00e1rm\u0171vek kerekei ne \u00e9rjenek hozz\u00e1 a szerelv\u00e9nyekhez sz\u0171k fordul\u00f3k vagy parkol\u00e1si man\u0151verek sor\u00e1n.<\/p>\n\n\n\n<p><strong>C. Hossz\u00fa t\u00e1v\u00fa vesz\u00e9lyek<\/strong><br>\u2022 Figyeljen a locsol\u00f3kanna fej\u00e9re, amely id\u0151vel korr\u00f3zi\u00f3t okozhat az elektromos alkatr\u00e9szekben.<br>\u2022 Sz\u00e1moljon a szezon\u00e1lis h\u00f3kupacokkal, ha hidegebb \u00e9ghajlaton \u00e9l\u2014ezek f\u00e9l \u00e9vig eltemetik a f\u00e9nyeket.<\/p>\n\n\n\n<p>Ezek elker\u00fcl\u00e9s\u00e9vel a j\u00e1rdavil\u00e1g\u00edt\u00e1s nemcsak tiszta lesz, hanem eg\u00e9sz \u00e9vben m\u0171k\u00f6d\u0151k\u00e9pes marad, an\u00e9lk\u00fcl, hogy rejtett <strong>biztons\u00e1gi kock\u00e1zatokat jelentene<\/strong>.<\/p>\n\n\n\n<h3 class=\"wp-block-heading\" id=\"assessing-landscape-features-enhancing-aesthetics-and-functionality\">T\u00e1jk\u00e9pi jellemz\u0151k \u00e9rt\u00e9kel\u00e9se: Eszt\u00e9tika \u00e9s funkcionalit\u00e1s n\u00f6vel\u00e9se<\/h3>\n\n\n\n<p>Ez arr\u00f3l sz\u00f3l, hogy az alak \u00e9s a funkci\u00f3 k\u00f6z\u00f6tti egyens\u00faly:<\/p>\n\n\n\n<ol class=\"wp-block-list\">\n<li>T\u00e9rk\u00e9pezze fel a megl\u00e9v\u0151 <strong>t\u00e1jk\u00e9pi jellemz\u0151ket<\/strong>, mint a f\u00e1k, vir\u00e1g\u00e1gy\u00e1sok \u00e9s d\u00edsz\u00edt\u0151 k\u00f6vek.<\/li>\n\n\n\n<li>Haszn\u00e1lja ezeket az elemeket term\u00e9szetes keretez\u0151 pontk\u00e9nt\u2014helyezzen f\u00e9nyt egy fa t\u00f6rzse mell\u00e9 vagy egy \u00edvelt kert sz\u00e9l\u00e9hez, \u00edgy m\u00e9lys\u00e9get adva.<\/li>\n\n\n\n<li>Egyeztesse a szerelv\u00e9nyek fel\u00fcletkezel\u00e9s\u00e9t az otthon\u00e1nak \u00e1ltal\u00e1nos hangulat\u00e1val; a bronz t\u00f3nusok j\u00f3l illenek a rusztikus t\u00e9m\u00e1khoz, m\u00edg az inox kiemelkedik a modern k\u00fcls\u0151kb\u0151l.<\/li>\n\n\n\n<li>Ha vannak magass\u00e1gk\u00fcl\u00f6nbs\u00e9gek\u2014p\u00e9ld\u00e1ul l\u00e9pcs\u0151k vagy lejt\u0151s utak\u2014er\u0151s\u00edtse meg n\u00e9h\u00e1ny lefel\u00e9 n\u00e9z\u0151 egys\u00e9get minden szintv\u00e1ltoz\u00e1sn\u00e1l.<\/li>\n<\/ol>\n\n\n\n<figure class=\"wp-block-table\"><table class=\"has-fixed-layout\"><thead><tr><th>T\u00e1jelem<\/th><th>Javasolt f\u00e9nyt\u00edpus<\/th><th>Eszt\u00e9tikai Hat\u00e1s<\/th><th>Funkcion\u00e1lis \u00e9rt\u00e9k<\/th><\/tr><\/thead><tbody><tr><td>Kert\u00e1gy szeg\u00e9lyek<\/td><td>Alacsony f\u00e9ny\u0171 LED kar\u00f3k<\/td><td>Puha k\u00f6rnyezeti f\u00e9ny<\/td><td>Hat\u00e1rdefin\u00edci\u00f3<\/td><\/tr><tr><td>Fa alapok<\/td><td>F\u00e9nyf\u00e9nyek<\/td><td>Dr\u00e1mai \u00e1rny\u00e9kok<\/td><td>F\u00fcgg\u0151leges ir\u00e1ny\u00edt\u00e1s<\/td><\/tr><tr><td>Lejt\u0151s ter\u00fcletek<\/td><td><strong>Rejtett l\u00e9pcs\u0151f\u00e9nyek<\/strong><\/td><td>Eleg\u00e1ns integr\u00e1ci\u00f3<\/td><td>Balesetmegel\u0151z\u00e9s<\/td><\/tr><\/tbody><\/table><\/figure>\n\n\n\n<p>\u00c1tgondoltan elhelyezett <strong>j\u00e1rd\u00e1k vil\u00e1g\u00edt\u00e1s\u00e1ra a f\u00f6ld\u00f6n<\/strong>, amikor szinkronban van a kert term\u00e9szetes \u00e1raml\u00e1s\u00e1val, az alapvet\u0151 vil\u00e1g\u00edt\u00e1st m\u0171v\u00e9szi k\u00fclt\u00e9ri \u00e9lm\u00e9nny\u00e9 alak\u00edtja, amely ugyanolyan j\u00f3l m\u0171k\u00f6dik, mint amennyire j\u00f3l n\u00e9z ki.<\/p>\n\n\n\n<h2 class=\"wp-block-heading\" id=\"neglecting-ambient-light-considerations-a-common-pitfall\">A k\u00f6rnyezeti f\u00e9ny figyelmen k\u00edv\u00fcl hagy\u00e1sa: Gyakori csapda<\/h2>\n\n\n\n<p>Elker\u00fcl\u00f6d a k\u00f6rnyezeti f\u00e9ny t\u00e9nyez\u0151j\u00e9t? Ez az, ahol a legt\u00f6bben elrontj\u00e1k a k\u00fclt\u00e9ri vil\u00e1g\u00edt\u00e1si j\u00e1t\u00e9kukat.<\/p>\n\n\n\n<h3 class=\"wp-block-heading\" id=\"how-dusk-to-dawn-sensors-impact-light-performance\">Hogyan befoly\u00e1solj\u00e1k a naplement\u00e9t\u0151l napkelt\u00e9ig \u00e9rz\u00e9kel\u0151k a f\u00e9ny teljes\u00edtm\u00e9ny\u00e9t<\/h3>\n\n\n\n<ul class=\"wp-block-list\">\n<li><strong>Naplement\u00e9t\u0151l napkelteig \u00e9rz\u00e9kel\u0151k<\/strong> automatikusan bekapcsolnak, amikor a term\u00e9szetes f\u00e9ny cs\u00f6kken, \u00edgy karbantart\u00e1s n\u00e9lk\u00fcl vil\u00e1g\u00edtj\u00e1k meg a kertet.<\/li>\n\n\n\n<li>Energi\u00e1t takar\u00edtanak meg azzal, hogy cs\u00f6kkentik a felesleges <strong>energiafogyaszt\u00e1st<\/strong>, csak akkor kapcsolnak be, amikor val\u00f3ban s\u00f6t\u00e9t van.<\/li>\n\n\n\n<li>Ezeknek az \u00e9rz\u00e9kel\u0151knek az okos elhelyez\u00e9se biztos\u00edtja, hogy ne t\u00e9vesszenek meg \u00e1rny\u00e9kokat vagy mesters\u00e9ges f\u00e9nyt \u00e9jszak\u00e1nak.<\/li>\n<\/ul>\n\n\n\n<ol class=\"wp-block-list\">\n<li>Egy t\u00fal k\u00f6zel szerelt \u00e9rz\u00e9kel\u0151 m\u00e1s f\u00e9nyforr\u00e1shoz k\u00e9sleltetheti az aktiv\u00e1l\u00e1si idej\u00e9t, \u00edgy a j\u00e1rda s\u00f6t\u00e9tebbnek t\u0171nik, mint v\u00e1rn\u00e1nk.<\/li>\n\n\n\n<li>Rossz kalibr\u00e1l\u00e1s\u00fa <strong>f\u00e9ny\u00e9rz\u00e9kenys\u00e9g<\/strong> be\u00e1ll\u00edt\u00e1sok okozhatnak sz\u00ednj\u00e1tsz\u00e1st vagy korai kikapcsol\u00e1st\u2014ideges\u00edt\u0151 \u00e9s vesz\u00e9lyes a k\u00f6zleked\u00e9s szempontj\u00e1b\u00f3l <strong>j\u00e1rd\u00e1k vil\u00e1g\u00edt\u00e1s\u00e1ra a f\u00f6ld\u00f6n<\/strong> be\u00e1ll\u00edt\u00e1sok.<\/li>\n\n\n\n<li>Fejlett <strong>fotocella technol\u00f3gia<\/strong>, modern \u00e9rz\u00e9kel\u0151k jobban alkalmazkodnak a szezon\u00e1lis v\u00e1ltoz\u00e1sokhoz a nappali \u00f3r\u00e1kban.<\/li>\n<\/ol>\n\n\n\n<p>\u2611\ufe0f Profi tipp: Helyezze az naplement\u00e9t\u0151l napkelteig \u00e9rz\u00e9kel\u0151t olyan fel\u00fcletekt\u0151l t\u00e1vol, mint az ablakok vagy feh\u00e9r falak, hogy elker\u00fclje a hamis olvas\u00e1sokat.<\/p>\n\n\n\n<p>Amikor alacsony profil\u00fa vil\u00e1g\u00edt\u00e1st haszn\u00e1l, mint p\u00e9ld\u00e1ul ezeket a finom kis <strong>j\u00e1rd\u00e1k vil\u00e1g\u00edt\u00e1s\u00e1ra a f\u00f6ld\u00f6n<\/strong>, azt szeretn\u00e9, hogy azok konzisztens legyenek\u2014nem pedig hib\u00e1sak egy rosszul telep\u00edtett \u00e9rz\u00e9kel\u0151 miatt. Gondoljon arra, hogy milyen gyakran ment ki este, csak hogy szemezgessen a szaggatott vil\u00e1g\u00edt\u00e1sban, mert valaki elfelejtette ezt az alapvet\u0151 l\u00e9p\u00e9st.<\/p>\n\n\n\n<p>A r\u00f6vid, er\u0151s f\u00e9ny\u0171 szakaszok j\u00f3l n\u00e9znek ki, de megfelel\u0151 technol\u00f3gia n\u00e9lk\u00fcl csak pazarolt wattok. \u00c9s senki sem akar egy f\u00e9lhom\u00e1lyos j\u00e1rd\u00e1t, ami egy horrorfilm d\u00edszlet\u00e9nek t\u0171nik.<\/p>\n\n\n\n<h3 class=\"wp-block-heading\" id=\"the-role-of-color-temperature-in-balancing-ambient-light\">A sz\u00ednh\u0151m\u00e9rs\u00e9klet szerepe a k\u00f6rnyezeti f\u00e9ny kiegyens\u00falyoz\u00e1s\u00e1ban<\/h3>\n\n\n\n<ul class=\"wp-block-list\">\n<li>A meleg \u00e1rnyalatok, mint a 2700K\u20133000K jobban keverednek a naplemente \u00e1rnyalataival \u00e9s a hangulatos k\u00fcls\u0151 terekkel.<\/li>\n\n\n\n<li>A hideg feh\u00e9r (5000K+) n\u00f6veli a l\u00e1that\u00f3s\u00e1got, de t\u00falz\u00e1sba vitt alkalmaz\u00e1suk \u00f6ssze\u00fctk\u00f6zhet a term\u00e9szetes \u00e1rnyalatokkal.<\/li>\n\n\n\n<li>K\u00f6zepes \u00e1rkateg\u00f3ri\u00e1j\u00fa opci\u00f3k, k\u00f6r\u00fclbel\u00fcl 4000K, egyens\u00falyt teremtenek a tisztas\u00e1g \u00e9s a k\u00e9nyelem k\u00f6z\u00f6tt\u2014ide\u00e1lisak modern otthonokhoz, v\u00e1ltozatos text\u00far\u00e1kkal \u00e9s fel\u00fcletekkel.<\/li>\n<\/ul>\n\n\n\n<ol class=\"wp-block-list\">\n<li>Hat\u00e1rozd meg a megl\u00e9v\u0151 k\u00f6rnyezeti f\u00e9nyforr\u00e1sokat\u2014erk\u00e9lyl\u00e1mp\u00e1k, utcai l\u00e1mp\u00e1k, s\u0151t a k\u00f6zeli ablakok mind befoly\u00e1solj\u00e1k, hogy az \u00faj be\u00e1ll\u00edt\u00e1sod hogyan fog vizu\u00e1lisan hatni.<\/li>\n\n\n\n<li>V\u00e1lasszon egy <strong>sz\u00ednh\u0151m\u00e9rs\u00e9klet<\/strong> amely kieg\u00e9sz\u00edti ezeket a k\u00f6rnyezeteket, nem pedig versenyez vel\u00fck.<\/li>\n\n\n\n<li>Pr\u00f3b\u00e1lj ki k\u00fcl\u00f6nb\u00f6z\u0151 izz\u00f3kat, miel\u0151tt elk\u00f6telezn\u00e9d magad; ami az \u00fczletben j\u00f3l mutat, lehet, hogy a val\u00f3di k\u00f6r\u00fclm\u00e9nyek k\u00f6z\u00f6tt sterilebbnek t\u0171nik.<\/li>\n<\/ol>\n\n\n\n<p>Haszn\u00e1lati eset szerint csoportos\u00edtva:<br>\u2022 L\u00e1gy s\u00e9t\u00e1nyok \u00e9s kert\u00e9szeti hat\u00e1rok eset\u00e9n \u2192 v\u00e1lassz meleg feh\u00e9r f\u00e9nyt<br>\u2022 Biztons\u00e1gk\u00f6zpont\u00fa helyekhez, p\u00e9ld\u00e1ul gar\u00e1zsok k\u00f6zel\u00e9ben \u2192 ink\u00e1bb hideg feh\u00e9r f\u00e9nyt<br>\u2022 \u00c1tmeneti ter\u00fcleteken, mint l\u00e9pcs\u0151k vagy vegyes haszn\u00e1lat\u00fa teraszok \u2192 legjobb a semleges t\u00f3nusok alkalmaz\u00e1sa<\/p>\n\n\n\n<p>A szemed nem hazudik\u2014ha valami furcs\u00e1nak t\u0171nik a k\u00fclt\u00e9ri hangulatodban, val\u00f3sz\u00edn\u0171leg a sz\u00ednh\u0151m\u00e9rs\u00e9klet \u00fctk\u00f6zik a jelenettel. K\u00fcl\u00f6n\u00f6sen alacsonyan szerelt be\u00e1ll\u00edt\u00e1sok eset\u00e9n, mint p\u00e9ld\u00e1ul <strong>j\u00e1rd\u00e1k vil\u00e1g\u00edt\u00e1s\u00e1ra a f\u00f6ld\u00f6n<\/strong>, a nem egyez\u0151 sz\u00ednh\u0151m\u00e9rs\u00e9kletek m\u00e9g j\u00f3l megtervezett elrendez\u00e9seket is kaotikusnak vagy egyenetlennek t\u0171ntethetnek.<\/p>\n\n\n\n<p>Az \u00f6sszhang megteremt\u00e9s\u00e9vel <strong>sz\u00ednh\u0151m\u00e9rs\u00e9klet<\/strong> a k\u00f6rnyez\u0151 elemekkel vizu\u00e1lis harm\u00f3ni\u00e1t hoz l\u00e9tre, amely sz\u00e1nd\u00e9kosnak t\u0171nik\u2014\u00e9s sokkal h\u00edvogat\u00f3bb s\u00f6t\u00e9ted\u00e9s ut\u00e1n.<\/p>\n\n\n\n<h2 class=\"wp-block-heading\" id=\"how-to-ensure-safe-installation-of-driveway-lights-on-ground\">Hogyan biztos\u00edthat\u00f3 a biztons\u00e1gos telep\u00edt\u00e9s a j\u00e1rda l\u00e1mp\u00e1inak a talajon<\/h2>\n\n\n\n<figure class=\"wp-block-image size-full\"><img decoding=\"async\" width=\"1024\" height=\"559\" src=\"https:\/\/ledsteplight.com\/wp-content\/uploads\/2025\/11\/image-2.png\" alt=\"\" class=\"wp-image-38479\" srcset=\"https:\/\/ledsteplight.com\/wp-content\/uploads\/2025\/11\/image-2.png 1024w, https:\/\/ledsteplight.com\/wp-content\/uploads\/2025\/11\/image-2-400x218.png 400w, https:\/\/ledsteplight.com\/wp-content\/uploads\/2025\/11\/image-2-768x419.png 768w, https:\/\/ledsteplight.com\/wp-content\/uploads\/2025\/11\/image-2-18x10.png 18w, https:\/\/ledsteplight.com\/wp-content\/uploads\/2025\/11\/image-2-600x328.png 600w, https:\/\/ledsteplight.com\/wp-content\/uploads\/2025\/11\/image-2-150x82.png 150w\" sizes=\"(max-width: 1024px) 100vw, 1024px\" \/><\/figure>\n\n\n\n<p>Telep\u00edt\u00e9s <strong>j\u00e1rd\u00e1k vil\u00e1g\u00edt\u00e1s\u00e1ra a f\u00f6ld\u00f6n<\/strong> nemcsak a kin\u00e9zetr\u0151l sz\u00f3l\u2014hanem a biztons\u00e1gr\u00f3l, tart\u00f3ss\u00e1gr\u00f3l \u00e9s az okos energia-v\u00e1laszt\u00e1sr\u00f3l is. \u00cdme, hogyan csin\u00e1ld helyesen.<\/p>\n\n\n\n<h3 class=\"wp-block-heading\" id=\"understanding-electrical-sources-direct-wiring-vs-low-voltage-options\">Elektromos forr\u00e1sok meg\u00e9rt\u00e9se: k\u00f6zvetlen vezet\u00e9kes csatlakoz\u00e1s vs. alacsony fesz\u00fclts\u00e9g\u0171 lehet\u0151s\u00e9gek<\/h3>\n\n\n\n<p>V\u00e1laszt\u00e1s k\u00f6z\u00f6tt <strong>k\u00f6zvetlen vezet\u00e9kes<\/strong> \u00e9s <strong>kisfesz\u00fclts\u00e9g\u0171<\/strong> be\u00e1ll\u00edt\u00e1sok att\u00f3l f\u00fcggnek, hogy az elrendez\u00e9sed, biztons\u00e1gi ig\u00e9nyeid \u00e9s k\u00f6lts\u00e9gvet\u00e9sed milyen. Mindkett\u0151nek megvannak az el\u0151nyei\u2014de vannak h\u00e1tr\u00e1nyaik is.<\/p>\n\n\n\n<ul class=\"wp-block-list\">\n<li><strong>K\u00f6zvetlen vezet\u00e9kes el\u0151ny\u00f6k<\/strong><\/li>\n\n\n\n<li>Er\u0151sebb teljes\u00edtm\u00e9ny\u2014ide\u00e1lis nagyobb ingatlanokhoz<\/li>\n\n\n\n<li>Kevesebb transzform\u00e1tor sz\u00fcks\u00e9ges<\/li>\n\n\n\n<li>Hosszabb fut\u00e1sokat is kezelhet \u00e9szrevehet\u0151 probl\u00e9m\u00e1k n\u00e9lk\u00fcl <strong>fesz\u00fclts\u00e9gcs\u00f6kken\u00e9st<\/strong><\/li>\n\n\n\n<li><strong>K\u00f6zvetlen Vez\u00e9rl\u00e9s H\u00e1tr\u00e1nyai<\/strong><\/li>\n\n\n\n<li>Szigor\u00fa helyi el\u0151\u00edr\u00e1sokat kell k\u00f6vetni <strong>villamosvezet\u00e9k-k\u00f3dokat<\/strong><\/li>\n\n\n\n<li>Nagyobb kock\u00e1zat, ha nem megfelel\u0151en van telep\u00edtve<\/li>\n\n\n\n<li>Sz\u00fcks\u00e9g van enged\u00e9llyel rendelkez\u0151 villanyszerel\u0151re a legt\u00f6bb telep\u00edt\u00e9shez<\/li>\n\n\n\n<li><strong>Alacsony fesz\u00fclts\u00e9g el\u0151nyei<\/strong><\/li>\n\n\n\n<li>Biztons\u00e1gosabb h\u00e1zi\u00e1llatok \u00e9s gyerekek k\u00f6r\u00fcl<\/li>\n\n\n\n<li>Egyszer\u0171bb DIY be\u00e1ll\u00edt\u00e1s csatlakoz\u00f3val <strong>transzform\u00e1torokat<\/strong><\/li>\n\n\n\n<li>Kevesebb energiafogyaszt\u00e1s id\u0151vel<\/li>\n\n\n\n<li><strong>Alacsony fesz\u00fclts\u00e9g h\u00e1tr\u00e1nyai<\/strong><\/li>\n\n\n\n<li>Gyakoribb karbantart\u00e1st ig\u00e9nyelhet<\/li>\n\n\n\n<li>Hosszabb t\u00e1vols\u00e1gokon hajlamos a tomp\u00edt\u00e1sra megfelel\u0151 tervez\u00e9s n\u00e9lk\u00fcl<\/li>\n<\/ul>\n\n\n\n<p>Mindk\u00e9t rendszer kever\u00e9se? Teljesen megval\u00f3s\u00edthat\u00f3\u2014csak gy\u0151z\u0151dj meg r\u00f3la, hogy megfelel\u0151en izol\u00e1lod a k\u00f6r\u00f6ket, \u00e9s kompatibilis alkatr\u00e9szeket haszn\u00e1lsz a f\u00f6ldszinti vil\u00e1g\u00edt\u00e1si terv kidolgoz\u00e1sakor.<\/p>\n\n\n\n<h3 class=\"wp-block-heading\" id=\"safety-first-using-ul-safety-listed-products\">Els\u0151 a biztons\u00e1g: UL biztons\u00e1gi tan\u00fas\u00edtv\u00e1nnyal rendelkez\u0151 term\u00e9kek haszn\u00e1lata<\/h3>\n\n\n\n<p>Amikor k\u00fclt\u00e9ri elektromoss\u00e1ggal dolgozol nedvess\u00e9g vagy talaj k\u00f6zel\u00e9ben, csak olyan eszk\u00f6z\u00f6ket v\u00e1lassz, amelyek megb\u00edzhat\u00f3 jelz\u00e9st kaptak, p\u00e9ld\u00e1ul a <strong>UL-list\u00e1z\u00e1ssal<\/strong>.<\/p>\n\n\n\n<ol class=\"wp-block-list\">\n<li>Keress UL jelz\u00e9st minden elektromos alkatr\u00e9szen.<\/li>\n\n\n\n<li>Gy\u0151z\u0151dj meg r\u00f3la, hogy a term\u00e9k k\u00fclt\u00e9ri haszn\u00e1latra van tan\u00fas\u00edtva.<\/li>\n\n\n\n<li>Ker\u00fcld a hamis\u00edtv\u00e1nyokat\u2014nem<strong>tan\u00fas\u00edtott term\u00e9keket<\/strong> vesz\u00e9lyesek lehetnek, m\u00e9g akkor is, ha hasonl\u00f3nak t\u0171nnek.<\/li>\n<\/ol>\n\n\n\n<p>Kiz\u00e1r\u00f3lag modernnek megfelel\u0151 felszerel\u00e9s haszn\u00e1lata <strong>biztons\u00e1gi szabv\u00e1nyok<\/strong> biztos\u00edtja, hogy a telep\u00edt\u00e9se ne z\u00e1rlatosodjon heves es\u0151z\u00e9s k\u00f6zben, \u00e9s ne okozzon hossz\u00fa t\u00e1v\u00fa probl\u00e9m\u00e1kat a f\u00f6ld alatt. Nem csak az ellen\u0151rz\u00e9sen val\u00f3 \u00e1tmen\u00e9sr\u0151l van sz\u00f3 \u2013 ez a nyugalom minden alkalommal, amikor felvillannak a f\u00e9nyek.<\/p>\n\n\n\n<h3 class=\"wp-block-heading\" id=\"installation-techniques-for-weatherproof-sealed-construction\">Telep\u00edt\u00e9si technik\u00e1k id\u0151j\u00e1r\u00e1s\u00e1ll\u00f3, z\u00e1rt szerkezetekhez<\/h3>\n\n\n\n<p>Viharok, h\u00f3olvad\u00e1s, elszabadult \u00f6nt\u00f6z\u0151k \u2013 a l\u00e1mp\u00e1id mindennel szemben\u00e9znek. Ez\u00e9rt a teljes id\u0151j\u00e1r\u00e1s\u00e1ll\u00f3s\u00e1g nem alku k\u00e9rd\u00e9se, amikor a felhajt\u00f3 l\u00e1mpatesteit alacsonyan a f\u00f6ldre telep\u00edtj\u00fck.<\/p>\n\n\n\n<p>\u2022 Haszn\u00e1ljon szilikon alap\u00fa <strong>t\u00f6m\u00edt\u0151anyagokat<\/strong> a l\u00e1mpatestek alapjai k\u00f6r\u00fcl, hogy megakad\u00e1lyozza a besziv\u00e1rg\u00e1st a h\u00e1zakba.<br>\u2022 V\u00e1lasszon be\u00e9p\u00edtett gum\u00edrozott vagy pr\u00e9selt <strong>t\u00f6m\u00edt\u00e9sekkel<\/strong>ell\u00e1tott l\u00e1mpatesteket, k\u00fcl\u00f6n\u00f6sen ott, ahol az \u00fcveg tal\u00e1lkozik a f\u00e9mmel.<br>\u2022 Temesse a vezet\u00e9keket k\u00fclt\u00e9ri min\u0151s\u00edt\u00e9s\u0171 PVC vagy f\u00e9m <strong>v\u00e9d\u0151cs\u0151be<\/strong>\u00e9s ne k\u00f6zvetlen\u00fcl a talajba \u2013 m\u00e9g akkor sem, ha \u201ef\u00f6ld alatti min\u0151s\u00edt\u00e9s\u0171k\u00e9nt\u201d van felt\u00fcntetve.<\/p>\n\n\n\n<p>Ezenk\u00edv\u00fcl ellen\u0151rizze az IP-besorol\u00e1st; t\u00f6rekedjen IP65-re vagy magasabbra, ha a ter\u00fclet\u00e9n heves z\u00e1porok vagy \u00f6nt\u00f6z\u00e9si lefoly\u00e1s van a felhajt\u00f3 sz\u00e9le k\u00f6zel\u00e9ben.<\/p>\n\n\n\n<h3 class=\"wp-block-heading\" id=\"comparing-power-efficiency-between-systems-scientific-table-selected\">A rendszerek k\u00f6z\u00f6tti energiahat\u00e9konys\u00e1g \u00f6sszehasonl\u00edt\u00e1sa <em>(Tudom\u00e1nyos t\u00e1bl\u00e1zat kiv\u00e1lasztva)<\/em><\/h3>\n\n\n\n<p>Annak \u00e9rdek\u00e9ben, hogy eld\u00f6nthesse, melyik rendszer m\u0171k\u00f6dik jobban a k\u00fcl\u00f6nb\u00f6z\u0151 be\u00e1ll\u00edt\u00e1sokban, itt van egy gyors \u00f6sszehasonl\u00edt\u00e1s:<\/p>\n\n\n\n<figure class=\"wp-block-table\"><table class=\"has-fixed-layout\"><thead><tr><th>Energia t\u00edpus<\/th><th>\u00c1tlagos Hat\u00e9konys\u00e1g (%)<\/th><th>Kezdeti K\u00f6lts\u00e9g ($\/l\u00e1mpatest)<\/th><th>Karbantart\u00e1si Gyakoris\u00e1g<\/th><\/tr><\/thead><tbody><tr><td>Alacsony Fesz\u00fclts\u00e9g<\/td><td>88<\/td><td>$35<\/td><td>Minden 12\u201318 h\u00f3napban<\/td><\/tr><tr><td>K\u00f6zvetlen Vezet\u00e9kez\u00e9s<\/td><td>95<\/td><td>$50<\/td><td>Minden 24+ h\u00f3napban<\/td><\/tr><tr><td>Napelemes Hibrid<\/td><td>~70<\/td><td>$40<\/td><td>Minden \u00e9vszakban<\/td><\/tr><\/tbody><\/table><\/figure>\n\n\n\n<p>Ez azt mutatja, hogy m\u00edg a k\u00f6zvetlen vezet\u00e9kez\u00e9s hossz\u00fa t\u00e1von jobb hat\u00e9konys\u00e1got k\u00edn\u00e1l, az alacsony fesz\u00fclts\u00e9g m\u00e9g mindig egyens\u00falyt teremt a k\u00f6lts\u00e9g \u00e9s a k\u00f6nny\u0171 kezel\u00e9s k\u00f6z\u00f6tt\u2014k\u00fcl\u00f6n\u00f6sen ide\u00e1lis, amikor t\u00f6bb kis l\u00e1mpatestet helyez\u00fcnk el egy g\u00f6rb\u00fclt \u00fatvonalon vagy egyenetlen terepen.<\/p>\n\n\n\n<h3 class=\"wp-block-heading\" id=\"real-life-setup-tips-for-ground-level-fixtures\">Val\u00f3s \u00e9letbeli be\u00e1ll\u00edt\u00e1si tippek f\u00f6ldszinti l\u00e1mpatestekhez<\/h3>\n\n\n\n<p>N\u00e9h\u00e1ny dolog, amit gyakran figyelmen k\u00edv\u00fcl hagynak azok telep\u00edt\u00e9sekor:<\/p>\n\n\n\n<p>\u2013 Mindig m\u00e9rd meg a k\u00e1belek hossz\u00e1t a \u00e1rkok \u00e1s\u00e1sa el\u0151tt\u2014a r\u00f6vidre v\u00e1g\u00e1s f\u00e9l\u00faton nagyon bosszant\u00f3 lehet.<br>\u2013 Ellen\u0151rizd k\u00e9tszer az polarit\u00e1st az alacsony fesz\u00fclts\u00e9g\u0171 rendszerekn\u00e9l; az ellent\u00e9tes csatlakoz\u00e1sok = egy\u00e1ltal\u00e1n nem vil\u00e1g\u00edt.<br>\u2013 Ne temessd el k\u00f6zvetlen\u00fcl a csatlakoz\u00f3kat; ink\u00e1bb helyezd \u0151ket v\u00edz\u00e1ll\u00f3 kis dobozokba, dielektrikus zs\u00edrral t\u00f6ltve, hogy megakad\u00e1lyozd a korr\u00f3zi\u00f3t id\u0151vel.<\/p>\n\n\n\n<p>Ezek az egyszer\u0171 l\u00e9p\u00e9sek \u00f3r\u00e1kig tart\u00f3 \u00fajratervez\u00e9st takar\u00edthatnak meg k\u00e9s\u0151bb\u2014\u00e9s meg\u0151rzik az \u00faj be\u00e1ll\u00edt\u00e1sod f\u00e9nyes ragyog\u00e1s\u00e1t mind a n\u00e9gy \u00e9vszakban.<\/p>\n\n\n\n<h3 class=\"wp-block-heading\" id=\"mistakes-to-avoid-when-installing-lights-on-driveways\">Hib\u00e1k, amelyeket el kell ker\u00fclni a j\u00e1rd\u00e1kon t\u00f6rt\u00e9n\u0151 l\u00e1mp\u00e1k telep\u00edt\u00e9sekor<\/h3>\n\n\n\n<p>\u00cdme n\u00e9h\u00e1ny gyakori hiba, amit az emberek elk\u00f6vetnek az \u00faj vil\u00e1g\u00edt\u00e1si rendszer\u00fck be\u00e1ll\u00edt\u00e1sakor:<\/p>\n\n\n\n<p>\u2022 V\u00edzhatlan csatlakoz\u00f3k kihagy\u00e1sa = v\u00e9gleges meghib\u00e1sod\u00e1s az els\u0151 t\u00e9li fagy-olvad\u00e1si ciklus ut\u00e1n<br>\u2022 Belt\u00e9ri min\u0151s\u00edt\u00e9s\u0171 k\u00e1bel k\u00fcls\u0151 haszn\u00e1latra = repedezett szigetel\u00e9s n\u00e9h\u00e1ny h\u00f3napon bel\u00fcl UV-expoz\u00edci\u00f3 alatt<br>\u2022 A b\u0151v\u00edt\u0151r\u00e9sek elfelejt\u00e9se = \u00f6sszenyomott vezet\u00e9kcs\u00f6vek, amikor a beton elmozdul<\/p>\n\n\n\n<p>Ker\u00fclje el ezeket a hib\u00e1kat azzal, hogy el\u0151re megtervez \u00e9s kiz\u00e1r\u00f3lag k\u00fclt\u00e9ri min\u0151s\u00e9g\u0171 anyagokat haszn\u00e1l, amelyeket kifejezetten a bej\u00e1rati utakhoz terveztek \u2013 nem teraszokhoz vagy kertekhez, ahol kev\u00e9sb\u00e9 zordak a k\u00f6r\u00fclm\u00e9nyek.<\/p>\n\n\n\n<h3 class=\"wp-block-heading\" id=\"balancing-aesthetics-with-functionality-in-light-placement\">Eszt\u00e9tika \u00e9s funkcionalit\u00e1s egyens\u00falya a f\u00e9ny elhelyez\u00e9s\u00e9ben<\/h3>\n\n\n\n<p>Azokat a j\u00e1rdavil\u00e1g\u00edt\u00e1sokat szeretn\u00e9, amelyek j\u00f3l mutatnak \u2013 de ugyanakkor biztons\u00e1gosan \u00e9s hat\u00e9konyan v\u00e9gzik a feladatukat minden g\u00f6rb\u00fcletn\u00e9l \u00e9s kanyarban a burkolat elrendez\u00e9s\u00e9ben.<\/p>\n\n\n\n<p>Csoport A \u2013 L\u00e1tv\u00e1nyhat\u00e1s:<\/p>\n\n\n\n<ul class=\"wp-block-list\">\n<li>Szimmetrikus p\u00e1rokat telep\u00edtsen a bej\u00e1ratokn\u00e1l.<\/li>\n\n\n\n<li>Haszn\u00e1ljon meleg feh\u00e9r \u00e1rnyalatokat (~2700K) a n\u00f6v\u00e9nyhat\u00e1rol\u00f3 szeg\u00e9lyek k\u00f6zel\u00e9ben.<\/li>\n\n\n\n<li>Ker\u00fclje a vak\u00edt\u00e1st azzal, hogy kiss\u00e9 lefel\u00e9 ir\u00e1ny\u00edtja a lencs\u00e9ket a kavics\u00e1gyak vagy gyep szeg\u00e9lyek fel\u00e9.<\/li>\n<\/ul>\n\n\n\n<p>Csoport B \u2013 Funkcion\u00e1lis lefedetts\u00e9g:<\/p>\n\n\n\n<ul class=\"wp-block-list\">\n<li>Egyenletesen oszlassa el a t\u00e1vols\u00e1gokat a f\u00e9nysug\u00e1r sz\u00f3r\u00f3d\u00e1si tartom\u00e1ny\u00e1nak (~6\u20138 l\u00e1b k\u00f6z\u00f6tt) megfelel\u0151en.<\/li>\n\n\n\n<li>Adj hozz\u00e1 extra lefedetts\u00e9get az keresztez\u0151d\u00e9sekn\u00e9l vagy kanyarokn\u00e1l.<\/li>\n\n\n\n<li>Tartsa a magass\u00e1got azonos szinten a talajszinttel, hogy elker\u00fclje a botl\u00e1svesz\u00e9lyt, ugyanakkor maradjon l\u00e1that\u00f3 a h\u00f3es\u00e9s vagy falevelek felhalmoz\u00f3d\u00e1sa k\u00f6zepette az \u0151szi id\u0151szakban.<\/li>\n<\/ul>\n\n\n\n<p>Helyes telep\u00edt\u00e9ssel nemcsak vil\u00e1g\u00edtanak, hanem biztons\u00e1gosan ir\u00e1ny\u00edtj\u00e1k a vend\u00e9geket, mik\u00f6zben otthon\u00e1t sokkal magasabb sz\u00ednvonal\u00fanak mutatj\u00e1k, mint amennyibe ker\u00fclt.<\/p>\n\n\n\n<h2 class=\"wp-block-heading\" id=\"5-tips-to-avoid-overlooking-driveway-lights-on-ground-maintenance\">5 tipp az \u00fatburkolati vil\u00e1g\u00edt\u00e1s figyelmen k\u00edv\u00fcl hagy\u00e1s\u00e1nak elker\u00fcl\u00e9s\u00e9hez a talajkarbantart\u00e1s sor\u00e1n<\/h2>\n\n\n\n<p>M\u00e9g a rendk\u00edv\u00fcl strapab\u00edr\u00f3 <strong>j\u00e1rd\u00e1k vil\u00e1g\u00edt\u00e1s\u00e1ra a f\u00f6ld\u00f6n<\/strong> berendez\u00e9sek is ig\u00e9nyelnek n\u00e9mi t\u00f6r\u0151d\u00e9st. Ezek az \u00f6t tipp seg\u00edtenek abban, hogy eg\u00e9sz \u00e9vben er\u0151sen \u00e9s stabilan vil\u00e1g\u00edtsanak.<\/p>\n\n\n\n<h3 class=\"wp-block-heading\" id=\"regular-checks-ensuring-long-lifespan-of-led-driveway-lights\">Rendszeres ellen\u0151rz\u00e9sek: az LED-es j\u00e1rdavil\u00e1g\u00edt\u00e1s hossz\u00fa \u00e9lettartam\u00e1nak biztos\u00edt\u00e1sa<\/h3>\n\n\n\n<ul class=\"wp-block-list\">\n<li>Figyeljen oda a <strong>k\u00e1bellel<\/strong>\u2014 laza vagy elhaszn\u00e1l\u00f3dott csatlakoz\u00e1sok zavarhatj\u00e1k az eg\u00e9sz rendszer m\u0171k\u00f6d\u00e9s\u00e9t.<\/li>\n\n\n\n<li>Keressen szikr\u00e1z\u00e1st vagy gyeng\u00fcl\u00e9st; ez jelezheti a meghib\u00e1sod\u00f3 alkatr\u00e9szeket vagy a nedvess\u00e9get a h\u00e1zban.<\/li>\n\n\n\n<li>\u00d3vatosan h\u00fazza meg az egyes r\u00f6gz\u00edt\u00e9seket, hogy megbizonyosodjon arr\u00f3l, hogy m\u00e9g mindig szorosan r\u00f6gz\u00edtve vannak, \u00e9s nem mozdultak el az id\u0151j\u00e1r\u00e1s vagy a forgalom miatt.<\/li>\n<\/ul>\n\n\n\n<ol class=\"wp-block-list\">\n<li>Havonta ellen\u0151rizze a fesz\u00fclts\u00e9gszinteket egy k\u00e9zi multim\u00e9terrel.<\/li>\n\n\n\n<li>Ellen\u0151rizze a csatlakoz\u00f3k k\u00f6r\u00fcli korr\u00f3zi\u00f3t, k\u00fcl\u00f6n\u00f6sen heves es\u0151z\u00e9sek ut\u00e1n.<\/li>\n\n\n\n<li>Azonnal cser\u00e9lje ki a repedt h\u00e1zakat \u2013 ezek beengedik a vizet.<\/li>\n<\/ol>\n\n\n\n<p>\u2022 Ne felejtse el tesztelni az id\u0151z\u00edt\u0151ket \u00e9s a mozg\u00e1s\u00e9rz\u00e9kel\u0151ket, ha vannak \u2013 ezeket gyakran figyelmen k\u00edv\u00fcl hagyj\u00e1k a rutinellen\u0151rz\u00e9sek sor\u00e1n.<\/p>\n\n\n\n<p>Egy j\u00f3l karbantartott l\u00e1mpa nemcsak tov\u00e1bb tart, hanem jobban \u00e9s biztons\u00e1gosabban is m\u0171k\u00f6dik. A rendszeres ellen\u0151rz\u00e9sek kihagy\u00e1sa gyorsabban ler\u00f6vid\u00edti a rendszer \u00e9lettartam\u00e1t, mint gondoln\u00e1, k\u00fcl\u00f6n\u00f6sen, ha olyan k\u00fclt\u00e9ri elemekkel van dolga, mint a h\u00f3, a szennyez\u0151d\u00e9s \u00e9s a h\u0151m\u00e9rs\u00e9klet-ingadoz\u00e1sok. Az Outdoor Lighting Research Group 2024-es jelent\u00e9se szerint a kisfesz\u00fclts\u00e9g\u0171 vil\u00e1g\u00edt\u00e1s id\u0151 el\u0151tti meghib\u00e1sod\u00e1sainak t\u00f6bb mint 68%-a k\u00f6zvetlen\u00fcl a hanyags\u00e1gb\u00f3l ered\u0151 karbantart\u00e1si rutinokhoz k\u00f6thet\u0151.<\/p>\n\n\n\n<p>A r\u00f6vid t\u00e1v\u00fa hanyags\u00e1g hossz\u00fa t\u00e1v\u00fa k\u00f6lts\u00e9gekhez vezet \u2013 ennyire egyszer\u0171.<\/p>\n\n\n\n<h3 class=\"wp-block-heading\" id=\"cleaning-tips-keeping-durable-polycarbonate-lenses-clear\">Tiszt\u00edt\u00e1si tippek: A tart\u00f3s polikarbon\u00e1t lencs\u00e9k tiszt\u00e1n tart\u00e1sa<\/h3>\n\n\n\n<p>\u2022 Csak pH-semleges <strong>tiszt\u00edt\u00f3szereket haszn\u00e1ljon<\/strong>\u2014b\u00e1rmi, ami t\u00fal savas, bep\u00e1r\u00e1s\u00edthatja azokat a kem\u00e9ny <strong>polikarbon\u00e1t lencs\u00e9kkel k\u00e9sz\u00fclt<\/strong> id\u0151vel.<br>\u2022 A mikrosz\u00e1las kend\u0151 a legjobb bar\u00e1tja; a pap\u00edrt\u00f6rl\u0151k t\u00f6bbet karcolnak, mint gondoln\u00e1.<br>\u2022 Tiszt\u00edt\u00e1s ut\u00e1n alaposan \u00f6bl\u00edtse le, hogy ne maradjon olyan maradv\u00e1ny, amely a napf\u00e9ny alatt r\u00e1\u00e9ghet a lencs\u00e9re.<\/p>\n\n\n\n<ol class=\"wp-block-list\">\n<li>Keverjen \u00f6ssze meleg vizet enyhe szappannal (ne haszn\u00e1ljon feh\u00e9r\u00edt\u0151t).<\/li>\n\n\n\n<li>\u00d3vatosan d\u00f6rzs\u00f6lje \u00e1t a lencs\u00e9ket k\u00e9thetente egyszer a pollenben gazdag id\u0151szakokban.<\/li>\n\n\n\n<li>Teljesen sz\u00e1r\u00edtsa meg, miel\u0151tt visszahelyezn\u00e9 a burkolatokat, vagy visszakapcsoln\u00e1 a l\u00e1mp\u00e1kat.<\/li>\n<\/ol>\n\n\n\n<p>Ker\u00fclje a nagynyom\u00e1s\u00fa mos\u00f3kat a szerelv\u00e9nyek k\u00f6zel\u00e9ben \u2013 ez t\u00falz\u00e1s, \u00e9s k\u00e1ros\u00edthatja a l\u00e1mp\u00e1k k\u00f6r\u00fcli t\u00f6m\u00edt\u00e9seket.<\/p>\n\n\n\n<p>A l\u00e1mp\u00e1k tisztas\u00e1ga befoly\u00e1solja, hogy mennyi f\u00e9ny \u00e9ri a talajt \u2013 a piszkos lencs\u00e9k pedig ak\u00e1r 40%-kal is cs\u00f6kkenthetik a f\u00e9nyer\u0151t az Illumination Standards Institute (ISI) 2024 m\u00e1jusi legut\u00f3bbi laborat\u00f3riumi vizsg\u00e1latai szerint. Ez nem csak a megjelen\u00e9sr\u0151l sz\u00f3l; a biztons\u00e1gr\u00f3l is, k\u00fcl\u00f6n\u00f6sen a felhajt\u00f3kon, ahol \u00e9jszaka a l\u00e1that\u00f3s\u00e1g a legfontosabb.<\/p>\n\n\n\n<h3 class=\"wp-block-heading\" id=\"replacing-batteries-when-to-upgrade-rechargeable-lithium-power-sources\">Akkumul\u00e1torcsere: Mikor \u00e9rdemes korszer\u0171s\u00edteni az \u00fajrat\u00f6lthet\u0151 l\u00edtium \u00e1ramforr\u00e1sokat<\/h3>\n\n\n\n<p>Csoport A \u2013 Jelek, hogy \u00faj elemekre van sz\u00fcks\u00e9ged:<\/p>\n\n\n\n<ul class=\"wp-block-list\">\n<li>A gyeng\u00fcl\u00e9s m\u00e9g teljes napf\u00e9ny mellett is megt\u00f6rt\u00e9nik.<\/li>\n\n\n\n<li>A l\u00e1mp\u00e1k minden este kor\u00e1bban kapcsolnak ki, mint v\u00e1rn\u00e1d.<\/li>\n\n\n\n<li>\u00c9szreveszed, hogy duzzanat van az elemrekeszben \u2013 rossz h\u00edr!<\/li>\n<\/ul>\n\n\n\n<p>Csoport B \u2013 Jobb csereelemek kiv\u00e1laszt\u00e1sa:<\/p>\n\n\n\n<ul class=\"wp-block-list\">\n<li>V\u00e1lassz nagy kapacit\u00e1s\u00fa <strong>\u00fajrat\u00f6lthet\u0151 l\u00edtium<\/strong> cell\u00e1kat, amelyek 2000mAh felett vannak \u00e9rt\u00e9kelve.<\/li>\n\n\n\n<li>Keress h\u0151m\u00e9rs\u00e9klet\u00e1ll\u00f3 modelleket, ha olyan helyen \u00e9lsz, ahol a t\u00e9li fagyok \u00e9s a forr\u00f3 nyarak v\u00e1ltakoznak.<\/li>\n\n\n\n<li>Az intelligens t\u00f6lt\u00e9sv\u00e9delmi \u00e1ramk\u00f6rt k\u00edn\u00e1l\u00f3 m\u00e1rk\u00e1k meg\u00e9ri a plusz k\u00f6lts\u00e9get.<\/li>\n<\/ul>\n\n\n\n<p>Az elemfejleszt\u00e9sek nemcsak az elhalt cell\u00e1k cser\u00e9j\u00e9r\u0151l sz\u00f3lnak \u2013 ez lehet\u0151s\u00e9g a teljes napenergia- vagy hibrid energiaforr\u00e1ssal m\u0171k\u00f6d\u0151 k\u00fclt\u00e9ri vil\u00e1g\u00edt\u00e1si rendszereid teljes\u00edtm\u00e9ny\u00e9nek n\u00f6vel\u00e9s\u00e9re.<\/p>\n\n\n\n<p>Ne v\u00e1rj, am\u00edg s\u00f6t\u00e9tben botladozol; az, hogy mikor \u00e9s hogyan friss\u00edted az energiaell\u00e1t\u00e1sodat, seg\u00edt abban, hogy minden \u00e9vszakban, m\u00e9g felh\u0151s id\u0151szakokban is, amikor a napenergia t\u00f6lt\u00e9s nem optim\u00e1lis, azok a kocsibe\u00e1ll\u00f3 jelz\u0151oszlopok ragyogjanak. MG Lighting javasolja, hogy minden modell eset\u00e9ben, amely l\u00edtium-alap\u00fa t\u00e1rol\u00f3cell\u00e1kat haszn\u00e1l, f\u00e9l\u00e9vente ellen\u0151rizd az elem \u00e1llapot\u00e1t a legjobb eredm\u00e9ny \u00e9rdek\u00e9ben.<\/p>\n\n\n\n<h2 class=\"wp-block-heading\" id=\"choosing-quality-avoid-cheap-driveway-lights-mistakes\">A min\u0151s\u00e9g kiv\u00e1laszt\u00e1sa: Ker\u00fcld el az olcs\u00f3 kocsibe\u00e1ll\u00f3 l\u00e1mp\u00e1k hib\u00e1it<\/h2>\n\n\n\n<p>A megfelel\u0151 t\u00edpus kiv\u00e1laszt\u00e1sa <strong>j\u00e1rd\u00e1k vil\u00e1g\u00edt\u00e1s\u00e1ra a f\u00f6ld\u00f6n<\/strong> nemcsak a kin\u00e9zetr\u0151l sz\u00f3l \u2013 ez a tart\u00f3ss\u00e1gr\u00f3l, biztons\u00e1gr\u00f3l \u00e9s a p\u00e9nz megtakar\u00edt\u00e1s\u00e1r\u00f3l hossz\u00fa t\u00e1von.<\/p>\n\n\n\n<figure class=\"wp-block-image size-full\"><img decoding=\"async\" width=\"1024\" height=\"559\" src=\"https:\/\/ledsteplight.com\/wp-content\/uploads\/2025\/11\/image-3.png\" alt=\"\" class=\"wp-image-38480\" srcset=\"https:\/\/ledsteplight.com\/wp-content\/uploads\/2025\/11\/image-3.png 1024w, https:\/\/ledsteplight.com\/wp-content\/uploads\/2025\/11\/image-3-400x218.png 400w, https:\/\/ledsteplight.com\/wp-content\/uploads\/2025\/11\/image-3-768x419.png 768w, https:\/\/ledsteplight.com\/wp-content\/uploads\/2025\/11\/image-3-18x10.png 18w, https:\/\/ledsteplight.com\/wp-content\/uploads\/2025\/11\/image-3-600x328.png 600w, https:\/\/ledsteplight.com\/wp-content\/uploads\/2025\/11\/image-3-150x82.png 150w\" sizes=\"(max-width: 1024px) 100vw, 1024px\" \/><\/figure>\n\n\n\n<h3 class=\"wp-block-heading\" id=\"sturdy-materials-matter-benefits-of-heavy-duty-cast-iron\">Massz\u00edv anyagok sz\u00e1m\u00edtanak: A neh\u00e9z kivitel\u0171 \u00f6nt\u00f6ttvas el\u0151nyei<\/h3>\n\n\n\n<p>\u2022 Az olcs\u00f3 m\u0171anyag h\u00e1zak nyom\u00e1s alatt repednek \u2013 sz\u00f3 szerint. De <strong>neh\u00e9z<\/strong> anyagok, mint p\u00e9ld\u00e1ul <strong>\u00f6nt\u00f6ttvas<\/strong>? Ellen\u00e1llnak a \u00fct\u0151d\u00e9seknek, az id\u0151j\u00e1r\u00e1snak \u00e9s a kop\u00e1snak.<\/p>\n\n\n\n<p>\u2022 T\u00f6bbet kapsz, mint csak strapab\u00edr\u00f3s\u00e1got; komoly <strong>tart\u00f3ss\u00e1g<\/strong>, k\u00fcl\u00f6n\u00f6sen, ha a l\u00e1mp\u00e1id ki vannak t\u00e9ve h\u00f3kotr\u00f3knak vagy f\u0171ny\u00edr\u00f3knak.<\/p>\n\n\n\n<p>\u2022 Term\u00e9szetes s\u0171r\u0171s\u00e9g\u00e9nek k\u00f6sz\u00f6nhet\u0151en a \u00f6nt\u00f6ttvas is stabilabb szeles k\u00f6r\u00fclm\u00e9nyek k\u00f6z\u00f6tt\u2014nem d\u0151l vagy mozdul el id\u0151vel.<\/p>\n\n\n\n<p>\u2022 \u00c9s ne feledkezz\u00fcnk meg a rozsda elleni v\u00e9delemr\u0151l sem. A legt\u00f6bb min\u0151s\u00e9gi modell el\u0151re kezelt <strong>rozsda\u00e1ll\u00f3<\/strong> bevonattal rendelkezik, amely \u00e9vekig tart\u00f3s marad.<\/p>\n\n\n\n<p>Amikor a hossz\u00fa t\u00e1v\u00fa teljes\u00edtm\u00e9nyr\u0151l van sz\u00f3 a <strong>f\u00f6ldi bej\u00e1rati l\u00e1mp\u00e1k<\/strong>, egy massz\u00edv alap val\u00f3ban megt\u00e9r\u00fcl.<\/p>\n\n\n\n<h3 class=\"wp-block-heading\" id=\"energy-efficiency-why-energy-star-certified-lights-are-worth-the-investment\">Energiahat\u00e9konys\u00e1g: Mi\u00e9rt \u00e9ri meg befektetni az Energy Star tan\u00fas\u00edtv\u00e1nnyal rendelkez\u0151 l\u00e1mp\u00e1kba<\/h3>\n\n\n\n<p>Az Energy Star tan\u00fas\u00edtv\u00e1nnyal rendelkez\u0151 modellek nem csup\u00e1n marketingfog\u00e1sok\u2014tesztelve vannak, hogy megfeleljenek a val\u00f3di szabv\u00e1nyoknak. Az Energia\u00fcgyi Miniszt\u00e9rium 2024 \u00e1prilisi jelent\u00e9se szerint a tan\u00fas\u00edtott LED-ek ak\u00e1r 90%-kal kevesebb energi\u00e1t fogyasztanak, mint az izz\u00f3sz\u00e1las megold\u00e1sok, mik\u00f6zben ak\u00e1r 25-sz\u00f6r hosszabb ideig tartanak.<\/p>\n\n\n\n<p>A r\u00f6vid t\u00e1v\u00fa megtakar\u00edt\u00e1sok cs\u00e1b\u00edt\u00f3ak lehetnek az olcs\u00f3bb egys\u00e9gek fel\u00e9, de:<\/p>\n\n\n\n<p>\u2013 A nem tan\u00fas\u00edtott l\u00e1mp\u00e1k gyakran t\u00f6bb energi\u00e1t fogyasztanak lumenenk\u00e9nt.<br>\u2013 T\u00falzott h\u0151t termelnek, ami cs\u00f6kkenti az \u00e9lettartamot \u00e9s n\u00f6veli a t\u0171zvesz\u00e9lyt k\u00fclt\u00e9ren.<\/p>\n\n\n\n<p>R\u00e1ad\u00e1sul a legt\u00f6bb modern Energy Star bej\u00e1rati l\u00e1mpa okos \u00e9rz\u00e9kel\u0151ket tartalmaz, amelyek a k\u00f6rnyezeti f\u00e9ny alapj\u00e1n \u00e1ll\u00edtj\u00e1k be a f\u00e9nyer\u0151t\u2014cs\u00f6kkentve a sz\u00fcks\u00e9gtelen energiafelhaszn\u00e1l\u00e1st \u00e9jszaka, amikor senki sincs k\u00f6r\u00fcl\u00f6tt\u00fcnk.<\/p>\n\n\n\n<p>Sz\u00f3val igen, egy hat\u00e9kony rendszerbe val\u00f3 befektet\u00e9s alacsonyabb sz\u00e1ml\u00e1kat \u00e9s kevesebb izz\u00f3csereket jelent hossz\u00fa t\u00e1von\u2014val\u00f3di nyeres\u00e9g minden h\u00e1ztart\u00e1sban, ahol az \u00fatjukat vil\u00e1g\u00edtj\u00e1k <strong>j\u00e1rd\u00e1k vil\u00e1g\u00edt\u00e1s\u00e1ra a f\u00f6ld\u00f6n<\/strong> be\u00e1ll\u00edt\u00e1sok.<\/p>\n\n\n\n<h3 class=\"wp-block-heading\" id=\"understanding-certifications-the-importance-of-rohs-compliant-products\">Tan\u00fas\u00edtv\u00e1nyok meg\u00e9rt\u00e9se: A RoHS megfelel\u0151s\u00e9g fontoss\u00e1ga<\/h3>\n\n\n\n<p>Ezt h\u00e1rom kulcsfontoss\u00e1g\u00fa r\u00e9szre bontva:<\/p>\n\n\n\n<ol class=\"wp-block-list\">\n<li>A RoHS a K\u00f6rnyezetv\u00e9delmi Szab\u00e1lyoz\u00e1sokat Jelenti.<\/li>\n\n\n\n<li>Tiltja p\u00e9ld\u00e1ul az \u00f3lmot \u00e9s higanyt az elektronikai eszk\u00f6z\u00f6kb\u0151l\u2014bele\u00e9rtve a k\u00fclt\u00e9ri vil\u00e1g\u00edt\u00e1st is.<\/li>\n\n\n\n<li>Mi\u00e9rt kellene \u00e9rdekelnie? Mert a nem megfelel\u0151s term\u00e9kek k\u00e1ros vegyi anyagokat oldhatnak ki a talajba vagy a talajv\u00edzbe a k\u00f6zel\u00e9ben l\u00e9v\u0151 otthon\u00e1ban.<\/li>\n<\/ol>\n\n\n\n<p>A RoHS c\u00edmke nemcsak tiszt\u00e1bb gy\u00e1rt\u00e1st jelent\u2014hanem azt is, hogy a term\u00e9k megfelel a szigor\u00fa eur\u00f3pai k\u00f6rnyezeti szabv\u00e1nyoknak.<\/p>\n\n\n\n<p>B\u00e1rkinek, aki k\u00fclt\u00e9ri vil\u00e1g\u00edt\u00e1st telep\u00edt kertek vagy gyerekj\u00e1tsz\u00f3terek k\u00f6zel\u00e9ben, a RoHS-kompatibilis felszerel\u00e9s kiv\u00e1laszt\u00e1sa nem opcion\u00e1lis\u2014ez alapvet\u0151 a nyugalom \u00e9s a hossz\u00fa t\u00e1v\u00fa biztons\u00e1g \u00e9rdek\u00e9ben az ingatlan sz\u00e9l\u00e9n, ahol ezek a diszkr\u00e9t kis <strong>f\u00f6ldi bej\u00e1rati l\u00e1mp\u00e1k<\/strong> gyakran helyezkednek el.<\/p>\n\n\n\n<h3 class=\"wp-block-heading\" id=\"comparing-costs-why-investing-in-quality-saves-money-long-term\">K\u00f6lts\u00e9g \u00f6sszehasonl\u00edt\u00e1s: Mi\u00e9rt takar\u00edt meg hossz\u00fa t\u00e1von a min\u0151s\u00e9gbe val\u00f3 befektet\u00e9s<\/h3>\n\n\n\n<p>Ezt k\u00e9t r\u00e9szre bontjuk:<\/p>\n\n\n\n<p><strong>El\u0151zetes k\u00f6lts\u00e9gek:<\/strong><br>\u2013 Igen, a pr\u00e9mium szint\u0171 f\u00f6ldi l\u00e1mpatestek kezdetben dr\u00e1g\u00e1bbak\u2014k\u00fcl\u00f6n\u00f6sen azok, amelyek t\u00f6m\u00f6r alum\u00ednium vagy \u00f6nt\u00f6ttvas testtel k\u00e9sz\u00fcltek.<\/p>\n\n\n\n<p><strong>Hossz\u00fa t\u00e1v\u00fa megtakar\u00edt\u00e1sok:<\/strong><br>\u2013 Alacsonyabb meghib\u00e1sod\u00e1si ar\u00e1nyok kevesebb cser\u00e9t jelentenek minden szezonban.<br>\u2013 Jobb t\u00f6m\u00edt\u00e9sek kevesebb v\u00edzk\u00e1rosod\u00e1st okoznak\u2014nincs villog\u00e1s es\u0151z\u00e9sek ut\u00e1n.<br>\u2013 Az LED-alap\u00fa rendszerek drasztikusan cs\u00f6kkentik az energiafogyaszt\u00e1st id\u0151vel.<br>\u2013 Karbantart\u00e1s? Szinte egy\u00e1ltal\u00e1n nincs, ha a min\u0151s\u00e9gre t\u00f6rekszik m\u00e1r az els\u0151 napt\u00f3l.<\/p>\n\n\n\n<p>Egyszer\u0171en cs\u00e1b\u00edt\u00f3 az online el\u00e9rhet\u0151 $10 napelemcs\u00facsok v\u00e1s\u00e1rl\u00e1sa\u2014de k\u00e9rdezze meg b\u00e1rkit, aki minden tavaszban cser\u00e9lte \u0151ket, mennyit is takar\u00edtott val\u00f3j\u00e1ban.<\/p>\n\n\n\n<p>Egy stabil befektet\u00e9s az elej\u00e9n azt jelenti, hogy az <strong>j\u00e1rd\u00e1k vil\u00e1g\u00edt\u00e1s\u00e1ra a f\u00f6ld\u00f6n<\/strong> nem v\u00e1lik ism\u00e9tl\u0151d\u0151 probl\u00e9m\u00e1v\u00e1\u2014hanem megb\u00edzhat\u00f3 jellemz\u0151kk\u00e9, amelyek szezonokon \u00e1t tartanak, probl\u00e9mamentesen.<\/p>\n\n\n\n<h2 class=\"wp-block-heading\" id=\"faqsaboutdrivewaylightsonground\">Gyakran ism\u00e9telt k\u00e9rd\u00e9sek a f\u00f6ldszinti j\u00e1rdavil\u00e1g\u00edt\u00e1sr\u00f3l<\/h2>\n\n\n\n<p><strong>Mik a legnagyobb hib\u00e1k, amiket az emberek elk\u00f6vetnek a j\u00e1rdavil\u00e1g\u00edt\u00e1s telep\u00edt\u00e9sekor a f\u00f6ldre?<\/strong><br>A leggyakoribb hib\u00e1k nem technikaiak\u2014hanem emberi hib\u00e1k. Az emberek gyakran alulbecs\u00fclik, mennyi f\u00e9nyre van val\u00f3j\u00e1ban sz\u00fcks\u00e9g\u00fck, vagy sietve helyezik el a l\u00e1mp\u00e1kat an\u00e9lk\u00fcl, hogy \u00e1tgondoln\u00e1k, hogyan esnek majd az \u00e1rny\u00e9kok \u00e9jszaka. N\u00e9h\u00e1ny t\u00e9ved\u00e9s miatt egy sz\u00e9p j\u00e1rda foltos \u00e9s s\u00f6t\u00e9t lehet.<\/p>\n\n\n\n<ul class=\"wp-block-list\">\n<li>A t\u00fal t\u00e1voli vil\u00e1g\u00edt\u00e1si pontok s\u00f6t\u00e9t r\u00e9sekhez vezetnek, amelyek biztons\u00e1g\u00e9rzetet cs\u00f6kkentenek<\/li>\n\n\n\n<li>Nem id\u0151j\u00e1r\u00e1s\u00e1ll\u00f3 anyagok haszn\u00e1lata korai korr\u00f3zi\u00f3hoz vagy elektromos meghib\u00e1sod\u00e1shoz vezethet<\/li>\n\n\n\n<li>A helyi szabv\u00e1nyok figyelmen k\u00edv\u00fcl hagy\u00e1sa k\u00f6lts\u00e9ges jav\u00edt\u00e1st eredm\u00e9nyezhet<\/li>\n<\/ul>\n\n\n\n<p>Nem csak a csatlakoztat\u00e1sr\u00f3l sz\u00f3l\u2014hanem a sz\u00e1nd\u00e9kos tervez\u00e9sr\u0151l is.<\/p>\n\n\n\n<p><strong>T\u00fal\u00e9lhetik-e a napelemes kerti vil\u00e1g\u00edt\u00e1sok a zord t\u00e9li id\u0151j\u00e1r\u00e1st?<\/strong><br>Csak n\u00e9h\u00e1ny k\u00e9pes r\u00e1\u2014\u00e9s azok olyanok, mint kis tankok. Ha olyan helyen \u00e9lsz, ahol a h\u00f3 magasra halmoz\u00f3dik \u00e9s a h\u0151m\u00e9rs\u00e9klet alacsonyra s\u00fcllyed, keresd ezeket a jellemz\u0151ket:<\/p>\n\n\n\n<ul class=\"wp-block-list\">\n<li>Z\u00e1rt alum\u00ednium \u00f6tv\u00f6zet h\u00e1z a nedvess\u00e9g \u00e9s s\u00f3 ellen<\/li>\n\n\n\n<li>Hideg id\u0151j\u00e1r\u00e1si teljes\u00edtm\u00e9nyre min\u0151s\u00edtett l\u00edtium akkumul\u00e1torok<\/li>\n\n\n\n<li>A napelemek sz\u00f6gben vannak elhelyezve, hogy elkapj\u00e1k a gyenge t\u00e9li napot<\/li>\n<\/ul>\n\n\n\n<p>Ennek a tart\u00f3ss\u00e1gnak hi\u00e1ny\u00e1ban a \u201e\u00e9ves\u201d vil\u00e1g\u00edt\u00e1sod janu\u00e1rra kialudhat.<\/p>\n\n\n\n<p><strong>Hogyan ker\u00fclhetem el az egyenetlen vil\u00e1g\u00edt\u00e1st a kerti \u00faton?<\/strong><br>K\u00e9pzeld el, hogy este s\u00e9t\u00e1lsz az utadon\u2014egyes ter\u00fcletek melegen ragyognak, m\u00edg m\u00e1sok \u00e1rny\u00e9kba borulnak. Ez akkor fordul el\u0151, amikor a t\u00e1vols\u00e1g nem megfelel\u0151 vagy a f\u00e9nyer\u0151 nem egyezik a kialak\u00edt\u00e1ssal. A megold\u00e1s?<\/p>\n\n\n\n<p>Kezdd azzal, hogy t\u00e9rk\u00e9pezd fel a teret v\u00e1s\u00e1rl\u00e1s el\u0151tt. M\u00e9rd meg a vil\u00e1g\u00edt\u00f3testek k\u00f6z\u00f6tti t\u00e1vols\u00e1gokat, hogy mindegyik el\u00e9g \u00e1tfed\u00e9st adjon a szomsz\u00e9dj\u00e1val. Ne b\u00edzd a v\u00e9letlenre; teszteld a helyeket ideiglenes be\u00e1ll\u00edt\u00e1sokkal, ha sz\u00fcks\u00e9ges.<\/p>\n\n\n\n<p>Az egyenletes t\u00e1vols\u00e1g nem mindig azonos t\u00e1vols\u00e1g\u2014a g\u00f6rb\u00e9k, lejt\u0151k \u00e9s kert\u00e9szeti elemek mind befoly\u00e1solj\u00e1k a f\u00e9ny viselked\u00e9s\u00e9t a fel\u00fcleten.<\/p>\n\n\n\n<p><strong>Mi\u00e9rt sz\u00e1m\u00edtanak a tan\u00fas\u00edtv\u00e1nyok, amikor nagy t\u00e9telben v\u00e1s\u00e1rolsz f\u00f6ldszinti vil\u00e1g\u00edt\u00f3testeket?<\/strong><br>Mert a kihagyott r\u00e9szletek gyorsan dr\u00e1g\u00e1v\u00e1 v\u00e1lhatnak\u2014k\u00fcl\u00f6n\u00f6sen kereskedelmi alkalmaz\u00e1sokban, ahol rendszeres biztons\u00e1gi ellen\u0151rz\u00e9sek t\u00f6rt\u00e9nnek. A tan\u00fas\u00edtott term\u00e9kek biztos\u00edtj\u00e1k, hogy megfelelsz a szabv\u00e1nyoknak a telep\u00edt\u00e9s napj\u00e1t\u00f3l kezdve:<\/p>\n\n\n\n<ul class=\"wp-block-list\">\n<li>UL-list\u00e1zott azt jelenti, hogy t\u0171z- \u00e9s elektromos biztons\u00e1gi teszteken estek \u00e1t val\u00f3di k\u00f6r\u00fclm\u00e9nyek k\u00f6z\u00f6tt<\/li>\n\n\n\n<li>RoHS megfelel\u00e9s biztos\u00edtja, hogy nem szabadulnak fel k\u00e1ros anyagok a talajba id\u0151vel<\/li>\n\n\n\n<li>DLC Pr\u00e9mium list\u00e1z\u00e1sok jogosultak lehetnek energia-visszat\u00e9r\u00edt\u00e9sekre<\/li>\n<\/ul>\n\n\n\n<p>R\u00f6viden: a tan\u00fas\u00edtv\u00e1nyos term\u00e9kek megb\u00edzhat\u00f3ak\u2014\u00e9s a bizalom most fontosabb, mint valaha, amikor tucatnyi (vagy sz\u00e1z) egys\u00e9get szerelsz be a f\u00f6ld al\u00e1.<\/p>\n\n\n\n<p><strong>Milyen jellemz\u0151ket kell a szakembereknek el\u0151t\u00e9rbe helyezni\u00fck a neh\u00e9z haszn\u00e1lat\u00fa kocsibej\u00e1r\u00f3k eset\u00e9ben?<\/strong>Amikor az aut\u00f3k naponta\u2014vagy ak\u00e1r \u00f3r\u00e1nk\u00e9nt\u2014\u00e1tmennek ezeken a szerkezeteken, t\u00f6bb kell, mint csup\u00e1n sz\u00e9p diz\u00e1jn:<\/p>\n\n\n\n<p>Tart\u00f3ss\u00e1g a kir\u00e1ly:\u2022 Vastag edzett \u00fcveg lencs\u00e9k ellen\u00e1llnak a reped\u00e9snek nyom\u00e1s alatt<br>\u2022 \u00dct\u00e9s\u00e1ll\u00f3 h\u00e1zak elviselik a gumiabroncsok s\u00faly\u00e1t<br>\u2022 V\u00edz\u00e1ll\u00f3 t\u00f6m\u00edt\u00e9sek megakad\u00e1lyozz\u00e1k az \u00e1ramkimarad\u00e1sokat viharok idej\u00e9n<\/p>\n\n\n\n<p>\u00c9s ne feledkezz meg az okos vez\u00e9rl\u00e9sr\u0151l: a sz\u00fcrk\u00fclett\u0151l napkelt\u00e9ig \u00e9rz\u00e9kel\u0151k automatikusan takar\u00e9koskodnak az energi\u00e1val, mik\u00f6zben pontosan akkor vil\u00e1g\u00edtj\u00e1k meg az utakat, amikor sz\u00fcks\u00e9g van r\u00e1\u2014mindezt manu\u00e1lis kapcsol\u00f3k haszn\u00e1lata n\u00e9lk\u00fcl minden este.<\/p>\n\n\n\n<p><\/p>","protected":false},"excerpt":{"rendered":"<p>A rossz telep\u00edt\u00e9sek fekete foltokk\u00e1 v\u00e1ltoztatj\u00e1k a j\u00e1rda vil\u00e1g\u00edt\u00e1s\u00e1t a f\u00f6ld\u00f6n \u2013 tervezzen okosan, ker\u00fclje a szikr\u00e1z\u00e1st, \u00e9s tartsa er\u0151snek a j\u00e1rd\u00e1t.<\/p>","protected":false},"author":1,"featured_media":38535,"comment_status":"open","ping_status":"open","sticky":false,"template":"","format":"standard","meta":{"footnotes":""},"categories":[1],"tags":[],"class_list":["post-38471","post","type-post","status-publish","format-standard","has-post-thumbnail","hentry","category-uncategorized"],"_links":{"self":[{"href":"https:\/\/ledsteplight.com\/hu\/wp-json\/wp\/v2\/posts\/38471","targetHints":{"allow":["GET"]}}],"collection":[{"href":"https:\/\/ledsteplight.com\/hu\/wp-json\/wp\/v2\/posts"}],"about":[{"href":"https:\/\/ledsteplight.com\/hu\/wp-json\/wp\/v2\/types\/post"}],"author":[{"embeddable":true,"href":"https:\/\/ledsteplight.com\/hu\/wp-json\/wp\/v2\/users\/1"}],"replies":[{"embeddable":true,"href":"https:\/\/ledsteplight.com\/hu\/wp-json\/wp\/v2\/comments?post=38471"}],"version-history":[{"count":5,"href":"https:\/\/ledsteplight.com\/hu\/wp-json\/wp\/v2\/posts\/38471\/revisions"}],"predecessor-version":[{"id":38559,"href":"https:\/\/ledsteplight.com\/hu\/wp-json\/wp\/v2\/posts\/38471\/revisions\/38559"}],"wp:featuredmedia":[{"embeddable":true,"href":"https:\/\/ledsteplight.com\/hu\/wp-json\/wp\/v2\/media\/38535"}],"wp:attachment":[{"href":"https:\/\/ledsteplight.com\/hu\/wp-json\/wp\/v2\/media?parent=38471"}],"wp:term":[{"taxonomy":"category","embeddable":true,"href":"https:\/\/ledsteplight.com\/hu\/wp-json\/wp\/v2\/categories?post=38471"},{"taxonomy":"post_tag","embeddable":true,"href":"https:\/\/ledsteplight.com\/hu\/wp-json\/wp\/v2\/tags?post=38471"}],"curies":[{"name":"wp","href":"https:\/\/api.w.org\/{rel}","templated":true}]}}