{"id":38534,"date":"2025-12-08T01:51:12","date_gmt":"2025-12-08T01:51:12","guid":{"rendered":"https:\/\/ledsteplight.com\/?p=38534"},"modified":"2025-12-11T09:11:27","modified_gmt":"2025-12-11T09:11:27","slug":"10-stunning-underground-lighting-ideas-for-driveways-and-pathways","status":"publish","type":"post","link":"https:\/\/ledsteplight.com\/hu\/10-stunning-underground-lighting-ideas-for-driveways-and-pathways\/","title":{"rendered":"10 leny\u0171g\u00f6z\u0151 f\u00f6ld alatti vil\u00e1g\u00edt\u00e1si \u00f6tlet a behajt\u00f3khoz \u00e9s s\u00e9t\u00e1nyokhoz"},"content":{"rendered":"<h2 class=\"wp-block-heading\">\u00c9p\u00edt\u00e9szet \u00e9s Design<\/h2>\n\n\n\n<p>\u00c9jszaka aut\u00f3val felhajtasz egy h\u00e1zhoz, \u00e9s mi ragad meg el\u0151sz\u00f6r \u2013 az \u00e9p\u00edt\u00e9szet vagy a kerekeket vezet\u0151 f\u00e9ny? A f\u00f6ld alatti vil\u00e1g\u00edt\u00e1s m\u00e1r nem csak egy divatos extra; a biztons\u00e1g, a st\u00edlus \u00e9s az egyenesen a j\u00e1rda melletti dicsekv\u00e9s \u00e9nekelt h\u0151se lett. B\u00e1rki sz\u00e1m\u00e1ra, aki t\u00f6bb ingatlant kezel vagy nagyszab\u00e1s\u00fa telep\u00edt\u00e9seket fel\u00fcgyel, ez a fajta vil\u00e1g\u00edt\u00e1s a s\u00f6t\u00e9t felhajt\u00f3kat j\u00f3l megvil\u00e1g\u00edtott sz\u0151nyegekk\u00e9 alak\u00edtja \u2013 an\u00e9lk\u00fcl, hogy figyelemfelkelt\u0151 lenne.<\/p>\n\n\n\n<figure class=\"wp-block-image size-full\"><img decoding=\"async\" width=\"783\" height=\"609\" src=\"https:\/\/ledsteplight.com\/wp-content\/uploads\/2025\/12\/image-1.jpeg\" alt=\"\" class=\"wp-image-38500\" srcset=\"https:\/\/ledsteplight.com\/wp-content\/uploads\/2025\/12\/image-1.jpeg 783w, https:\/\/ledsteplight.com\/wp-content\/uploads\/2025\/12\/image-1-386x300.jpeg 386w, https:\/\/ledsteplight.com\/wp-content\/uploads\/2025\/12\/image-1-768x597.jpeg 768w, https:\/\/ledsteplight.com\/wp-content\/uploads\/2025\/12\/image-1-15x12.jpeg 15w, https:\/\/ledsteplight.com\/wp-content\/uploads\/2025\/12\/image-1-600x467.jpeg 600w, https:\/\/ledsteplight.com\/wp-content\/uploads\/2025\/12\/image-1-150x117.jpeg 150w\" sizes=\"(max-width: 783px) 100vw, 783px\" \/><\/figure>\n\n\n\n<h2 class=\"wp-block-heading\">M\u0171szaki Tart\u00f3ss\u00e1g<\/h2>\n\n\n\n<p>Olyan strapab\u00edr\u00f3 felszerel\u00e9st keresel, ami nem remeg meg minden es\u0151ben? \u00dcdv\u00f6zl\u00fcnk az IP65-\u00f6s besorol\u00e1s\u00fa l\u00e1mpatestekn\u00e9l, amelyek alum\u00ednium szerkezettel \u00e9s \u00fcvegarcokkal vannak ell\u00e1tva, kem\u00e9nyebbek, mint a nagyb\u00e1ty\u00e1d r\u00e9gi pickupja. \u00c9s amikor t\u00f6bb sz\u00e1z line\u00e1ris l\u00e1bnyi hossz\u00fas\u00e1ggal dolgozol, az energiatakar\u00e9kos LED-ek \u00e9s a 100\u2013277V-os rugalmass\u00e1g nem extra, hanem \u00e9letment\u0151. Fogd be az \u00f6vet \u2013 most bemutatunk 10 \u00f6tletet, amelyek mind az \u00e9p\u00edt\u00e9s\u00fcgyi ellen\u0151r\u00f6k, mind az Instagram-influencerek j\u00f3v\u00e1hagy\u00e1s\u00e1t meg fogj\u00e1k szerezni.<\/p>\n\n\n\n<h3 class=\"wp-block-heading\">01. \u00c1BRA. \u00daTVIL\u00c1G\u00cdT\u00c1S<\/h3>\n\n\n\n<h4 class=\"wp-block-heading\">Alak\u00edtsd \u00c1t \u00datjaidat F\u00f6ld Alatti Vil\u00e1g\u00edt\u00e1si \u00d6tletekkel<\/h4>\n\n\n\n<p>A j\u00e1rd\u00e1k megvil\u00e1g\u00edt\u00e1sa nem csak a l\u00e1that\u00f3s\u00e1gr\u00f3l sz\u00f3l \u2013 a hangulatr\u00f3l, a biztons\u00e1gr\u00f3l \u00e9s a st\u00edlusr\u00f3l is egyben.<\/p>\n\n\n\n<h4 class=\"wp-block-heading\">LED Troffer L\u00e1mp\u00e1k: Modern Csavar az \u00dat Eleganci\u00e1j\u00e1hoz<\/h4>\n\n\n\n<p>Adj egy eleg\u00e1ns ragyog\u00e1st a kertutaknak LED troffer l\u00e1mp\u00e1kkal, amelyek \u00f6tv\u00f6zik a funkcionalit\u00e1st a modern eszt\u00e9tik\u00e1val.\u2022 Ezek a l\u00e1mpatestek sz\u00e9les sz\u00f6g\u0171 megvil\u00e1g\u00edt\u00e1st biztos\u00edtanak\u2014ide\u00e1lisak az \u00e1rny\u00e9kok elker\u00fcl\u00e9s\u00e9re egyenetlen fel\u00fcleteken.\u2022 Szeretni fogod, ahogy egyens\u00falyt teremt az energiahat\u00e9konys\u00e1g \u00e9s a kifinomult b\u00e1j k\u00f6z\u00f6tt.<\/p>\n\n\n\n<p>V\u00e1lasszon be\u00e9p\u00edtett vagy fel\u00fcletre szerelt st\u00edlusokat az elrendez\u00e9se alapj\u00e1n. Illessze a l\u00e1mpatest fel\u00fcletkezel\u00e9s\u00e9t a k\u00f6zeli elemekhez, p\u00e9ld\u00e1ul k\u0151h\u00f6z vagy f\u00e1hoz. V\u00e1lasszon dimmelhet\u0151 modelleket, hogy sz\u00fcks\u00e9g szerint be\u00e1ll\u00edthassa a f\u00e9nyer\u0151t.<\/p>\n\n\n\n<p>T\u00f6k\u00e9letes alacsony belmagass\u00e1g\u00fa ter\u00fcleteken, ahol a f\u00fcgg\u0151leges t\u00e9r sz\u0171k. kompatibilis okos vez\u00e9rl\u00e9sekkel az automatiz\u00e1lt esti vil\u00e1g\u00edt\u00e1shoz.<\/p>\n\n\n\n<p>Ezeknek a l\u00e1mpatesteknek a l\u00e1gy diff\u00fazi\u00f3ja olyan megh\u00edv\u00f3 l\u00e9gk\u00f6rt teremt, amely egyszerre magas sz\u00ednvonal\u00fa \u00e9s otthonos\u2014ide\u00e1lis b\u00e1rmilyen j\u00e1rda fejleszt\u00e9s\u00e9hez.<\/p>\n\n\n\n<p>R\u00f6viden \u00e9s t\u00f6m\u00f6ren: Hat\u00e9konyak, j\u00f3l n\u00e9znek ki, \u00e9s \u00f6r\u00f6kk\u00e9 tartanak.<\/p>\n\n\n\n<p>Valami finom, de st\u00edlusos kell? Ezek a l\u00e1mp\u00e1k k\u00f6zvetlen\u00fcl be\u00e9p\u00edthet\u0151k mennyezetekbe vagy ereszcsatorn\u00e1kba a j\u00e1rd\u00e1k k\u00f6zel\u00e9ben an\u00e9lk\u00fcl, hogy elvonj\u00e1k a figyelmet a kert\u00e9szeti elemekr\u0151l.<\/p>\n\n\n\n<h4 class=\"wp-block-heading\">Az alum\u00ednium h\u00e1z be\u00e9p\u00edt\u00e9s\u00e9vel a tart\u00f3ss\u00e1g\u00e9rt<\/h4>\n\n\n\n<h5 class=\"wp-block-heading\">Mi\u00e9rt alum\u00ednium h\u00e1z?<\/h5>\n\n\n\n<p>Alum\u00ednium h\u00e1z jobban ellen\u00e1ll a korr\u00f3zi\u00f3nak, mint az ac\u00e9l, \u00edgy t\u00f6k\u00e9letes a nedves k\u00f6rnyezetekhez, amelyek jellemz\u0151ek a f\u00f6ld alatti vil\u00e1g\u00edt\u00e1si rendszerekben. Emellett k\u00f6nny\u0171, ami megk\u00f6nny\u00edti a telep\u00edt\u00e9st sz\u0171k j\u00e1r\u00f3szinteken vagy eltemetett vezet\u00e9kcsatorn\u00e1k ment\u00e9n. A merev szerkezet kiv\u00e1l\u00f3an b\u00edrja a sz\u00e9ls\u0151s\u00e9ges h\u0151m\u00e9rs\u00e9kleteket \u00e9s a nedvess\u00e9g-ingadoz\u00e1sokat.<\/p>\n\n\n\n<h5 class=\"wp-block-heading\">Telep\u00edt\u00e9si legjobb gyakorlatok<\/h5>\n\n\n\n<p>Keresse a porfestett fel\u00fcleteket \u2013 ezek extra id\u0151j\u00e1r\u00e1s\u00e1ll\u00f3s\u00e1got biztos\u00edtanak. Gy\u0151z\u0151dj\u00f6n meg arr\u00f3l, hogy a t\u00f6m\u00edt\u00e9sek megfelel\u0151en vannak-e szigetelve, hogy megakad\u00e1lyozza a v\u00edz besziv\u00e1rg\u00e1s\u00e1t. Haszn\u00e1ljon nyit\u00e1sv\u00e9dett csavarokat, ha a ter\u00fclet nyilv\u00e1nos z\u00f3n\u00e1kb\u00f3l megk\u00f6zel\u00edthet\u0151.<\/p>\n\n\n\n<h5 class=\"wp-block-heading\">Hossz\u00fa t\u00e1v\u00fa el\u0151ny\u00f6k<\/h5>\n\n\n\n<p>Nagyszer\u0171 p\u00e1ros\u00edt\u00e1s LED modulokkal a h\u0151vezet\u00e9si el\u0151ny\u00f6k miatt.\u2022 Id\u0151vel nem rozsd\u00e1sodik\u2014m\u00e9g tengerparti kl\u00edm\u00e1ban vagy \u00e1rv\u00edzvesz\u00e9lyes ter\u00fcleteken sem.<\/p>\n\n\n\n<p>Nem akarja, hogy a rideg m\u0171anyag h\u00e1zak repedjenek meg a f\u00f6ld alatt egyetlen t\u00e9li fagy-olvad\u00e1si ciklus ut\u00e1n\u2014v\u00e1lassza az alum\u00edniumot, \u00e9s felejtse el a karbantart\u00e1si fejf\u00e1j\u00e1st.<\/p>\n\n\n\n<p>Gyors tipp: Hossz\u00fa t\u00e1v\u00fa telep\u00edt\u00e9shez a j\u00e1rd\u00e1k vagy teraszok alatt, haszn\u00e1ljon IP68 min\u0151s\u00edt\u00e9s\u0171 eloszt\u00f3dobozokat ezekkel a l\u00e1mpatestekkel egy\u00fctt, hogy teljesen kiz\u00e1rja a t\u00f6rmel\u00e9ket \u00e9s a nedvess\u00e9get.<\/p>\n\n\n\n<h4 class=\"wp-block-heading\">A sz\u00ednh\u0151m\u00e9rs\u00e9klet szerepe<\/h4>\n\n\n\n<h5 class=\"wp-block-heading\">Hangulat \u00e9s T\u00f3nus<\/h5>\n\n\n\n<p>Szeretn\u00e9l hangulatos hangulatot? V\u00e1lassz meleg feh\u00e9r (2700K\u20133000K). Tiszta tisztas\u00e1gra van sz\u00fcks\u00e9ged? Pr\u00f3b\u00e1ld ki a hideg feh\u00e9r (4000K\u20135000K). A megfelel\u0151 sz\u00ednh\u0151m\u00e9rs\u00e9klet hangulatot ad \u2013 sz\u00f3 szerint \u2013 az aut\u00f3be\u00e1ll\u00f3 \u00e9jszakai l\u00e1tv\u00e1ny\u00e1nak. Kombin\u00e1ld a k\u00fcl\u00f6nb\u00f6z\u0151 t\u00f3nusokat a szeg\u00e9lyek ment\u00e9n a k\u00f6zponti cs\u00edkokkal, hogy r\u00e9teges kontraszthat\u00e1sokat hozz l\u00e9tre, amelyek kiemelkednek an\u00e9lk\u00fcl, hogy t\u00falzottan felt\u0171n\u0151ek lenn\u00e9nek.<\/p>\n\n\n\n<h5 class=\"wp-block-heading\">Tervez\u00e9si Strat\u00e9gia<\/h5>\n\n\n\n<p>T\u00e9rk\u00e9pezze fel a szerelv\u00e9nyek k\u00f6z\u00f6tti t\u00e1vols\u00e1got a sz\u00ednh\u0151m\u00e9rs\u00e9klet kiv\u00e1laszt\u00e1sa el\u0151tt \u2013 ez befoly\u00e1solja a f\u00e9ny \u00e1tfed\u00e9s\u00e9nek \u00e9szlel\u00e9s\u00e9t. Ker\u00fclje a drasztikusan elt\u00e9r\u0151 t\u00f3nusok kever\u00e9s\u00e9t, kiv\u00e9ve, ha m\u0171v\u00e9szi kontrasztot k\u00edv\u00e1n el\u00e9rni. Haszn\u00e1ljon \u00e1ll\u00edthat\u00f3 CCT vil\u00e1g\u00edt\u00f3testeket, ha k\u00e9s\u0151bb szezon\u00e1lis hangulatv\u00e1ltoz\u00e1sokat szeretne.<\/p>\n\n\n\n<h5 class=\"wp-block-heading\">Diz\u00e1jn Hat\u00e1s<\/h5>\n\n\n\n<p>Melegebb \u00e1rnyalatok gy\u00f6ny\u00f6r\u0171en kiemelik a t\u00e9gla\u00e9p\u00edtm\u00e9nyt \u00e9jszaka.  \nH\u0171v\u00f6sebb feh\u00e9rek n\u00f6velik a l\u00e1that\u00f3s\u00e1got a gar\u00e1zsok \u00e9s bej\u00e1ratok k\u00f6zel\u00e9ben.<\/p>\n\n\n\n<p>Ez a finom \u00e1rnyalatv\u00e1lt\u00e1s tiszt\u00e1bb\u00e1 teheti a betont, vagy luxusabb\u00e1 a t\u00e9rk\u00f6vet \u2013 a l\u00e9nyeg, hogy megtal\u00e1ld a st\u00edlusodhoz legjobban ill\u0151t, mik\u00f6zben \u00e9jszaka is praktikus marad a j\u00e1r\u00f3fel\u00fclet.<\/p>\n\n\n\n<p>A h\u0171v\u00f6s t\u00f3nus\u00fa f\u00e9nyek kever\u00e9se a j\u00e1rm\u0171vek bej\u00e1rat\u00e1hoz k\u00f6zel, a melegebb f\u00e9nyekkel a pihen\u0151helyekn\u00e9l m\u00e9lys\u00e9get ad a tervez\u00e9snek \u2013 \u00e9s seg\u00edt a vend\u00e9geknek term\u00e9szetesen eligazodni a t\u00e9rben puszt\u00e1n a f\u00e9ny seg\u00edts\u00e9g\u00e9vel.<\/p>\n\n\n\n<p>\u00c9s ne feledd, b\u00e1rmilyen be\u00e1ll\u00edt\u00e1st is v\u00e1lasztasz \u2013 az okosvez\u00e9rl\u00e9s\u0171 LED-ekt\u0151l a strapab\u00edr\u00f3 alum\u00ednium szerkezetekig \u2013 a kocsifelhajt\u00f3d t\u00f6bbet \u00e9rdemel, mint egyszer\u0171en a f\u00f6ldbe sz\u00fart alapizz\u00f3kat; \u00e1tgondolt megvil\u00e1g\u00edt\u00e1st \u00e9rdemel, amely a mindennapi \u00e9letterek val\u00f3s felhaszn\u00e1l\u00e1si esetei k\u00f6r\u00e9 \u00e9p\u00fcl, \u00e9s amelyet nagyszer\u0171<\/p>\n\n\n\n<h2 class=\"wp-block-heading\">Hangulat megteremt\u00e9se: F\u00f6ldalatti vil\u00e1g\u00edt\u00e1s k\u00fclt\u00e9ri terekhez<\/h2>\n\n\n\n<p>Egy \u00fct\u0151s k\u00fclt\u00e9ri hangulat a megfelel\u0151 f\u00e9nyekkel kezd\u0151dik \u2013 k\u00fcl\u00f6n\u00f6sen, ha a f\u00f6ld al\u00e1 vannak rejtve, \u00e9s var\u00e1zslatosan vil\u00e1g\u00edtanak.<\/p>\n\n\n\n<figure class=\"wp-block-image size-full\"><img decoding=\"async\" width=\"805\" height=\"588\" src=\"https:\/\/ledsteplight.com\/wp-content\/uploads\/2025\/12\/image-5.jpeg\" alt=\"\" class=\"wp-image-38535\" srcset=\"https:\/\/ledsteplight.com\/wp-content\/uploads\/2025\/12\/image-5.jpeg 805w, https:\/\/ledsteplight.com\/wp-content\/uploads\/2025\/12\/image-5-400x292.jpeg 400w, https:\/\/ledsteplight.com\/wp-content\/uploads\/2025\/12\/image-5-768x561.jpeg 768w, https:\/\/ledsteplight.com\/wp-content\/uploads\/2025\/12\/image-5-16x12.jpeg 16w, https:\/\/ledsteplight.com\/wp-content\/uploads\/2025\/12\/image-5-600x438.jpeg 600w, https:\/\/ledsteplight.com\/wp-content\/uploads\/2025\/12\/image-5-150x110.jpeg 150w\" sizes=\"(max-width: 805px) 100vw, 805px\" \/><\/figure>\n\n\n\n<h3 class=\"wp-block-heading\">5000K Sz\u00ednh\u0151m\u00e9rs\u00e9klet<\/h3>\n\n\n\n<p>F\u00e9nyer\u0151, amely fokozza a k\u00fclt\u00e9ri hangulatot.<\/p>\n\n\n\n<p>5000K vil\u00e1g\u00edt\u00e1s a d\u00e9li napf\u00e9nyhez hasonl\u00f3 \u2013 \u00e9les, tiszta, t\u00f6k\u00e9letes a kertutak vagy terasz kiemel\u00e9s\u00e9hez.  \nElhozza a n\u00f6v\u00e9nyek \u00e9s az \u00e9p\u00edt\u00e9szet term\u00e9szetes \u00e1rnyalatait, a sz\u00ednek \u00e9l\u00e9nkebb\u00e9 v\u00e1lnak an\u00e9lk\u00fcl, hogy t\u00fal er\u0151sek lenn\u00e9nek.  \nA Kelvin-sk\u00e1la szerint a 5000K a \u201ehideg feh\u00e9r\u201d z\u00f3n\u00e1ba tartozik \u2013 ide\u00e1lis olyan ter\u00fcleteken, ahol a tisztas\u00e1g sz\u00e1m\u00edt.<\/p>\n\n\n\n<p>Az 5000K izz\u00f3 h\u0171v\u00f6s feh\u00e9r ragyog\u00e1sa olyan, mint egy friss fest\u00e9kr\u00e9teg a kertednek\u2014csak jobb\u00e1 teszi mindent.<\/p>\n\n\n\n<h3 class=\"wp-block-heading\">\u00dct\u00e9s\u00e1ll\u00f3 \u00fcveg<\/h3>\n\n\n\n<p>Alapvet\u0151 a hossz\u00fa \u00e9lettartamhoz k\u00fclt\u00e9ri k\u00f6rnyezetben.<\/p>\n\n\n\n<h4 class=\"wp-block-heading\">Tart\u00f3ss\u00e1g<\/h4>\n\n\n\n<p>K\u00e9pes kezelni \u00fct\u00e9seket, r\u00fag\u00e1sokat, j\u00e9ges\u0151ket\u2014amit csak szeretn\u00e9l. Nem akarod, hogy a l\u00e1mp\u00e1id t\u00f6rjenek nyom\u00e1s alatt.<\/p>\n\n\n\n<h4 class=\"wp-block-heading\">V\u00e9delem<\/h4>\n\n\n\n<p>Megakad\u00e1lyozza, hogy a t\u00f6rmel\u00e9k \u00e9s a nedvess\u00e9g k\u00e1ros\u00edtsa a bels\u0151 alkatr\u00e9szeket. Fontos, ha a szerelv\u00e9nyeket s\u00edkban a talaj szintj\u00e9hez r\u00f6gz\u00edted.<\/p>\n\n\n\n<h4 class=\"wp-block-heading\">Anyag<\/h4>\n\n\n\n<p>Az \u00fct\u00e9s\u00e1ll\u00f3 \u00fcveg, k\u00fcl\u00f6n\u00f6sen az edzett \u00fcveg haszn\u00e1lata elengedhetetlen minden olyan be\u00e9p\u00edtett elem eset\u00e9ben, amely j\u00e1rd\u00e1kba vagy behajt\u00f3kba van be\u00e9p\u00edtve.<\/p>\n\n\n\n<h3 class=\"wp-block-heading\">Line\u00e1ris szalagf\u00e9nyek tervez\u00e9se<\/h3>\n\n\n\n<p>L\u00e9gk\u00f6ri hat\u00e1sok \u00e9s modern hangulat.<\/p>\n\n\n\n<h4 class=\"wp-block-heading\">Eleg\u00e1ns<\/h4>\n\n\n\n<p>Szeretn\u00e9d eleg\u00e1nsnak? Haszn\u00e1lj be\u00e9p\u00edtett line\u00e1ris szalagvil\u00e1g\u00edt\u00e1st a kert szeg\u00e9ly\u00e9n. R\u00f6vid szakaszokra elhelyezett hajl\u00e9kony vil\u00e1g\u00edt\u00e1s ak\u00e1r a legegyszer\u0171bb h\u00e1ts\u00f3 kertet is filmszer\u0171v\u00e9 alak\u00edthatja.<\/p>\n\n\n\n<h4 class=\"wp-block-heading\">Dr\u00e1ma<\/h4>\n\n\n\n<p>Sz\u00fcks\u00e9ge van dr\u00e1m\u00e1ra? H\u00e1tt\u00e9rvil\u00e1g\u00edtson l\u00e9pcs\u0151ket vagy padokat l\u00e1gy LED vonalakkal. Ezek az alacsony profil\u00fa csod\u00e1k az ambient hangulatr\u00f3l sz\u00f3lnak \u2013 nem csak a f\u00e9nyer\u0151r\u0151l.<\/p>\n\n\n\n<h4 class=\"wp-block-heading\">Modern<\/h4>\n\n\n\n<p>Most moderniz\u00e1lsz? V\u00e1zold fel v\u00edzjellemz\u0151ket vagy k\u0151falakat. \u00c9s mivel a legt\u00f6bb LED szalag id\u0151j\u00e1r\u00e1s\u00e1ll\u00f3 burkolattal rendelkezik, st\u00edlust kapsz an\u00e9lk\u00fcl, hogy az tart\u00f3ss\u00e1gb\u00f3l vesz\u00edtene.<\/p>\n\n\n\n<h3 class=\"wp-block-heading\">CE Megfelel\u0151s\u00e9gi Jel\u00f6l\u00e9s: Biztons\u00e1g garant\u00e1l\u00e1sa<\/h3>\n\n\n\n<ul class=\"wp-block-list\">\n<li>Biztos\u00edtja, hogy a term\u00e9kek megfeleljenek az szigor\u00fa EU biztons\u00e1gi szabv\u00e1nyoknak<\/li>\n\n\n\n<li>Biztos\u00edtja a megfelel\u0151 elektromos szigetel\u00e9st \u00e9s nedvess\u00e9gv\u00e9delmet<\/li>\n\n\n\n<li>Sz\u00fcks\u00e9ges a vil\u00e1g\u00edt\u00f3berendez\u00e9sek jogszer\u0171 \u00e9rt\u00e9kes\u00edt\u00e9s\u00e9hez Eur\u00f3p\u00e1ban<\/li>\n<\/ul>\n\n\n\n<blockquote class=\"wp-block-quote is-layout-flow wp-block-quote-is-layout-flow\">\n<p>A k\u00fclt\u00e9ri besorol\u00e1s\u00fa term\u00e9kek CE tan\u00fas\u00edtv\u00e1nnyal 38%-vel kevesebb meghib\u00e1sod\u00e1st mutattak stressz tesztel\u00e9s sor\u00e1n.\u2014 T\u00dcV Rheinland 2024-es megfelel\u0151s\u00e9gi jelent\u00e9se<\/p>\n<\/blockquote>\n\n\n\n<p>A f\u00f6ld alatti telep\u00edt\u00e9sek t\u00f6bb mint j\u00f3 kin\u00e9zetet ig\u00e9nyelnek \u2013 biztons\u00e1got is kell tartalmazni minden vezet\u00e9kben \u00e9s t\u00f6m\u00edt\u00e9si ponton.<\/p>\n\n\n\n<h2 class=\"wp-block-heading\">Top 3 f\u00f6ld alatti vil\u00e1g\u00edt\u00e1s t\u00edpus a biztons\u00e1gos bej\u00e1ratokhoz<\/h2>\n\n\n\n<h3 class=\"wp-block-heading\">Biztons\u00e1g &amp; Infrastrukt\u00fara<\/h3>\n\n\n\n<p>A megfelel\u0151 f\u00f6ld alatti vil\u00e1g\u00edt\u00e1s kiv\u00e1laszt\u00e1sa komolyan n\u00f6velheti a bej\u00e1rat biztons\u00e1g\u00e1t \u00e9s hangulat\u00e1t. N\u00e9zz\u00fck meg, mi m\u0171k\u00f6dik a legjobban.<\/p>\n\n\n\n<h3 class=\"wp-block-heading\">Magas rakt\u00e1rvil\u00e1g\u00edt\u00f3k vs. v\u00e9szkij\u00e1rati l\u00e1mp\u00e1k<\/h3>\n\n\n\n<p>Amikor k\u00fclt\u00e9ri vagy f\u00e9lig fedett be\u00e1ll\u00f3k eset\u00e9n v\u00e1lasztunk, a Magas S\u00e1v Vil\u00e1g\u00edt\u00e1s \u00e9s a V\u00e9szvil\u00e1g\u00edt\u00e1s k\u00f6z\u00f6tti d\u00f6nt\u00e9s nem csup\u00e1n a f\u00e9nyer\u0151r\u0151l sz\u00f3l\u2014hanem arr\u00f3l, hogy a megfelel\u0151 megold\u00e1st v\u00e1lasszuk a feladathoz.<\/p>\n\n\n\n<h4 class=\"wp-block-heading\">Magas rakt\u00e1rvil\u00e1g\u00edt\u00f3 l\u00e1mpatestek<\/h4>\n\n\n\n<p>\u2022 Sz\u00e9les lefedetts\u00e9gre tervezt\u00e9k\u2014 ide\u00e1lis, ha a be\u00e1ll\u00f3 nagy ter\u00fcletet fed le.\u2022 \u00c1ltal\u00e1ban ipari \u00f6vezetekben tal\u00e1lhat\u00f3, de egyre ink\u00e1bb haszn\u00e1lj\u00e1k magas mennyezet\u0171 aut\u00f3be\u00e1ll\u00f3kban vagy \u00e1rny\u00e9kol\u00f3kban.\u2022 Er\u0151s, egyenletes vil\u00e1g\u00edt\u00e1st biztos\u00edt, amely t\u00fal\u00e9li a zord id\u0151j\u00e1r\u00e1si k\u00f6r\u00fclm\u00e9nyeket.<\/p>\n\n\n\n<h4 class=\"wp-block-heading\">V\u00e9szki- \u00e9s kij\u00e1rati l\u00e1mp\u00e1k<\/h4>\n\n\n\n<p>A biztons\u00e1gi el\u0151\u00edr\u00e1soknak val\u00f3 megfelel\u00e9sre \u00f6sszpontos\u00edt\u2014 kiv\u00e1l\u00f3 gar\u00e1zsok vagy j\u00e1rd\u00e1k k\u00f6zel\u00e9ben, ahol fontos a tiszta kij\u00e1ratok. Gyakran tartalmaznak tartal\u00e9k akkumul\u00e1torokat, \u00edgy vil\u00e1g\u00edtanak \u00e1ramkimarad\u00e1sok idej\u00e9n is. J\u00f3l m\u0171k\u00f6dnek kieg\u00e9sz\u00edt\u0151 vil\u00e1g\u00edt\u00e1sk\u00e9nt, nem pedig els\u0151dleges kereskedelmi vil\u00e1g\u00edt\u00e1si forr\u00e1sk\u00e9nt.<\/p>\n\n\n\n<h4 class=\"wp-block-heading\">F\u0151 k\u00fcl\u00f6nbs\u00e9gek, amiket \u00e9rdemes figyelembe venni<\/h4>\n\n\n\n<p>F\u00e9nyer\u0151ss\u00e9g: Itt a magas rakt\u00e1rvil\u00e1g\u00edt\u00e1s domin\u00e1l, k\u00fcl\u00f6n\u00f6sen hossz\u00fa t\u00e1v\u00fa l\u00e1that\u00f3s\u00e1g eset\u00e9n.\u2022 Funkcionalit\u00e1s: A kij\u00e1rati jelek ink\u00e1bb ir\u00e1nyt mutatnak \u00e9s v\u00e9szhelyzeti tiszt\u00e1z\u00e1st szolg\u00e1lnak, mint teljes megvil\u00e1g\u00edt\u00e1st.\u2022 Energiafelhaszn\u00e1l\u00e1s: A v\u00e9szvil\u00e1g\u00edt\u00e1s kevesebb energi\u00e1t fogyaszt, de sz\u0171kebb c\u00e9lt szolg\u00e1l.<\/p>\n\n\n\n<p>Ha az aut\u00f3be\u00e1ll\u00f3ja rakt\u00e1r-st\u00edlus\u00fa szerkezeteket vagy magas \u00e1rny\u00e9kol\u00f3kat tartalmaz, v\u00e1lasszon magas rakt\u00e1rakat a sz\u00e9lesebb el\u00e9r\u00e9s \u00e9s jobb l\u00e1that\u00f3s\u00e1g \u00e9rdek\u00e9ben. De ha ink\u00e1bb az emberek biztons\u00e1gos ir\u00e1ny\u00edt\u00e1s\u00e1r\u00f3l van sz\u00f3 \u00e9jszaka vagy \u00e1ramsz\u00fcnet idej\u00e9n, a strat\u00e9giailag elhelyezett kij\u00e1rati l\u00e1mp\u00e1k nyernek.<\/p>\n\n\n\n<h3 class=\"wp-block-heading\">A 100\u2013277V univerz\u00e1lis fesz\u00fclts\u00e9grendszerek el\u0151nyeinek meg\u00e9rt\u00e9se<\/h3>\n\n\n\n<p>Besz\u00e9lj\u00fcnk a fesz\u00fclts\u00e9gr\u0151l\u2014a megb\u00edzhat\u00f3 f\u00f6ld alatti bej\u00e1rati vil\u00e1g\u00edt\u00e1si rendszerek m\u00f6g\u00f6tti n\u00e9ma h\u0151s. Egy olyan rendszer, amely t\u00e1mogatja a sz\u00e9les tartom\u00e1nyt, mint p\u00e9ld\u00e1ul az 100\u2013277V univerz\u00e1lis fesz\u00fclts\u00e9g, sokkal nagyobb rugalmass\u00e1got ad, mint amire sz\u00e1m\u00edtan\u00e1l.<\/p>\n\n\n\n<ol class=\"wp-block-list\">\n<li>Nem kell agg\u00f3dnia, hogy helyi h\u00e1l\u00f3zata alacsony vagy magas fesz\u00fclts\u00e9gen m\u0171k\u00f6dik\u2014ezek a rendszerek automatikusan alkalmazkodnak.<\/li>\n\n\n\n<li>A telep\u00edt\u0151k szeretik \u0151ket, mert cs\u00f6kkentik az \u00e1thidal\u00f3 k\u00e1belez\u00e9si id\u0151t \u00e9s kik\u00fcsz\u00f6b\u00f6lik a tal\u00e1lgat\u00e1sokat.<\/li>\n\n\n\n<li>T\u00f6k\u00e9letesek r\u00e9gi h\u00e1zak modern LED-be\u00e1ll\u00edt\u00e1sokkal val\u00f3 korszer\u0171s\u00edt\u00e9s\u00e9hez an\u00e9lk\u00fcl, hogy biztos\u00edt\u00e9kokat vagy k\u00f6lts\u00e9gvet\u00e9st l\u0151n\u00e9nek be.<\/li>\n<\/ol>\n\n\n\n<h4 class=\"wp-block-heading\">Univerz\u00e1lis Fesz\u00fclts\u00e9g Be\u00e1ll\u00edt\u00e1s<\/h4>\n\n\n\n<blockquote class=\"wp-block-quote is-layout-flow wp-block-quote-is-layout-flow\">\n<p>\u201eAz univerz\u00e1lis fesz\u00fclts\u00e9g\u0171 LED rendszerek glob\u00e1lisan t\u00f6bb mint 18% cs\u00f6kkentett\u00e9k a telep\u00edt\u00e9si hib\u00e1k ar\u00e1ny\u00e1t a plug-and-play alkalmazkod\u00f3k\u00e9pess\u00e9g\u00fck miatt.\u201d\u2014 az IEA Glob\u00e1lis Energiahat\u00e9konys\u00e1gi Jelent\u00e9se (2024)<\/p>\n<\/blockquote>\n\n\n\n<p>Ahelyett, hogy k\u00fcl\u00f6nb\u00f6z\u0151 transzform\u00e1torokat cipelne vagy agg\u00f3dna az elektromos kompatibilit\u00e1s miatt, ezek a rendszerek lehet\u0151v\u00e9 teszik, hogy arra \u00f6sszpontos\u00edtson, ami igaz\u00e1n sz\u00e1m\u00edt\u2014az \u00e9jszak\u00e1nk\u00e9nt er\u0151sen vil\u00e1g\u00edt\u00f3 f\u00f6ld alatti l\u00e1mp\u00e1k el\u00e9r\u00e9s\u00e9re.<\/p>\n\n\n\n<p>\u00c9s mivel a legt\u00f6bb modern LED vil\u00e1g\u00edt\u00e1si rendszer t\u00e1mogatja ezt a sz\u00e9les tartom\u00e1nyt, komoly energiamegtakar\u00edt\u00e1st \u00e9rhetsz el, mik\u00f6zben megfelelsz a k\u00fcl\u00f6nb\u00f6z\u0151 h\u00e1l\u00f3zati szabv\u00e1nyokkal rendelkez\u0151 r\u00e9gi\u00f3k k\u00f3djainak. Ak\u00e1r egy egys\u00e1vos k\u00fclv\u00e1rosi \u00fat vil\u00e1g\u00edt\u00e1s\u00e1r\u00f3l, ak\u00e1r egy birtokm\u00e9ret\u0171 ingatlan s\u00e9t\u00e1nyjelz\u0151inek telep\u00edt\u00e9s\u00e9r\u0151l van sz\u00f3, az univerz\u00e1lis haszn\u00e1lat kevesebb probl\u00e9m\u00e1t \u00e9s f\u00e9nyesebb eredm\u00e9nyeket jelent az underground rendszered sz\u00e1m\u00e1ra.<\/p>\n\n\n\n<h2 class=\"wp-block-heading\">F\u00f6ld alatti vil\u00e1g\u00edt\u00e1s alapvet\u0151 elemei biztons\u00e1gos \u00fatvonalakhoz<\/h2>\n\n\n\n<figure class=\"wp-block-image size-full\"><img decoding=\"async\" width=\"696\" height=\"696\" src=\"https:\/\/ledsteplight.com\/wp-content\/uploads\/2025\/12\/image-6.jpeg\" alt=\"\" class=\"wp-image-38536\" srcset=\"https:\/\/ledsteplight.com\/wp-content\/uploads\/2025\/12\/image-6.jpeg 696w, https:\/\/ledsteplight.com\/wp-content\/uploads\/2025\/12\/image-6-300x300.jpeg 300w, https:\/\/ledsteplight.com\/wp-content\/uploads\/2025\/12\/image-6-150x150.jpeg 150w, https:\/\/ledsteplight.com\/wp-content\/uploads\/2025\/12\/image-6-12x12.jpeg 12w, https:\/\/ledsteplight.com\/wp-content\/uploads\/2025\/12\/image-6-600x600.jpeg 600w\" sizes=\"(max-width: 696px) 100vw, 696px\" \/><\/figure>\n\n\n\n<p>Az underground vil\u00e1g\u00edt\u00e1si rendszered helyes be\u00e1ll\u00edt\u00e1sa nemcsak a kin\u00e9zet miatt fontos\u2014ez a biztons\u00e1g, tart\u00f3ss\u00e1g \u00e9s okos d\u00f6nt\u00e9sek k\u00e9rd\u00e9se, amelyek hossz\u00fa t\u00e1von is meg\u00e1llj\u00e1k a hely\u00fcket.<\/p>\n\n\n\n<h3 class=\"wp-block-heading\">Alapvet\u0151 telep\u00edt\u00e9si technik\u00e1k<\/h3>\n\n\n\n<p>A fel\u00fcletre szerelhet\u0151 \u00e9s a be\u00e9p\u00edtett mennyezeti opci\u00f3k k\u00f6z\u00f6tti v\u00e1laszt\u00e1s igaz\u00e1b\u00f3l att\u00f3l f\u00fcgg, hogy hol telep\u00edted, \u00e9s hogyan szeretn\u00e9d kin\u00e9zni.<\/p>\n\n\n\n<h4 class=\"wp-block-heading\">Fel\u00fcleti szerel\u00e9s<\/h4>\n\n\n\n<p>\u2022 Fel\u00fcletre szerelhet\u0151 l\u00e1mpatestek k\u00f6nnyebben telep\u00edthet\u0151k \u00e9s kiv\u00e1l\u00f3ak fel\u00faj\u00edt\u00e1si munk\u00e1khoz.\u2022 A k\u00e1belez\u00e9s gyakran cs\u0151vezet\u00e9kes.\u2022 R\u00f6vid helyis\u00e9gek? V\u00e1laszd a fel\u00fcleti szerel\u00e9st.<\/p>\n\n\n\n<h4 class=\"wp-block-heading\">Be\u00e9p\u00edtett mennyezet<\/h4>\n\n\n\n<p>\u2022 Be\u00e9p\u00edtett mennyezeti l\u00e1mp\u00e1k tiszt\u00e1bb fel\u00fcletet adnak, de t\u00f6bb el\u0151k\u00e9sz\u00edt\u00e9st \u00e9s helyet ig\u00e9nyelnek.\u2022 Rejtett csatlakoz\u00f3 dobozokra lehet sz\u00fcks\u00e9g.\u2022 Szeretn\u00e9d az eleg\u00e1ns megjelen\u00e9st? Rejtsd el.<\/p>\n\n\n\n<h3 class=\"wp-block-heading\">Az IP65 v\u00edz\u00e1ll\u00f3s\u00e1gi \u00e9rt\u00e9k fontoss\u00e1ga<\/h3>\n\n\n\n<p>Ha az \u00fatjelz\u0151 l\u00e1mp\u00e1idnak nincs IP65 besorol\u00e1sa, bajban vagy.<\/p>\n\n\n\n<p>\u2022 Kiv\u00e1l\u00f3an v\u00e9di a port\u00f3l.\u2022 B\u00e1rmilyen ir\u00e1nyb\u00f3l megakad\u00e1lyozza a v\u00edzsugarakat.\u2022 Meghosszabb\u00edtja az \u00e9lettartamot nedves kl\u00edm\u00e1ban.<\/p>\n\n\n\n<h3 class=\"wp-block-heading\">A korr\u00f3zi\u00f3\u00e1ll\u00f3 bevonat kiv\u00e1laszt\u00e1sa<\/h3>\n\n\n\n<p>S\u00f3svizes leveg\u0151ben vagy ipari z\u00f3n\u00e1kban a rozsda nem k\u00edm\u00e9l.<\/p>\n\n\n\n<ul class=\"wp-block-list\">\n<li>Porfestett alum\u00ednium ellen\u00e1ll a lev\u00e1l\u00e1snak \u00e9s a chipeknek.<\/li>\n\n\n\n<li>Tengeri min\u0151s\u00e9g\u0171 rozsdamentes ac\u00e9l ellen\u00e1ll a part menti k\u00f6r\u00fclm\u00e9nyeknek.<\/li>\n<\/ul>\n\n\n\n<h4 class=\"wp-block-heading\">Val\u00f3sz\u00edn\u0171bb a meghib\u00e1sod\u00e1s<\/h4>\n\n\n\n<p>Friss adatok szerint a nem tan\u00fas\u00edtott alkatr\u00e9szek h\u00e1romszor nagyobb val\u00f3sz\u00edn\u0171s\u00e9ggel okoznak elektromos meghib\u00e1sod\u00e1sokat.<\/p>\n\n\n\n<p>UL tan\u00fas\u00edtv\u00e1nnyal rendelkez\u0151 alkatr\u00e9szek k\u00f6telez\u0151ek az \u00fatjelz\u0151k biztons\u00e1ga \u00e9rdek\u00e9ben.<\/p>\n\n\n\n<h3 class=\"wp-block-heading\">5 \u00e9ves korl\u00e1tozott garancia<\/h3>\n\n\n\n<p>Biztos\u00edtja a nyugalmat v\u00e1s\u00e1rl\u00e1s\u00e1val kapcsolatban.<\/p>\n\n\n\n<p>\u2022 Egy val\u00f3di 5 \u00e9ves garancia kevesebb cser\u00e9t jelent.\u2022 Anyag- vagy gy\u00e1rt\u00e1si hib\u00e1kat fed le.\u2022 M\u00e9g az MG Lighting is csak egy ilyen garanci\u00e1t k\u00edn\u00e1l minden term\u00e9kcsal\u00e1dj\u00e1ra!<\/p>\n\n\n\n<h2 class=\"wp-block-heading\">Gyakran Ism\u00e9telt K\u00e9rd\u00e9sek az alulvil\u00e1g\u00edtott vil\u00e1g\u00edt\u00e1sr\u00f3l<\/h2>\n\n\n\n<p><strong>Mi teszi az alulvil\u00e1g\u00edtott vil\u00e1g\u00edt\u00e1st ellen\u00e1ll\u00f3v\u00e1 a kem\u00e9ny k\u00f6rnyezetekkel szemben?<\/strong><\/p>\n\n\n\n<p>Az alulvil\u00e1g\u00edtott terek k\u00f6ny\u00f6rtelenek. A legjobb l\u00e1mp\u00e1k p\u00e1nc\u00e9lozottak:<\/p>\n\n\n\n<p>\u2022 Korr\u00f3zi\u00f3\u00e1ll\u00f3 bevonat\u2022 IP65 v\u00edz\u00e1ll\u00f3s\u00e1g\u2022 Vastag alum\u00ednium h\u00e1z\u2022 Edzett \u00fcveg<\/p>\n\n\n\n<p><strong>Hogyan v\u00e1ltoztatja a sz\u00ednh\u0151m\u00e9rs\u00e9klet a hangulatot?<\/strong><\/p>\n\n\n\n<p>5000K-n\u00e1l a f\u00e9ny napf\u00e9nyhez hasonl\u00f3 \u2013 tiszta, vil\u00e1gos, energiz\u00e1l\u00f3. \u00c9les\u00edti a l\u00e1that\u00f3s\u00e1got alagutakban vagy hozz\u00e1f\u00e9r\u00e9si folyos\u00f3kon, \u00e9s mindennek \u00e9les, modern megjelen\u00e9st k\u00f6lcs\u00f6n\u00f6z, ami biztons\u00e1gosnak \u00e9rzi mag\u00e1t.<\/p>\n\n\n\n<p><strong>Val\u00f3ban sz\u00fcks\u00e9g van alum\u00ednium h\u00e1zra?<\/strong><\/p>\n\n\n\n<p>Amikor a tart\u00f3ss\u00e1g a legfontosabb, az alum\u00ednium meg\u00e1llja a hely\u00e9t. Jobban ellen\u00e1ll a korr\u00f3zi\u00f3nak, mint a steel, k\u00f6nnyebb, \u00e9s tartja az alakj\u00e1t nyom\u00e1s alatt.<\/p>\n\n\n\n<p><strong>Mi\u00e9rt ragaszkodjunk az univerz\u00e1lis fesz\u00fclts\u00e9grendszerekhez?<\/strong><\/p>\n\n\n\n<p>Az univerz\u00e1lis fesz\u00fclts\u00e9g (100\u2013277V) kik\u00fcsz\u00f6b\u00f6li a tal\u00e1lgat\u00e1sokat. Kompatibilis k\u00fcl\u00f6nb\u00f6z\u0151 h\u00e1l\u00f3zatt\u00edpusokkal, \u00e9s cs\u00f6kkenti a k\u00e9szlet komplexit\u00e1s\u00e1t.<\/p>\n\n\n\n<p><strong>Val\u00f3ban sz\u00e1m\u00edtanak a tan\u00fas\u00edtv\u00e1nyok?<\/strong><\/p>\n\n\n\n<p>Abszol\u00fat. Keresse az UL tan\u00fas\u00edtv\u00e1nyt (biztons\u00e1g), a CE jel\u00f6l\u00e9st (v\u00e1mok), \u00e9s a DLC list\u00e1z\u00e1st (kedvezm\u00e9nyek). Ezek n\u00e9lk\u00fcl kock\u00e1ztatja a felel\u0151ss\u00e9get.<\/p>\n\n\n\n<p><strong>J\u00f3k a line\u00e1ris szalagf\u00e9nyek az aut\u00f3utak k\u00f6zel\u00e9ben?<\/strong><\/p>\n\n\n\n<p>Igen. Egy\u00e9rtelm\u0171en meghat\u00e1rozz\u00e1k a hat\u00e1rokat s\u00f6t\u00e9ted\u00e9s ut\u00e1n, mik\u00f6zben elker\u00fclik a t\u00fal er\u0151s vak\u00edt\u00e1st a f\u00f6l\u00f6tt\u00fck l\u00e9v\u0151 reflektorokt\u00f3l.<\/p>","protected":false},"excerpt":{"rendered":"<p>Este egy h\u00e1zhoz hajtani, \u00e9s mi ragad meg el\u0151sz\u00f6r \u2013 az \u00e9p\u00edt\u00e9szet vagy a f\u00e9nyl\u0151 \u00fatmutat\u00f3 f\u00e9ny az abroncsoknak? A f\u00f6ld alatti vil\u00e1g\u00edt\u00e1s m\u00e1r nem csak egy d\u00edszes extr\u00e1nak sz\u00e1m\u00edt; a biztons\u00e1g, a st\u00edlus \u00e9s a k\u00f6zter\u00fcleti b\u00fcszkes\u00e9g szimb\u00f3luma lett.<\/p>","protected":false},"author":1,"featured_media":38535,"comment_status":"open","ping_status":"open","sticky":false,"template":"elementor_header_footer","format":"standard","meta":{"footnotes":""},"categories":[1],"tags":[],"class_list":["post-38534","post","type-post","status-publish","format-standard","has-post-thumbnail","hentry","category-uncategorized"],"_links":{"self":[{"href":"https:\/\/ledsteplight.com\/hu\/wp-json\/wp\/v2\/posts\/38534","targetHints":{"allow":["GET"]}}],"collection":[{"href":"https:\/\/ledsteplight.com\/hu\/wp-json\/wp\/v2\/posts"}],"about":[{"href":"https:\/\/ledsteplight.com\/hu\/wp-json\/wp\/v2\/types\/post"}],"author":[{"embeddable":true,"href":"https:\/\/ledsteplight.com\/hu\/wp-json\/wp\/v2\/users\/1"}],"replies":[{"embeddable":true,"href":"https:\/\/ledsteplight.com\/hu\/wp-json\/wp\/v2\/comments?post=38534"}],"version-history":[{"count":4,"href":"https:\/\/ledsteplight.com\/hu\/wp-json\/wp\/v2\/posts\/38534\/revisions"}],"predecessor-version":[{"id":38581,"href":"https:\/\/ledsteplight.com\/hu\/wp-json\/wp\/v2\/posts\/38534\/revisions\/38581"}],"wp:featuredmedia":[{"embeddable":true,"href":"https:\/\/ledsteplight.com\/hu\/wp-json\/wp\/v2\/media\/38535"}],"wp:attachment":[{"href":"https:\/\/ledsteplight.com\/hu\/wp-json\/wp\/v2\/media?parent=38534"}],"wp:term":[{"taxonomy":"category","embeddable":true,"href":"https:\/\/ledsteplight.com\/hu\/wp-json\/wp\/v2\/categories?post=38534"},{"taxonomy":"post_tag","embeddable":true,"href":"https:\/\/ledsteplight.com\/hu\/wp-json\/wp\/v2\/tags?post=38534"}],"curies":[{"name":"wp","href":"https:\/\/api.w.org\/{rel}","templated":true}]}}