{"id":38687,"date":"2025-12-18T02:31:52","date_gmt":"2025-12-18T02:31:52","guid":{"rendered":"https:\/\/ledsteplight.com\/?p=38687"},"modified":"2025-12-18T04:31:29","modified_gmt":"2025-12-18T04:31:29","slug":"future-proof-your-garden-the-best-outdoor-floor-lights-and-trends-for-2026","status":"publish","type":"post","link":"https:\/\/ledsteplight.com\/hu\/future-proof-your-garden-the-best-outdoor-floor-lights-and-trends-for-2026\/","title":{"rendered":"J\u00f6v\u0151biztos\u00edtsa kertj\u00e9t: A legjobb k\u00fclt\u00e9ri padl\u00f3vil\u00e1g\u00edt\u00e1sok \u00e9s trendek 2026-ra"},"content":{"rendered":"<h6 class=\"wp-block-heading\"><\/h6>\n\n\n\n<h1 class=\"wp-block-heading\"><\/h1>\n\n\n\n<blockquote class=\"wp-block-quote is-layout-flow wp-block-quote-is-layout-flow\">\n<p>Eleged van a gyenge szerelv\u00e9nyekb\u0151l? N\u00e9zze meg, mi\u00e9rt a massz\u00edv, napelemes k\u00fclt\u00e9ri padl\u00f3vil\u00e1g\u00edt\u00e1sok a 2026-os \u00e9v k\u00f6telez\u0151 kell\u00e9kei komoly nagyprojektekhez.\n\n...<\/p>\n<\/blockquote>\n\n\n\n<p>K\u00e9pzeld el: \u00e9ppen egy kis vagyont k\u00f6lt\u00f6tt\u00e9l egy hatalmas kert kialak\u00edt\u00e1s\u00e1ra egy \u00fcd\u00fcl\u0151hely vagy nyilv\u00e1nos t\u00e9r sz\u00e1m\u00e1ra, csak hogy hat h\u00f3nappal k\u00e9s\u0151bb l\u00e1mp\u00e1id elhalv\u00e1nyuljanak\u2014elforrva az es\u0151t\u0151l, kil\u00f6kve a gyalogos forgalom \u00e1ltal, vagy megfakulva az olcs\u00f3 LED-ek miatt. Ugh. Ha 2026-ra \u00e9s azon t\u00fali id\u0151szakokra tervezel, a tart\u00f3ss\u00e1g nem opcion\u00e1lis\u2014ez t\u00fal\u00e9l\u00e9s k\u00e9rd\u00e9se.<\/p>\n\n\n\n<p>Val\u00f3j\u00e1ban a Statista leg\u00fajabb k\u00f6rnyezeti vil\u00e1g\u00edt\u00e1si jelent\u00e9se (2023 Q4) szerint a v\u00e1rosi \u00e9s kereskedelmi ingatlantervez\u0151k t\u00f6bb mint 70%-je most a \u201eid\u0151j\u00e1r\u00e1s\u00e1ll\u00f3s\u00e1g \u00e9s vandalizmus elleni v\u00e9delem\u201d mint els\u0151dleges szempontot rangsorolja v\u00e1s\u00e1rl\u00e1si d\u00f6nt\u00e9seikben. Kider\u00fclt, hogy a \u201esz\u00e9p\u201d m\u00e1r nem el\u00e9g\u2014ezeknek a l\u00e1mp\u00e1knak tart\u00f3snak kell lenni\u00fck.<\/p>\n\n\n\n<p>A napelemes technol\u00f3gia is elnyeri a figyelmet\u2014nemcsak az\u00e9rt, mert z\u00f6ld, hanem mert hossz\u00fa t\u00e1von cs\u00f6kkenti a k\u00f6lts\u00e9geket an\u00e9lk\u00fcl, hogy a f\u00e9nyer\u0151t fel\u00e1ldozn\u00e1. Fejleszt\u0151k a magas karbantart\u00e1st ig\u00e9nyl\u0151 h\u00e1l\u00f3zati rendszereket okos napelemes panelekre cser\u00e9lik, amelyek ellen\u00e1llnak a hurrik\u00e1noknak \u00e9s a ny\u00e1ri turist\u00e1k t\u00f6meg\u00e9nek egyar\u00e1nt.<\/p>\n\n\n\n<p>Hogyan k\u00e9sz\u00fclhetsz fel a k\u00f6vetkez\u0151 nagy telep\u00edt\u00e9sed j\u00f6v\u0151j\u00e9re? Csukd be a biztons\u00e1gi \u00f6vet\u2014most n\u00e9h\u00e1ny olyan trendet fogunk megvil\u00e1g\u00edtani, amelyek val\u00f3ban \u00e9rdemesek a k\u00f6vet\u00e9sre.<\/p>\n\n\n\n<figure class=\"wp-block-image size-full\"><img decoding=\"async\" width=\"849\" height=\"566\" src=\"https:\/\/ledsteplight.com\/wp-content\/uploads\/2025\/12\/futureproof-your-garden-the-best-outdoor-floor-lights-and-trends-for-2026-0.jpg\" alt=\"\" class=\"wp-image-38688\" srcset=\"https:\/\/ledsteplight.com\/wp-content\/uploads\/2025\/12\/futureproof-your-garden-the-best-outdoor-floor-lights-and-trends-for-2026-0.jpg 849w, https:\/\/ledsteplight.com\/wp-content\/uploads\/2025\/12\/futureproof-your-garden-the-best-outdoor-floor-lights-and-trends-for-2026-0-400x267.jpg 400w, https:\/\/ledsteplight.com\/wp-content\/uploads\/2025\/12\/futureproof-your-garden-the-best-outdoor-floor-lights-and-trends-for-2026-0-768x512.jpg 768w, https:\/\/ledsteplight.com\/wp-content\/uploads\/2025\/12\/futureproof-your-garden-the-best-outdoor-floor-lights-and-trends-for-2026-0-18x12.jpg 18w, https:\/\/ledsteplight.com\/wp-content\/uploads\/2025\/12\/futureproof-your-garden-the-best-outdoor-floor-lights-and-trends-for-2026-0-600x400.jpg 600w, https:\/\/ledsteplight.com\/wp-content\/uploads\/2025\/12\/futureproof-your-garden-the-best-outdoor-floor-lights-and-trends-for-2026-0-150x100.jpg 150w\" sizes=\"(max-width: 849px) 100vw, 849px\" \/><\/figure>\n\n\n\n<h3 class=\"wp-block-heading\">Alapvet\u0151 betekint\u00e9s a k\u00fclt\u00e9ri padl\u00f3vil\u00e1g\u00edt\u00e1sba<\/h3>\n\n\n\n<p>\u2794 <strong>Tart\u00f3ss\u00e1gi szempontok<\/strong>: Keress korr\u00f3zi\u00f3\u00e1ll\u00f3 anyagokb\u00f3l k\u00e9sz\u00fclt k\u00fclt\u00e9ri padl\u00f3vil\u00e1g\u00edt\u00e1st, p\u00e9ld\u00e1ul rozsdamentes ac\u00e9lb\u00f3l vagy alum\u00edniumb\u00f3l, valamint \u00fct\u00e9s\u00e1ll\u00f3 h\u00e1zakat, hogy ellen\u00e1lljanak a nagy forgalomnak \u00e9s a kedvez\u0151tlen id\u0151j\u00e1r\u00e1si k\u00f6r\u00fclm\u00e9nyeknek.<\/p>\n\n\n\n<p>\u2794 <strong>Vil\u00e1g\u00edt\u00e1si teljes\u00edtm\u00e9ny<\/strong>: V\u00e1lassz magas lumen-kimenettel \u00e9s \u00e1ll\u00edthat\u00f3 f\u00e9nyer\u0151vel rendelkez\u0151 l\u00e1mp\u00e1kat, hogy n\u00f6veld a biztons\u00e1got \u00e9s a l\u00e1that\u00f3s\u00e1got az utakon, mik\u00f6zben szem\u00e9lyre szabott vil\u00e1g\u00edt\u00e1si \u00e9lm\u00e9nyt biztos\u00edtasz.<\/p>\n\n\n\n<p>\u2794 <strong>Energiahat\u00e9konys\u00e1g \u00e9s fenntarthat\u00f3s\u00e1g<\/strong>: Alkalmazz napelemes lehet\u0151s\u00e9geket, amelyek nemcsak cs\u00f6kkentik az energia k\u00f6lts\u00e9geket, hanem t\u00e1mogatj\u00e1k a k\u00f6rnyezetbar\u00e1t gyakorlatokat is, biztos\u00edtva a vil\u00e1g\u00edt\u00e1st an\u00e9lk\u00fcl, hogy a h\u00e1l\u00f3zati \u00e1ramra t\u00e1maszkodn\u00e1l.<\/p>\n\n\n\n<p>\u2794 <strong>Telep\u00edt\u00e9si st\u00edlusok<\/strong>: Fontold meg a s\u00edk fel\u00fcletre szerelhet\u0151 telep\u00edt\u00e9st a letisztult megjelen\u00e9s \u00e9rdek\u00e9ben, biztos\u00edtva, hogy a l\u00e1mp\u00e1k z\u00f6kken\u0151mentesen be\u00e9p\u00fcljenek a t\u00e1jba an\u00e9lk\u00fcl, hogy az eszt\u00e9tikai \u00e9rt\u00e9ket csorb\u00edtan\u00e1k.<\/p>\n\n\n\n<h2 class=\"wp-block-heading\">A legjobb anyagok tart\u00f3s k\u00fclt\u00e9ri padl\u00f3vil\u00e1g\u00edt\u00e1shoz<\/h2>\n\n\n\n<p>A megfelel\u0151 anyag kiv\u00e1laszt\u00e1sa jelentheti a k\u00fcl\u00f6nbs\u00e9get ak\u00f6z\u00f6tt, hogy a k\u00fclt\u00e9ri padl\u00f3vil\u00e1g\u00edt\u00e1s \u00e9vekig vagy csak egy szezonig tart-e.<\/p>\n\n\n\n<h3 class=\"wp-block-heading\">Korr\u00f3zi\u00f3\u00e1ll\u00f3 anyagok: A tart\u00f3ss\u00e1g kulcsa<\/h3>\n\n\n\n<ul class=\"wp-block-list\">\n<li><strong>Rozsdamentes ac\u00e9l<\/strong> ellen\u00e1ll a rozsd\u00e1nak m\u00e9g magas p\u00e1ratartalom vagy \u00e1lland\u00f3 s\u00f3tartalom eset\u00e9n is.<\/li>\n\n\n\n<li><strong>Tengeri min\u0151s\u00e9g\u0171 alum\u00ednium<\/strong> k\u00f6nny\u0171 er\u0151t \u00e9s kiv\u00e1l\u00f3 <strong>oxid\u00e1ci\u00f3s ellen\u00e1ll\u00e1s<\/strong>, t\u00f6k\u00e9letes part menti telep\u00edt\u00e9sekhez.<\/li>\n\n\n\n<li>Felszerel\u00e9sek, amelyek <strong>porbevonattal<\/strong> egy extra v\u00e9d\u0151r\u00e9teget adnak, amely ellen\u00e1ll a karcol\u00e1soknak \u00e9s a nedvess\u00e9gnek.<\/li>\n\n\n\n<li>Ezek az anyagok kulcsfontoss\u00e1g\u00faak a l\u00e1mp\u00e1k \u00e9lettartam\u00e1nak meghosszabb\u00edt\u00e1s\u00e1ban\u2014k\u00fcl\u00f6n\u00f6sen, ha medenc\u00e9k, kertek vagy es\u0151s ter\u00fcletek k\u00f6zel\u00e9ben vannak telep\u00edtve.<\/li>\n\n\n\n<li>Amikor a tart\u00f3ss\u00e1g sz\u00e1m\u00edt, a korr\u00f3zi\u00f3\u00e1ll\u00f3 szerkezetekbe val\u00f3 befektet\u00e9s megment a folyamatos cser\u00e9kt\u0151l.<\/li>\n<\/ul>\n\n\n\n<h3 class=\"wp-block-heading\">\u00dct\u00e9s\u00e1ll\u00f3 h\u00e1z: V\u00e9delem a beruh\u00e1z\u00e1sodnak<\/h3>\n\n\n\n<p>A k\u00fclt\u00e9ri padl\u00f3vil\u00e1g\u00edt\u00e1snak nemcsak az id\u0151j\u00e1r\u00e1snak kell ellen\u00e1llnia\u2014t\u00fal kell \u00e9lni\u00fck a gyalogos forgalmat, leesett eszk\u00f6z\u00f6ket \u00e9s hangos h\u00e1zi\u00e1llatokat is.<\/p>\n\n\n\n<p>\u2022 Olyan vil\u00e1g\u00edt\u00e1sok, amelyek <strong>polikarbon\u00e1t lencs\u00e9kkel k\u00e9sz\u00fclt<\/strong> jobban b\u00edrj\u00e1k az \u00fct\u00e9seket, mint az \u00fcveg. * Egy szil\u00e1rd k\u00fcls\u0151 burkolat, amely <strong>meger\u0151s\u00edtett \u00fcvegsz\u00e1las<\/strong> seg\u00edt elnyelni a \u00fct\u00e9seket an\u00e9lk\u00fcl, hogy repedne. * Keressen olyan modelleket, amelyek magas szinteket \u00e9rnek el az <strong>IK k\u00f3d<\/strong>on, amely az \u00fct\u00e9s\u00e1ll\u00f3s\u00e1got m\u00e9ri. * Ha IK08 vagy magasabb besorol\u00e1s\u00fa, akkor komoly tart\u00f3ss\u00e1gr\u00f3l van sz\u00f3.<\/p>\n\n\n\n<p>\u00cdgy m\u00e9g akkor is, ha valaki v\u00e9letlen\u00fcl r\u00e1l\u00e9p\u2014vagy m\u00e9g rosszabb\u2014, tov\u00e1bbra is vil\u00e1g\u00edtani fognak.<\/p>\n\n\n\n<h3 class=\"wp-block-heading\">Id\u0151j\u00e1r\u00e1s\u00e1ll\u00f3 felszerel\u00e9sek: Az elemekkel szemben<\/h3>\n\n\n\n<p>A k\u00fclt\u00e9ri vil\u00e1g\u00edt\u00e1s nem kap sz\u00fcnetet\u2014a nap \u00e9geti nappal, a viharok pedig \u00e9jjel.<\/p>\n\n\n\n<ul class=\"wp-block-list\">\n<li>V\u00e1lasszon megfelel\u0151 <strong>IP besorol\u00e1s\u00fa<\/strong>, mint IP67 vagy ann\u00e1l magasabb; ez biztos\u00edtja, hogy mindkett\u0151 teljesen <strong>v\u00edz\u00e1ll\u00f3s\u00e1gi<\/strong> \u00e9s v\u00e9dve legyen a por bejut\u00e1sa ellen.<\/li>\n\n\n\n<li>Olyan anyagok, mint z\u00e1rt alum\u00ednium h\u00e1zak UV-kezel\u00e9ssel, megakad\u00e1lyozz\u00e1k a fakul\u00e1st \u00e9s a h\u0151m\u00e9rs\u00e9klet okozta deform\u00e1ci\u00f3t forr\u00f3 nyarakon.<\/li>\n\n\n\n<li>A Global Market Insights (2024) leg\u00fajabb jelent\u00e9se szerint a kereslet a <strong><a href=\"https:\/\/ledsteplight.com\/hu\/cree-bridgelux-chip-ip65-led-fixture-for-garden-facade-lighting\/\" class=\"waam-auto-link\" title=\"k\u00fcls\u0151 vil\u00e1g\u00edt\u00e1s\">k\u00fcls\u0151 vil\u00e1g\u00edt\u00e1s<\/a><\/strong> jav\u00edtott <strong>id\u0151j\u00e1r\u00e1s\u00e1ll\u00f3s\u00e1g<\/strong> miatt gyorsan n\u00f6vekszik, mivel a v\u00e1rosi z\u00f3n\u00e1kban n\u00f6vekszik az \u00e9ghajlat v\u00e1ltoz\u00e9konys\u00e1ga.<\/li>\n<\/ul>\n\n\n\n<p>Amikor a k\u00f6r\u00fclm\u00e9nyek figyelmeztet\u00e9s n\u00e9lk\u00fcl v\u00e1ltoznak, a l\u00e1mp\u00e1idnak nem szabad megillet\u0151dni\u00fck\u2014\u00e9s ezek az anyagok biztos\u00edtj\u00e1k, hogy ne tegy\u00e9k.<\/p>\n\n\n\n<h3 class=\"wp-block-heading\">Vandalizmus-ellen\u00e1ll\u00f3 kialak\u00edt\u00e1s: Biztons\u00e1g a k\u00fclt\u00e9ri vil\u00e1g\u00edt\u00e1sban<\/h3>\n\n\n\n<p>A nyilv\u00e1nos tereknek t\u00f6bb kell, mint csak f\u00e9nyess\u00e9g\u2014ellen\u00e1ll\u00f3nak kell lenni\u00fck a rong\u00e1l\u00e1s \u00e9s k\u00e1rok ellen. \u00cdme, mi\u00e9rt \u00e9ri meg vandalizmus-ellen\u00e1ll\u00f3 kialak\u00edt\u00e1sokat alkalmazni:<\/p>\n\n\n\n<ol class=\"wp-block-list\">\n<li>Er\u0151s burkolatok, <strong>neh\u00e9z-nyom\u00e1s\u00fa anyagokb\u00f3l<\/strong>, mint \u00f6nt\u00f6tt alum\u00ednium vagy ac\u00e9l<\/li>\n\n\n\n<li>Rejtett k\u00e1belez\u00e9si elrendez\u00e9sek, amelyek cs\u00f6kkentik a hozz\u00e1f\u00e9r\u00e9si pontokat<\/li>\n\n\n\n<li>Speci\u00e1lis r\u00f6gz\u00edt\u0151elemek, mint <strong>lop\u00e1sbiztos csavarok<\/strong><\/li>\n\n\n\n<li>Meger\u0151s\u00edtett lencs\u00e9k\u2014gyakran vastag\u00edtott akrilb\u00f3l vagy t\u00f6r\u00e9s\u00e1ll\u00f3 \u00fcvegb\u0151l k\u00e9sz\u00fclnek<\/li>\n\n\n\n<li>Lop\u00e1s elleni funkci\u00f3k, p\u00e9ld\u00e1ul bels\u0151 z\u00e1r\u00f3 konzolok<\/li>\n<\/ol>\n\n\n\n<p>Ezek nem csup\u00e1n j\u00f3k a megjelen\u00e9shez\u2014alapvet\u0151ek parkok, parkol\u00f3k, iskol\u00e1k udvarai\u2026 b\u00e1rhol, ahol rosszalkod\u00e1s t\u00f6rt\u00e9nhet s\u00f6t\u00e9ted\u00e9s ut\u00e1n.<\/p>\n\n\n\n<p>\u00c9s b\u00e1r egyik l\u00e1mpa sem teljesen t\u00f6rhetetlen, ezek a funkci\u00f3k megnehez\u00edtik a vand\u00e1lok dolg\u00e1t, miel\u0151tt b\u00e1rmi vicceset pr\u00f3b\u00e1ln\u00e1nak a k\u00fclt\u00e9ri padl\u00f3l\u00e1mp\u00e1k k\u00f6r\u00fcl.<\/p>\n\n\n\n<h2 class=\"wp-block-heading\">2026 legjobb 5 k\u00fclt\u00e9ri padl\u00f3l\u00e1mpa az utakon<\/h2>\n\n\n\n<p>St\u00edlusos, hat\u00e9kony m\u00f3dokat keres a j\u00e1rda megvil\u00e1g\u00edt\u00e1s\u00e1ra? Ezek az \u00f6t kiemelked\u0151 v\u00e1laszt\u00e1s <strong>k\u00fclt\u00e9ri padl\u00f3 l\u00e1mp\u00e1k<\/strong> meg fogj\u00e1k vil\u00e1g\u00edtani az utat \u2013 sz\u00f3 szerint \u00e9s \u00e1tvitt \u00e9rtelemben is.<\/p>\n\n\n\n<figure class=\"wp-block-image size-full\"><img decoding=\"async\" width=\"805\" height=\"588\" src=\"https:\/\/ledsteplight.com\/wp-content\/uploads\/2025\/12\/futureproof-your-garden-the-best-outdoor-floor-lights-and-trends-for-2026-1.jpg\" alt=\"\" class=\"wp-image-38689\" srcset=\"https:\/\/ledsteplight.com\/wp-content\/uploads\/2025\/12\/futureproof-your-garden-the-best-outdoor-floor-lights-and-trends-for-2026-1.jpg 805w, https:\/\/ledsteplight.com\/wp-content\/uploads\/2025\/12\/futureproof-your-garden-the-best-outdoor-floor-lights-and-trends-for-2026-1-400x292.jpg 400w, https:\/\/ledsteplight.com\/wp-content\/uploads\/2025\/12\/futureproof-your-garden-the-best-outdoor-floor-lights-and-trends-for-2026-1-768x561.jpg 768w, https:\/\/ledsteplight.com\/wp-content\/uploads\/2025\/12\/futureproof-your-garden-the-best-outdoor-floor-lights-and-trends-for-2026-1-16x12.jpg 16w, https:\/\/ledsteplight.com\/wp-content\/uploads\/2025\/12\/futureproof-your-garden-the-best-outdoor-floor-lights-and-trends-for-2026-1-600x438.jpg 600w, https:\/\/ledsteplight.com\/wp-content\/uploads\/2025\/12\/futureproof-your-garden-the-best-outdoor-floor-lights-and-trends-for-2026-1-150x110.jpg 150w\" sizes=\"(max-width: 805px) 100vw, 805px\" \/><\/figure>\n\n\n\n<h3 class=\"wp-block-heading\">Magas lumen-kimenet: Vil\u00e1gos\u00edtja az \u00fatvonalakat<\/h3>\n\n\n\n<ul class=\"wp-block-list\">\n<li><strong>A lumenek sz\u00e1m\u00edtanak.<\/strong> Min\u00e9l t\u00f6bb a lumen, ann\u00e1l f\u00e9nyesebb az \u00fatja.<\/li>\n\n\n\n<li>Egy j\u00f3 m\u00e9r\u0151sz\u00e1m? Keressen b\u00e1rmit, ami meghaladja <strong>500 lumen<\/strong> a stabil l\u00e1that\u00f3s\u00e1g\u00e9rt.<\/li>\n\n\n\n<li>Ide\u00e1lis hossz\u00fa kocsifelhajt\u00f3khoz vagy rosszul megvil\u00e1g\u00edtott kert\u00e9szeti utakhoz, ahol a er\u0151s <strong>megvil\u00e1g\u00edt\u00e1s\u00e9rt<\/strong> kulcsfontoss\u00e1g\u00fa.<\/li>\n<\/ul>\n\n\n\n<p>Er\u0151teljes <strong>\u00fat menti vil\u00e1g\u00edt\u00e1s<\/strong> nemcsak j\u00f3l n\u00e9z ki \u2013 hanem megakad\u00e1lyozza, hogy \u00e9jjel k\u00f6z\u00e9pen elessen a kutya j\u00e1t\u00e9k\u00e1n\u00e1l.<\/p>\n\n\n\n<h3 class=\"wp-block-heading\">\u00c1ll\u00edthat\u00f3 f\u00e9nyer\u0151: A vil\u00e1g\u00edt\u00e1s szem\u00e9lyre szab\u00e1sa<\/h3>\n\n\n\n<p>Nem minden este van sz\u00fcks\u00e9g reflektorra. N\u00e9ha a l\u00e1gy hangulatvil\u00e1g\u00edt\u00e1s is el\u00e9g.<\/p>\n\n\n\n<ol class=\"wp-block-list\">\n<li>Haszn\u00e1ljon dimmelhet\u0151 funkci\u00f3kat az energia megtakar\u00edt\u00e1s\u00e1ra, amikor nincs sz\u00fcks\u00e9g teljes f\u00e9nyer\u0151re.<\/li>\n\n\n\n<li>\u00c1ll\u00edtsa be az id\u0151 vagy az esem\u00e9ny szerint \u2013 k\u00e9s\u0151 esti buli vagy csendes esti s\u00e9t\u00e1l\u00e1s? \u00d6n d\u00f6nti el.<\/li>\n\n\n\n<li>V\u00e1lasszon mozg\u00e1s\u00e9rz\u00e9kel\u0151s modelleket, amelyek automatikusan igazodnak a k\u00f6zeli mozg\u00e1shoz.<\/li>\n<\/ol>\n\n\n\n<p>Okos vez\u00e9rl\u00e9sekkel teljes m\u00e9rt\u00e9kben testre szabhatja <strong>testreszabhat\u00f3 vil\u00e1g\u00edt\u00e1si<\/strong> \u00e9lm\u00e9ny\u00e9t egyetlen \u00e9rint\u00e9ssel a telefonj\u00e1n.<\/p>\n\n\n\n<h3 class=\"wp-block-heading\">Flush mount telep\u00edt\u00e9s: Z\u00f6kken\u0151mentes \u00e9s eleg\u00e1ns kialak\u00edt\u00e1s<\/h3>\n\n\n\n<p>Sim\u00e1n \u00e9s finoman\u2014ez az, amit a flush mount biztos\u00edt.<\/p>\n\n\n\n<p>\u2022 Nincs ki\u00e1ll\u00f3 \u00e9l, \u00edgy nincs be\u00fct\u00f6tt l\u00e1b vagy bonyolult eszt\u00e9tika.<br>* Nagyon j\u00f3 modern otthonokhoz, ahol az integr\u00e1lt kialak\u00edt\u00e1s fontosabb, mint a felt\u0171n\u0151 szerelv\u00e9nyek.<br>* J\u00f3l m\u0171k\u00f6dik fa burkolatokkal, k\u0151lapokkal, s\u0151t ak\u00e1r betonlapokkal is.<\/p>\n\n\n\n<p>A rejtett szerelv\u00e9nyek tiszta, alacsony profil\u00fa hangulatot adnak, mik\u00f6zben megb\u00edzhat\u00f3 <strong>rejtett vil\u00e1g\u00edt\u00e1st<\/strong> ny\u00fajtanak k\u00f6zvetlen\u00fcl a l\u00e1bunk el\u0151tt.<\/p>\n\n\n\n<h3 class=\"wp-block-heading\">Hideg feh\u00e9r megvil\u00e1g\u00edt\u00e1s: A biztons\u00e1g \u00e9s l\u00e1that\u00f3s\u00e1g n\u00f6vel\u00e9se<\/h3>\n\n\n\n<p>R\u00f6vid betekint\u00e9sek:<\/p>\n\n\n\n<p>\u2013 A tiszta, hideg feh\u00e9r t\u00f3nusok jobban \u00e1tt\u00f6rik a k\u00f6d\u00f6t, mint a meleg \u00e1rnyalatok.<br>\u2013 Seg\u00edt kiemelni az egyenetlen terepet, mint a kavics vagy repedt j\u00e1rda k\u00e9s\u0151 este.<br>\u2013 Eleg\u00e1ns, kort\u00e1rs ragyog\u00e1st k\u00f6lcs\u00f6n\u00f6z, ami sz\u00e9pen illik a v\u00e1rosi t\u00e1j\u00e9p\u00edt\u00e9szethez.<\/p>\n\n\n\n<p>Ez a t\u00edpus\u00fa f\u00e9ny nemcsak \u00e9les megjelen\u00e9s\u0171\u2014n\u00f6veli a biztons\u00e1got \u00e9jszaka az\u00e1ltal, hogy jav\u00edtja az \u00e1ltal\u00e1nos j\u00e1rd\u00e1t <strong>l\u00e1t\u00f3t\u00e1vols\u00e1got<\/strong>, k\u00fcl\u00f6n\u00f6sen l\u00e9pcs\u0151k vagy kanyarok k\u00f6r\u00fcl.<\/p>\n\n\n\n<h3 class=\"wp-block-heading\">Energy Star tan\u00fas\u00edtv\u00e1nnyal rendelkez\u0151: K\u00f6rnyezetbar\u00e1t v\u00e1laszt\u00e1sok az utakon<\/h3>\n\n\n\n<p>Csoportos\u00edtott el\u0151ny\u00f6k a z\u00f6lds\u00e9g\u00e9rt:<\/p>\n\n\n\n<p>\u2714 Alacsonyabb energia sz\u00e1ml\u00e1k a magas hat\u00e9konys\u00e1g\u00fa LED technol\u00f3gi\u00e1nak k\u00f6sz\u00f6nhet\u0151en<br>\u2714 Cs\u00f6kkentett sz\u00e9nl\u00e1bnyom an\u00e9lk\u00fcl, hogy a f\u00e9nyer\u0151t fel\u00e1ldozn\u00e1nk<br>\u2714 Korm\u00e1ny \u00e1ltal t\u00e1mogatott tan\u00fas\u00edtv\u00e1ny biztos\u00edtja, hogy a term\u00e9kek megfeleljenek szigor\u00fa fenntarthat\u00f3s\u00e1gi m\u00e9rc\u00e9knek<\/p>\n\n\n\n<figure class=\"wp-block-table\"><table class=\"has-fixed-layout\"><thead><tr><th>Term\u00e9k neve<\/th><th>Teljes\u00edtm\u00e9ny<\/th><th>Lumen<\/th><th>Energy Star min\u0151s\u00edt\u00e9ssel rendelkezik<\/th><\/tr><\/thead><tbody><tr><td>PathGlow EcoMax<\/td><td>4W<\/td><td>600<\/td><td>Igen<\/td><\/tr><tr><td>TerraLux Solar Pro<\/td><td>N\/A<\/td><td>~500<\/td><td>Igen<\/td><\/tr><tr><td>BeaconLite FusionX<\/td><td>6W<\/td><td>750<\/td><td>Igen<\/td><\/tr><tr><td>MG Lighting Nova<\/td><td>5W<\/td><td>~700<\/td><td>Igen<\/td><\/tr><\/tbody><\/table><\/figure>\n\n\n\n<p>Egy <strong>k\u00f6rnyezetbar\u00e1t<\/strong>, tan\u00fas\u00edtott opci\u00f3 v\u00e1laszt\u00e1sa nem jelenti a teljes\u00edtm\u00e9ny kompromisszum\u00e1t \u2013 okosabb k\u00f6ltekez\u00e9st \u00e9s tiszt\u00e1bb \u00e9letet jelent minden l\u00e9p\u00e9ssel, amelyet a kerti \u00f6sv\u00e9nyen megtesz.<\/p>\n\n\n\n<h2 class=\"wp-block-heading\">A megfelel\u0151 f\u00e9nyer\u0151 kiv\u00e1laszt\u00e1sa k\u00fclt\u00e9ri padl\u00f3vil\u00e1g\u00edt\u00e1shoz<\/h2>\n\n\n\n<p>A megfelel\u0151 f\u00e9nyer\u0151 el\u00e9r\u00e9se nem csak a teljes\u00edtm\u00e9nyr\u0151l sz\u00f3l \u2013 arr\u00f3l is, hogy a <strong>k\u00fclt\u00e9ri padl\u00f3 l\u00e1mp\u00e1k<\/strong> val\u00f3s\u00e1gos terekben hogyan viselkednek. \u00cdme, mi a legfontosabb.<\/p>\n\n\n\n<figure class=\"wp-block-image size-full\"><img decoding=\"async\" width=\"849\" height=\"566\" src=\"https:\/\/ledsteplight.com\/wp-content\/uploads\/2025\/12\/futureproof-your-garden-the-best-outdoor-floor-lights-and-trends-for-2026-2.jpg\" alt=\"\" class=\"wp-image-38690\" srcset=\"https:\/\/ledsteplight.com\/wp-content\/uploads\/2025\/12\/futureproof-your-garden-the-best-outdoor-floor-lights-and-trends-for-2026-2.jpg 849w, https:\/\/ledsteplight.com\/wp-content\/uploads\/2025\/12\/futureproof-your-garden-the-best-outdoor-floor-lights-and-trends-for-2026-2-400x267.jpg 400w, https:\/\/ledsteplight.com\/wp-content\/uploads\/2025\/12\/futureproof-your-garden-the-best-outdoor-floor-lights-and-trends-for-2026-2-768x512.jpg 768w, https:\/\/ledsteplight.com\/wp-content\/uploads\/2025\/12\/futureproof-your-garden-the-best-outdoor-floor-lights-and-trends-for-2026-2-18x12.jpg 18w, https:\/\/ledsteplight.com\/wp-content\/uploads\/2025\/12\/futureproof-your-garden-the-best-outdoor-floor-lights-and-trends-for-2026-2-600x400.jpg 600w, https:\/\/ledsteplight.com\/wp-content\/uploads\/2025\/12\/futureproof-your-garden-the-best-outdoor-floor-lights-and-trends-for-2026-2-150x100.jpg 150w\" sizes=\"(max-width: 849px) 100vw, 849px\" \/><\/figure>\n\n\n\n<h3 class=\"wp-block-heading\">Sz\u00e9les sug\u00e1rz\u00e1si sz\u00f6g: A f\u00e9ny hat\u00e9kony sz\u00f3r\u00e1sa<\/h3>\n\n\n\n<p>A <strong>k\u00fclt\u00e9ri padl\u00f3 l\u00e1mp\u00e1k<\/strong> sz\u00e9les <strong>sug\u00e1rsz\u00f6g<\/strong> v\u00e1laszt\u00e1sa t\u00f6k\u00e9letes, ha nagy ter\u00fcleteket szeretne megvil\u00e1g\u00edtani an\u00e9lk\u00fcl, hogy k\u00ednos s\u00f6t\u00e9t foltokat hagyna. \u00cdme, hol ragyognak:<\/p>\n\n\n\n<ul class=\"wp-block-list\">\n<li><strong>F\u00e9nysz\u00f3r\u00f3-st\u00edlus\u00fa lefedetts\u00e9g<\/strong> seg\u00edt egyenletesen megvil\u00e1g\u00edtani a teraszokat, a felhajt\u00f3kat \u00e9s a bej\u00e1ratokat.<\/li>\n\n\n\n<li>Sz\u00e9lesebb <strong>f\u00e9nyeloszl\u00e1s<\/strong> minimaliz\u00e1lja a kem\u00e9ny kontrasztokat a megvil\u00e1g\u00edtott \u00e9s a nem megvil\u00e1g\u00edtott z\u00f3n\u00e1k k\u00f6z\u00f6tt.<\/li>\n\n\n\n<li>Ide\u00e1lis <strong>ter\u00fcleti vil\u00e1g\u00edt\u00e1shoz<\/strong>, k\u00fcl\u00f6n\u00f6sen h\u00e1ts\u00f3kertekben vagy nyitott elrendez\u00e9s\u0171 kertz\u00f3n\u00e1kban.<\/li>\n\n\n\n<li>Remek a <strong>k\u00f6rnyezeti megvil\u00e1g\u00edt\u00e1s fokoz\u00e1s\u00e1ra<\/strong>, nyugodt esti hangulatot teremtve reflektoros vak\u00edt\u00e1s n\u00e9lk\u00fcl.<\/li>\n\n\n\n<li>Haszn\u00e1lja \u0151ket hossz\u00fa s\u00e9t\u00e1nyokon vagy teraszokon, ahol a k\u00f6vetkezetess\u00e9g <strong>\u00fat menti vil\u00e1g\u00edt\u00e1s<\/strong> fontosabb, mint az intenzit\u00e1s.<\/li>\n\n\n\n<li>Seg\u00edt cs\u00f6kkenteni a sz\u00fcks\u00e9ges l\u00e1mpatestek sz\u00e1m\u00e1t, mivel egy egys\u00e9g nagyobb ter\u00fcletet fed le\u2014kevesebb rendetlens\u00e9g, jobb eszt\u00e9tika.<\/li>\n<\/ul>\n\n\n\n<h3 class=\"wp-block-heading\">F\u00f3kusz\u00e1lt f\u00e9nycs\u00f3v\u00e1k: A figyelem ir\u00e1ny\u00edt\u00e1sa arra, ahol fontos<\/h3>\n\n\n\n<p>N\u00e9ha nem akar mindent megvil\u00e1g\u00edtani\u2014csak valamit. Itt j\u00f6nnek k\u00e9pbe a f\u00f3kusz\u00e1lt sugarak.<\/p>\n\n\n\n<p>\u2022 Szeretne dr\u00e1m\u00e1t? Haszn\u00e1ljon keskeny sug\u00e1r\u00fa <strong>reflektort<\/strong> f\u00e1kon vagy szobrokon; ez az, amihez a szemeket vonzza.<br>* Sz\u00fcks\u00e9ge van tisztas\u00e1gra? Helyezzen ir\u00e1ny\u00edtott l\u00e1mpatesteket l\u00e9pcs\u0151k vagy egyenetlen terep k\u00f6zel\u00e9be\u2014ezek a f\u00e9nyek vizu\u00e1lis jelz\u00e9sekk\u00e9nt m\u0171k\u00f6dnek.<\/p>\n\n\n\n<ol class=\"wp-block-list\">\n<li>Kezdje azzal, hogy azonos\u00edtja a kulcsfontoss\u00e1g\u00fa jellemz\u0151ket, mint p\u00e9ld\u00e1ul sz\u00f6k\u0151kutak, vir\u00e1gl\u00e1d\u00e1k vagy textur\u00e1lt falak.<\/li>\n\n\n\n<li>V\u00e1lasszon olyan l\u00e1mpatesteket, amelyek szoros sug\u00e1rir\u00e1ny\u00edt\u00e1st \u00e9s \u00e1ll\u00edthat\u00f3 fej\u0171eket k\u00edn\u00e1lnak a prec\u00edz c\u00e9lz\u00e1s \u00e9rdek\u00e9ben.<\/li>\n\n\n\n<li>Poz\u00edci\u00f3 sz\u00f6gekn\u00e9l, amelyek l\u00e1gy \u00e1rny\u00e9kokat hoznak l\u00e9tre a t\u00e1rgyak m\u00f6g\u00f6tt\u2014ez m\u00e9lys\u00e9get ad an\u00e9lk\u00fcl, hogy t\u00falzottan ki lenne t\u00e9ve valami.<\/li>\n<\/ol>\n\n\n\n<p>Egy j\u00f3 tr\u00fckk a r\u00e9tegz\u00e9s: kombin\u00e1ld a sz\u00e9les k\u00f6r\u0171 k\u00f6rnyezeti vil\u00e1g\u00edt\u00e1st a c\u00e9lzott f\u00e9nyekkel <strong>kiemel\u0151 vil\u00e1g\u00edt\u00e1ssal<\/strong>, \u00edgy a t\u00e9r sz\u00e1nd\u00e9kosnak t\u0171nik a k\u00e1osz helyett.<\/p>\n\n\n\n<h3 class=\"wp-block-heading\">Egys\u00e9ges megvil\u00e1g\u00edt\u00e1s: k\u00f6vetkezetes vil\u00e1g\u00edt\u00e1s el\u00e9r\u00e9se a terek k\u00f6z\u00f6tt<\/h3>\n\n\n\n<p>Ha tiszta megjelen\u00e9st szeretn\u00e9l, nulla tal\u00e1lgat\u00e1ssal, v\u00e1lassz egys\u00e9ges f\u00e9nyer\u0151t a t\u00e9rben j\u00f3l kiegyens\u00falyozott <strong>k\u00fclt\u00e9ri padl\u00f3 l\u00e1mp\u00e1k<\/strong>.<\/p>\n\n\n\n<p>Csoportos\u00edtott El\u0151ny\u00f6k:<\/p>\n\n\n\n<ul class=\"wp-block-list\">\n<li>Cs\u00f6kkenti a nem k\u00edv\u00e1nt vak\u00edt\u00e1st azzal, hogy kontroll\u00e1lt f\u00e9nyer\u0151szinteket tart fenn az eg\u00e9sz ter\u00fcleten okos t\u00e1vols\u00e1gkezel\u00e9ssel.<\/li>\n\n\n\n<li>N\u00f6veli a biztons\u00e1got azzal, hogy megsz\u00fcnteti a hirtelen l\u00e1t\u00e1si cs\u00f6kken\u00e9seket\u2014k\u00fcl\u00f6n\u00f6sen hasznos medenc\u00e9k vagy l\u00e9pcs\u0151k k\u00f6rny\u00e9k\u00e9n.<\/li>\n\n\n\n<li>El\u0151seg\u00edti a jobb hangulatvil\u00e1g\u00edt\u00e1st az \u00e1lland\u00f3 <strong><a href=\"https:\/\/ledsteplight.com\/hu\/dm36b-pro-honeycomb-anti-glare-led-in-ground-light-ip67-24v-dc\/\" class=\"waam-auto-link\" title=\"sz\u00ednh\u0151m\u00e9rs\u00e9klet\">sz\u00ednh\u0151m\u00e9rs\u00e9klet<\/a><\/strong> \u00e9s a f\u00e9ny sugarainak egyenletes eloszl\u00e1sa r\u00e9v\u00e9n.<\/li>\n\n\n\n<li>Seg\u00edt a \u00e1rny\u00e9kok ir\u00e1ny\u00edt\u00e1s\u00e1ban strat\u00e9giai l\u00e1mpahelyez\u00e9ssel \u00e9s diff\u00faz lencs\u00e9kkel, amelyek kifejezetten a sim\u00e1bb \u00e1tmenetekhez k\u00e9sz\u00fcltek.<\/li>\n\n\n\n<li>El\u0151seg\u00edti az energiahat\u00e9konys\u00e1got, mivel nem kell t\u00falzottan er\u0151s f\u00e9nyforr\u00e1sokat haszn\u00e1lni a r\u00e9seket kit\u00f6ltend\u0151.<\/li>\n<\/ul>\n\n\n\n<p>Az \u00e1lland\u00f3 f\u00e9ny nem unalmas\u2014ez okos tervez\u00e9s, amelyet szil\u00e1rd tervez\u00e9s \u00e9s gondosan alkalmazott eszk\u00f6z\u00f6k, p\u00e9ld\u00e1ul dimmerek \u00e9s reflexi\u00f3s fel\u00fcletek t\u00e1mogatnak, amelyek val\u00f3di <strong>f\u00e9nyess\u00e9g egys\u00e9gess\u00e9get biztos\u00edtanak<\/strong> minden inch-en.<\/p>\n\n\n\n<h2 class=\"wp-block-heading\">Hogyan forradalmas\u00edtj\u00e1k a napelemes k\u00fclt\u00e9ri padl\u00f3l\u00e1mp\u00e1k a kerteket<\/h2>\n\n\n\n<p>A napelemes k\u00fclt\u00e9ri padl\u00f3l\u00e1mp\u00e1k megv\u00e1ltoztatj\u00e1k, hogyan vil\u00e1g\u00edtjuk meg udvarainkat\u2014tiszta, olcs\u00f3bb \u00e9s sokkal st\u00edlusosabb, mint a r\u00e9gi megold\u00e1sok.<\/p>\n\n\n\n<figure class=\"wp-block-image size-full\"><img decoding=\"async\" width=\"849\" height=\"566\" src=\"https:\/\/ledsteplight.com\/wp-content\/uploads\/2025\/12\/futureproof-your-garden-the-best-outdoor-floor-lights-and-trends-for-2026-3.jpg\" alt=\"\" class=\"wp-image-38691\" srcset=\"https:\/\/ledsteplight.com\/wp-content\/uploads\/2025\/12\/futureproof-your-garden-the-best-outdoor-floor-lights-and-trends-for-2026-3.jpg 849w, https:\/\/ledsteplight.com\/wp-content\/uploads\/2025\/12\/futureproof-your-garden-the-best-outdoor-floor-lights-and-trends-for-2026-3-400x267.jpg 400w, https:\/\/ledsteplight.com\/wp-content\/uploads\/2025\/12\/futureproof-your-garden-the-best-outdoor-floor-lights-and-trends-for-2026-3-768x512.jpg 768w, https:\/\/ledsteplight.com\/wp-content\/uploads\/2025\/12\/futureproof-your-garden-the-best-outdoor-floor-lights-and-trends-for-2026-3-18x12.jpg 18w, https:\/\/ledsteplight.com\/wp-content\/uploads\/2025\/12\/futureproof-your-garden-the-best-outdoor-floor-lights-and-trends-for-2026-3-600x400.jpg 600w, https:\/\/ledsteplight.com\/wp-content\/uploads\/2025\/12\/futureproof-your-garden-the-best-outdoor-floor-lights-and-trends-for-2026-3-150x100.jpg 150w\" sizes=\"(max-width: 849px) 100vw, 849px\" \/><\/figure>\n\n\n\n<h3 class=\"wp-block-heading\">Napelemes lehet\u0151s\u00e9gek: Fenntarthat\u00f3s\u00e1g elfogad\u00e1sa<\/h3>\n\n\n\n<p>\u2022 Ezek a l\u00e1mp\u00e1k a nap energi\u00e1j\u00e1val m\u0171k\u00f6dnek\u2014sz\u00f3 szerint.<br>* Nincs k\u00e1bel, nincs konnektor, csak tiszta energia.<br>* Seg\u00edtenek cs\u00f6kkenteni az elektromos fogyaszt\u00e1st \u00e9s m\u00e9rs\u00e9kelni a sz\u00e9nl\u00e1bnyomodat.<\/p>\n\n\n\n<p>A napelemek besz\u00edvj\u00e1k a napf\u00e9nyt \u00e9s \u00e1talak\u00edtj\u00e1k hasznos\u00edthat\u00f3 energi\u00e1v\u00e1. Ez azt jelenti, hogy tiszta <strong>meg\u00fajul\u00f3 energia<\/strong> minden este kapcsolgat\u00e1s n\u00e9lk\u00fcl. Az MG Lighting napenergi\u00e1s modelljeivel megb\u00edzhat\u00f3 f\u00e9nyess\u00e9get kapsz, mik\u00f6zben egy teljesen <strong>k\u00f6rnyezetbar\u00e1t<\/strong> \u00e9letst\u00edlust.<\/p>\n\n\n\n<h3 class=\"wp-block-heading\">Hat\u00e9kony energiafogyaszt\u00e1s: Az energia k\u00f6lts\u00e9gek cs\u00f6kkent\u00e9se<\/h3>\n\n\n\n<ol class=\"wp-block-list\">\n<li>Be\u00e9p\u00edtett \u00e9rz\u00e9kel\u0151k biztos\u00edtj\u00e1k, hogy a l\u00e1mp\u00e1k csak akkor kapcsoljanak be, amikor sz\u00fcks\u00e9ges<\/li>\n\n\n\n<li>Az LED technol\u00f3gia cs\u00f6kkenti a fogyaszt\u00e1st an\u00e9lk\u00fcl, hogy a f\u00e9nyer\u0151t fel\u00e1ldozn\u00e1d<\/li>\n\n\n\n<li>Intelligens \u00e1ramk\u00f6r\u00f6k optimaliz\u00e1lj\u00e1k az akkumul\u00e1tor haszn\u00e1lat\u00e1t \u00e9vszakonk\u00e9nt<\/li>\n<\/ol>\n\n\n\n<p>Az olyan okos funkci\u00f3k, mint a naplement\u00e9t\u0151l napkelt\u00e9ig tart\u00f3 automatiz\u00e1l\u00e1s \u00e9s a mozg\u00e1s\u00e9rz\u00e9kel\u00e9s, hossz\u00fa t\u00e1von komoly megtakar\u00edt\u00e1sokat eredm\u00e9nyeznek. Az alacsony wattos LED-ek \u00e9s az optimaliz\u00e1lt \u00e1ramk\u00f6r\u00f6k kombin\u00e1ci\u00f3ja minim\u00e1lisra cs\u00f6kkenti az energiafelhaszn\u00e1l\u00e1st, mik\u00f6zben gy\u00f6ny\u00f6r\u0171en vil\u00e1g\u00edtja meg a h\u00e1ts\u00f3 kertet vagy a teraszt.<\/p>\n\n\n\n<h3 class=\"wp-block-heading\">Hossz\u00fa \u00e9lettartam\u00fa LED-ek: Megb\u00edzhat\u00f3s\u00e1g tal\u00e1lkozik a teljes\u00edtm\u00e9nnyel<\/h3>\n\n\n\n<p>Az LED tart\u00f3ss\u00e1g\u00e1nak csoportos el\u0151nyei:<\/p>\n\n\n\n<ul class=\"wp-block-list\">\n<li><strong>Hosszabb \u00e9lettartam<\/strong> cs\u00f6kkenti a csere k\u00f6lts\u00e9geit<\/li>\n\n\n\n<li>Karbantart\u00e1smentes kialak\u00edt\u00e1s id\u0151t takar\u00edt meg<\/li>\n\n\n\n<li>Tart\u00f3s kivitel ellen\u00e1ll az es\u0151nek, sz\u00e9lnek \u00e9s h\u00f3es\u00e9snek<\/li>\n\n\n\n<li>\u00c1lland\u00f3 teljes\u00edtm\u00e9ny \u00e9vekig<\/li>\n<\/ul>\n\n\n\n<p>El\u0151rehaladott <strong>szil\u00e1rdtest vil\u00e1g\u00edt\u00e1snak<\/strong>ma a napenergi\u00e1s k\u00fclt\u00e9ri padl\u00f3l\u00e1mp\u00e1k ak\u00e1r t\u00edzezern\u00e9l is t\u00f6bb \u00f3r\u00e1t is kib\u00edrnak. Nem kell l\u00e9tr\u00e1ra m\u00e1szni vagy h\u00f3napokonta cser\u00e9lni a \u00e9g\u0151ket \u2013 egyszer \u00e1ll\u00edtod be, \u00e9s \u00e9vekig \u00e9lvezheted a f\u00e9nyt.<\/p>\n\n\n\n<h3 class=\"wp-block-heading\">Semleges feh\u00e9r f\u00e9ny: Term\u00e9szetes megjelen\u00e9s a kertedhez<\/h3>\n\n\n\n<p>L\u00e1gy, de nem s\u00e1rg\u00e1s. Vil\u00e1gos, de nem jeges hideg. Ez a var\u00e1zslatos egyens\u00faly az, amit ezek a l\u00e1mp\u00e1k el\u00e9rnek kiegyens\u00falyozott sz\u00edn\u00e1rnyalatukkal.<\/p>\n\n\n\n<p>Minden egys\u00e9g tiszta, \u00e9les sugarat bocs\u00e1t ki, amely kiemeli a kert r\u00e9szleteit an\u00e9lk\u00fcl, hogy elnyomn\u00e1 azokat. Ez a finom \u00e1rnyalat kiemeli a n\u00f6v\u00e9nyek text\u00far\u00e1j\u00e1t \u00e9s sz\u00edneit, mik\u00f6zben elegend\u0151 l\u00e1that\u00f3s\u00e1got biztos\u00edt ahhoz, hogy biztons\u00e1gosan navig\u00e1lj az utakon vagy teraszokon \u00e9jszaka \u2013 mindezt gondosan kalibr\u00e1lt <strong>sz\u00ednh\u0151m\u00e9rs\u00e9klet<\/strong> be\u00e1ll\u00edt\u00e1soknak k\u00f6sz\u00f6nhet\u0151en, amelyek ut\u00e1nozz\u00e1k a term\u00e9szetes nappali f\u00e9ny t\u00f3nusait.<\/p>\n\n\n\n<h3 class=\"wp-block-heading\">\u00d6sszehasonl\u00edt\u00f3 t\u00e1bl\u00e1zat \u2013 Hat\u00e9konys\u00e1g \u00e9s \u00e9lettartam \u00e1ttekint\u00e9se<\/h3>\n\n\n\n<figure class=\"wp-block-table\"><table class=\"has-fixed-layout\"><thead><tr><th>Modell t\u00edpus<\/th><th>\u00c1tlagos \u00e9lettartam (\u00f3ra)<\/th><th>Energiafogyaszt\u00e1s \u00e9jszak\u00e1nk\u00e9nt (Wh)<\/th><th>F\u00e9nykibocs\u00e1t\u00e1s (Lumen)<\/th><\/tr><\/thead><tbody><tr><td>Alap halog\u00e9n l\u00e1mpatest<\/td><td>~2,000<\/td><td>~50<\/td><td>~250<\/td><\/tr><tr><td>CFL Kert szeg\u00e9lyl\u00e1mpa<\/td><td>~8,000<\/td><td>~20<\/td><td>~300<\/td><\/tr><tr><td>MG Lighting Napelemes LED<\/td><td>~25,000+<\/td><td>~5<\/td><td>~450<\/td><\/tr><tr><td>\u00c1ltal\u00e1nos Napelemes Reflektor<\/td><td>~10,000<\/td><td>~10<\/td><td>~350<\/td><\/tr><\/tbody><\/table><\/figure>\n\n\n\n<p>Ez a t\u00e1bl\u00e1zat vil\u00e1goss\u00e1 teszi, mi\u00e9rt domin\u00e1lnak az \u00fajabb modellek mind az \u00e1ll\u00f3k\u00e9pess\u00e9g, mind a hat\u00e9konys\u00e1g ter\u00e9n. A k\u00fcl\u00f6nbs\u00e9g nem kicsi \u2013 \u00e9jszaka \u00e9s nappal jobb, amikor magas sz\u00ednvonal\u00fa, napelemes megold\u00e1sokat v\u00e1lasztasz, mint p\u00e9ld\u00e1ul az MG Lighting k\u00edn\u00e1lata.<\/p>\n\n\n\n<h3 class=\"wp-block-heading\">Val\u00f3s \u00e9letben ny\u00fajtott el\u0151ny\u00f6k a gyakorlatban<\/h3>\n\n\n\n<p>R\u00f6vid szakaszok:<\/p>\n\n\n\n<p>\u2013 Nincs sz\u00fcks\u00e9g \u00e1rkok \u00e1s\u00e1s\u00e1ra telep\u00edt\u00e9skor<br>\u2013 Id\u0151j\u00e1r\u00e1s\u00e1ll\u00f3 kialak\u00edt\u00e1sok mind a n\u00e9gy \u00e9vszakban meg\u00e1llj\u00e1k a hely\u00fcket<br>\u2013 T\u00f6k\u00e9letes b\u00e9rl\u0151k sz\u00e1m\u00e1ra, mivel hordozhat\u00f3ak<br>\u2013 Ide\u00e1lis off-grid kunyh\u00f3khoz vagy t\u00e1voli kertekhez<\/p>\n\n\n\n<p>Ezek az el\u0151ny\u00f6k a napelemes k\u00fclt\u00e9ri padl\u00f3l\u00e1mp\u00e1kat nemcsak d\u00edsz\u00edt\u0151elemekk\u00e9 teszik \u2013 gyakorlati fejleszt\u00e9sekk\u00e9 szinte b\u00e1rmilyen \u00e9lethelyzetben.<\/p>\n\n\n\n<h3 class=\"wp-block-heading\">Hogyan \u00e1ll \u00f6ssze mindez \u00e9jszaka<\/h3>\n\n\n\n<p>L\u00e9p\u00e9sr\u0151l l\u00e9p\u00e9sre bont\u00e1s:<\/p>\n\n\n\n<p>Els\u0151 l\u00e9p\u00e9s \u2014 Nappal az integr\u00e1lt fotovoltaikus cell\u00e1k elnyelik a napf\u00e9nyt<br>M\u00e1sodik l\u00e9p\u00e9s \u2014 Ez az energia csendben t\u00f6lti fel a bels\u0151 akkumul\u00e1torokat a h\u00e1tt\u00e9rben<br>Harmadik l\u00e9p\u00e9s \u2014 Ahogy este lesz, be\u00e9p\u00edtett \u00e9rz\u00e9kel\u0151k automatikusan \u00e9szlelik a gyenge f\u00e9ny szinteket<br>Negyedik l\u00e9p\u00e9s \u2014 A rendszer k\u00f6nnyed\u00e9n bekapcsol, felhaszn\u00e1l\u00f3i beavatkoz\u00e1s n\u00e9lk\u00fcl<\/p>\n\n\n\n<p>Ez a z\u00f6kken\u0151mentes folyamat teszi olyan vonz\u00f3v\u00e1 a modern napelemes vil\u00e1g\u00edt\u00e1st \u2014 csendben m\u0171k\u00f6dik a h\u00e1tt\u00e9rben, mik\u00f6zben a kerted ragyog a k\u00f6z\u00e9ppontban.<\/p>\n\n\n\n<h3 class=\"wp-block-heading\">Mi\u00e9rt v\u00e1ltanak most a h\u00e1ztulajdonosok<\/h3>\n\n\n\n<p>Csoportos\u00edtott funkci\u00f3k + szerkezetkever\u00e9k:<\/p>\n\n\n\n<p>\u2714 Drasztikusan cs\u00f6kkentett villanysz\u00e1ml\u00e1k a val\u00f3di <strong>energia-megtakar\u00edt\u00e1snak k\u00f6sz\u00f6nhet\u0151en<\/strong><br>\u2714 Fokozott utcai megjelen\u00e9s eleg\u00e1ns modern l\u00e1mpatestekkel<br>\u2714 Gyors megt\u00e9r\u00fcl\u00e9s hossz\u00fa t\u00e1v\u00fa tart\u00f3ss\u00e1g \u00e9s alacsony karbantart\u00e1s mellett<br>\u2714 K\u00f6rnyezetbar\u00e1t v\u00e1laszt\u00e1s, amelyet a val\u00f3s teljes\u00edtm\u00e9ny t\u00e1mogat<\/p>\n\n\n\n<p>Amikor egyre t\u00f6bben keresik a k\u00f6lts\u00e9gcs\u00f6kkent\u00e9st \u00e9s a z\u00f6ld \u00e9letm\u00f3dot egyszerre, a napenergi\u00e1val m\u0171k\u00f6d\u0151 k\u00fclt\u00e9ri padl\u00f3l\u00e1mp\u00e1kra val\u00f3 \u00e1tt\u00e9r\u00e9s egy\u00e9rtelm\u0171 l\u00e9p\u00e9s \u2014 \u00e9s m\u00e1r nem csak az \u00f6ko-harcosok sz\u00e1m\u00e1ra!<\/p>\n\n\n\n<h2 class=\"wp-block-heading\">Gyakran Ism\u00e9telt K\u00e9rd\u00e9sek a k\u00fclt\u00e9ri padl\u00f3l\u00e1mp\u00e1kr\u00f3l<\/h2>\n\n\n\n<p><strong>Legjobb anyagok part menti vagy nedves ter\u00fcletekre<\/strong><\/p>\n\n\n\n<figure class=\"wp-block-image size-full\"><img decoding=\"async\" width=\"783\" height=\"609\" src=\"https:\/\/ledsteplight.com\/wp-content\/uploads\/2025\/12\/futureproof-your-garden-the-best-outdoor-floor-lights-and-trends-for-2026-4.jpg\" alt=\"\" class=\"wp-image-38692\" srcset=\"https:\/\/ledsteplight.com\/wp-content\/uploads\/2025\/12\/futureproof-your-garden-the-best-outdoor-floor-lights-and-trends-for-2026-4.jpg 783w, https:\/\/ledsteplight.com\/wp-content\/uploads\/2025\/12\/futureproof-your-garden-the-best-outdoor-floor-lights-and-trends-for-2026-4-386x300.jpg 386w, https:\/\/ledsteplight.com\/wp-content\/uploads\/2025\/12\/futureproof-your-garden-the-best-outdoor-floor-lights-and-trends-for-2026-4-768x597.jpg 768w, https:\/\/ledsteplight.com\/wp-content\/uploads\/2025\/12\/futureproof-your-garden-the-best-outdoor-floor-lights-and-trends-for-2026-4-15x12.jpg 15w, https:\/\/ledsteplight.com\/wp-content\/uploads\/2025\/12\/futureproof-your-garden-the-best-outdoor-floor-lights-and-trends-for-2026-4-600x467.jpg 600w, https:\/\/ledsteplight.com\/wp-content\/uploads\/2025\/12\/futureproof-your-garden-the-best-outdoor-floor-lights-and-trends-for-2026-4-150x117.jpg 150w\" sizes=\"(max-width: 783px) 100vw, 783px\" \/><\/figure>\n\n\n\n<p>A rozsdamentes ac\u00e9l \u00e9s tengeri min\u0151s\u00e9g\u0171 \u00f6tv\u00f6zetek b\u00fcszk\u00e9n ellen\u00e1llnak a s\u00f3s szell\u0151knek, m\u00edg az alum\u00ednium korr\u00f3zi\u00f3\u00e1ll\u00f3 bevonatokkal meg\u0151rzi b\u00e1j\u00e1t \u00e9vszakr\u00f3l \u00e9vszakra \u2014 t\u00f6k\u00e9letes vill\u00e1khoz a part k\u00f6zel\u00e9ben vagy nedvess\u00e9ggel cs\u00f3kolt kertk\u00e9pekhez.<\/p>\n\n\n\n<p><strong>Hat\u00e1sv\u00e9delem nyilv\u00e1nos helyeken<\/strong><\/p>\n\n\n\n<p>Ny\u00fczsg\u0151 parkutak vagy \u00e9l\u00e9nk kereskedelmi terek eset\u00e9n a meger\u0151s\u00edtett polikarbon\u00e1t h\u00e1zban l\u00e9v\u0151 \u00fct\u00e9s\u00e1ll\u00f3 burkolat v\u00e9di a l\u00e1mp\u00e1kat a mindennapi \u00fct\u00e9sekt\u0151l. A vandalizmus\u00e1ll\u00f3 kialak\u00edt\u00e1sok biztons\u00e1got ny\u00fajtanak an\u00e9lk\u00fcl, hogy elvesz\u00edten\u00e9k az eleganci\u00e1t a l\u00e1tv\u00e1nyodb\u00f3l.<\/p>\n\n\n\n<p><strong>F\u00e9nyer\u0151 be\u00e1ll\u00edt\u00e1sok nagy s\u00e9t\u00e1nyokra<\/strong><\/p>\n\n\n\n<ul class=\"wp-block-list\">\n<li>Magas lumenkibocs\u00e1t\u00e1s hossz\u00fa szakaszok k\u00f6nny\u0171 ir\u00e1ny\u00edt\u00e1s\u00e1hoz<\/li>\n\n\n\n<li>\u00c1ll\u00edthat\u00f3 f\u00e9nyer\u0151, amikor a nyilv\u00e1nos terek \u00e9jszaka csendesednek<\/li>\n\n\n\n<li>Sz\u00e9les sug\u00e1rz\u00e1si sz\u00f6g, amely minden l\u00e9p\u00e9st lefed \u00e1rny\u00e9k n\u00e9lk\u00fcli r\u00e9sek n\u00e9lk\u00fcl<\/li>\n<\/ul>\n\n\n\n<p>Minden r\u00e9szlet k\u00f6zelebb hozza a biztons\u00e1got, \u00e9s est\u00e9t\u0151l kezdve h\u00edvogat\u00f3 m\u00e9rf\u00f6ldk\u00f6vekk\u00e9 v\u00e1ltoztatja az \u00e9p\u00fcletek k\u00fcls\u0151 r\u00e9szeit<\/p>\n\n\n\n<p><strong>Napelemes vil\u00e1g\u00edt\u00e1s sz\u00e9les k\u00f6rben<\/strong><\/p>\n\n\n\n<p>A napelemes lehet\u0151s\u00e9gek vir\u00e1goznak a kertutakon \u00e9s nagy nyilv\u00e1nos terekben\u2014cs\u00f6kkentve a k\u00e1belez\u00e9s bonyodalmait, mik\u00f6zben a hat\u00e9kony LED-ek egys\u00e9ges vil\u00e1g\u00edt\u00e1st biztos\u00edtanak \u00e9jjel-nappal; az akkumul\u00e1toros rendszerek k\u00e9szen \u00e1llnak felh\u0151s napokra<\/p>\n\n\n\n<p><strong>Tan\u00fas\u00edtv\u00e1nyok, amelyeket \u00e9rdemes ellen\u0151rizni v\u00e1s\u00e1rl\u00e1s el\u0151tt<\/strong><\/p>\n\n\n\n<p>Az UL-list\u00e1zott alkatr\u00e9szek biztos\u00edtj\u00e1k a folyamatos biztons\u00e1got; az Energy Star tan\u00fas\u00edtv\u00e1nnyal rendelkez\u0151 l\u00e1mpatestek hossz\u00fa t\u00e1von alacsonyan tartj\u00e1k a k\u00f6lts\u00e9geket; az IP67 v\u00edz\u00e1ll\u00f3s\u00e1gi besorol\u00e1s lehet\u0151v\u00e9 teszi az id\u0151j\u00e1r\u00e1s\u00e1ll\u00f3 l\u00e1mpatestek sz\u00e1m\u00e1ra, hogy ellen\u00e1lljanak a viharoknak, mik\u00f6zben zavartalanul ragyognak <strong><a href=\"https:\/\/ledsteplight.com\/hu\/mistakes-to-avoid-when-installing-in-ground-driveway-lights\/\" class=\"waam-auto-link\" title=\"be\u00e9p\u00edtett f\u00f6ld alatti l\u00e1mp\u00e1k\">be\u00e9p\u00edtett f\u00f6ld alatti l\u00e1mp\u00e1k<\/a><\/strong> ny\u00edlt t\u00e9ren.<\/p>","protected":false},"excerpt":{"rendered":"<p>Eleged van a gyenge l\u00e1mp\u00e1kb\u00f3l? N\u00e9zze meg, mi\u00e9rt a strapab\u00edr\u00f3, napelemes k\u00fclt\u00e9ri padl\u00f3l\u00e1mp\u00e1k a 2026-os \u00e9v must-have term\u00e9kei komoly nagyprojektekhez. K\u00e9pzelje el<\/p>","protected":false},"author":1,"featured_media":38691,"comment_status":"open","ping_status":"open","sticky":false,"template":"","format":"standard","meta":{"footnotes":""},"categories":[1],"tags":[],"class_list":["post-38687","post","type-post","status-publish","format-standard","has-post-thumbnail","hentry","category-uncategorized"],"_links":{"self":[{"href":"https:\/\/ledsteplight.com\/hu\/wp-json\/wp\/v2\/posts\/38687","targetHints":{"allow":["GET"]}}],"collection":[{"href":"https:\/\/ledsteplight.com\/hu\/wp-json\/wp\/v2\/posts"}],"about":[{"href":"https:\/\/ledsteplight.com\/hu\/wp-json\/wp\/v2\/types\/post"}],"author":[{"embeddable":true,"href":"https:\/\/ledsteplight.com\/hu\/wp-json\/wp\/v2\/users\/1"}],"replies":[{"embeddable":true,"href":"https:\/\/ledsteplight.com\/hu\/wp-json\/wp\/v2\/comments?post=38687"}],"version-history":[{"count":2,"href":"https:\/\/ledsteplight.com\/hu\/wp-json\/wp\/v2\/posts\/38687\/revisions"}],"predecessor-version":[{"id":38697,"href":"https:\/\/ledsteplight.com\/hu\/wp-json\/wp\/v2\/posts\/38687\/revisions\/38697"}],"wp:featuredmedia":[{"embeddable":true,"href":"https:\/\/ledsteplight.com\/hu\/wp-json\/wp\/v2\/media\/38691"}],"wp:attachment":[{"href":"https:\/\/ledsteplight.com\/hu\/wp-json\/wp\/v2\/media?parent=38687"}],"wp:term":[{"taxonomy":"category","embeddable":true,"href":"https:\/\/ledsteplight.com\/hu\/wp-json\/wp\/v2\/categories?post=38687"},{"taxonomy":"post_tag","embeddable":true,"href":"https:\/\/ledsteplight.com\/hu\/wp-json\/wp\/v2\/tags?post=38687"}],"curies":[{"name":"wp","href":"https:\/\/api.w.org\/{rel}","templated":true}]}}