{"id":38762,"date":"2026-01-28T05:47:41","date_gmt":"2026-01-28T05:47:41","guid":{"rendered":"https:\/\/ledsteplight.com\/?p=38762"},"modified":"2026-01-28T07:28:43","modified_gmt":"2026-01-28T07:28:43","slug":"installation-guide-cutting-tiles-and-wood-floors-for-recessed-lights","status":"publish","type":"post","link":"https:\/\/ledsteplight.com\/hu\/installation-guide-cutting-tiles-and-wood-floors-for-recessed-lights\/","title":{"rendered":"Telep\u00edt\u00e9si \u00fatmutat\u00f3: Csemp\u00e9k \u00e9s fa padl\u00f3k v\u00e1g\u00e1sa be\u00e9p\u00edtett vil\u00e1g\u00edt\u00e1sokhoz"},"content":{"rendered":"<h6 class=\"wp-block-heading\"><\/h6>\n\n\n\n<p>Csemp\u00e9z\u00e9s vagy kem\u00e9nyfa v\u00e1g\u00e1sa egy&nbsp;<em>Rejtett padl\u00f3f\u00e9ny szerel\u00e9se<\/em>&nbsp;nem csup\u00e1n egy h\u00e9tk\u00f6znapi kedd a munk\u00e1ban\u2014ez egy akrobatikus egyens\u00falyoz\u00e1s a szak\u00e9rtelem \u00e9s a k\u00e1osz k\u00f6z\u00f6tt. Egy rossz mozdulat a f\u0171r\u00e9szben, \u00e9s porcel\u00e1n reped\u00e9sekkel vagy szil\u00e1nkos t\u00f6lgyfa darabokkal n\u00e9zel szembe, amelyek n\u00f6velik az \u00fcgyf\u00e9l v\u00e9rnyom\u00e1s\u00e1t. A precizit\u00e1s nem opcion\u00e1lis; ez a t\u00fal\u00e9l\u00e9s k\u00e9rd\u00e9se.<\/p>\n\n\n\n<p>2009-ben l\u00e1ttam, ahogy egy csapat \u00f3r\u00e1kon \u00e1t jav\u00edtotta a sz\u00f6gletes csempev\u00e1g\u00e1sokat, mert senki sem haszn\u00e1lta a megfelel\u0151 gy\u00e9m\u00e1nt f\u00far\u00f3t. Az a plusz $12 szersz\u00e1m h\u00e1rom \u00f3r\u00e1t \u00e9s k\u00e9t hideg k\u00e1v\u00e9t sp\u00f3rolhatott volna nekik. N\u00e9ha a kis dolgok tartj\u00e1k vissza a nagy projekteket att\u00f3l, hogy rossz ir\u00e1nyba menjenek.<\/p>\n\n\n\n<p>\u201eA vil\u00e1g\u00edt\u00e1s annyira a biztons\u00e1gr\u00f3l, mint az eszt\u00e9tik\u00e1r\u00f3l sz\u00f3l,\u201d mondja Angela Moss, a LumenPro Csoport vezet\u0151 vil\u00e1g\u00edt\u00e1stervez\u0151je. A 2023-as kereskedelmi vil\u00e1g\u00edt\u00e1si jelent\u00e9s\u00fck szerint a l\u00e9pcs\u0151- \u00e9s padl\u00f3megvil\u00e1g\u00edt\u00e1s t\u00f6bb mint 60%-kal cs\u00f6kkenti az \u00e9jszakai balesetek kock\u00e1zat\u00e1t forgalmas helyeken.<\/p>\n\n\n\n<p>Ez az \u00fatmutat\u00f3 v\u00e9gigvezet a tiszta v\u00e1g\u00e1son\u2014nincs szakadt \u00e9l, nincs stressz\u2014\u00edgy minden rejtett l\u00e1mpa \u00fagy \u00fcl, mintha ott sz\u00fcletett volna.<\/p>\n\n\n\n<h3 class=\"wp-block-heading\">Gyors betekint\u00e9s a rejtett padl\u00f3f\u00e9ny szerel\u00e9s\u00e9hez<\/h3>\n\n\n\n<ul class=\"wp-block-list\">\n<li><strong>Vil\u00e1g\u00edt\u00e1s Hat\u00e1sa<\/strong>: A megfelel\u0151 vil\u00e1g\u00edt\u00e1s jelent\u0151sen n\u00f6veli a hangulatot \u00e9s a biztons\u00e1got b\u00e1rmilyen t\u00e9rben, t\u00f6bb mint 60%-kal cs\u00f6kkentve az \u00e9jszakai balesetek kock\u00e1zat\u00e1t.<\/li>\n\n\n\n<li><strong>Helysz\u00ednstrat\u00e9gia<\/strong>: A hat\u00e9kony elhelyez\u00e9s mag\u00e1ban foglalja a mennyezeti magass\u00e1g, a t\u00e9r m\u00e9retei \u00e9s a tervezett funkci\u00f3 \u00e9rt\u00e9kel\u00e9s\u00e9t a optim\u00e1lis f\u00e9nyeloszl\u00e1s \u00e9rdek\u00e9ben.<\/li>\n\n\n\n<li><strong>V\u00e1g\u00e1si Technik\u00e1k<\/strong>: A precizit\u00e1s kulcsfontoss\u00e1g\u00fa csempe vagy kem\u00e9nyfa v\u00e1g\u00e1sakor; a megfelel\u0151 eszk\u00f6z\u00f6k haszn\u00e1lata megakad\u00e1lyozhatja a s\u00e9r\u00fcl\u00e9seket \u00e9s id\u0151t takar\u00edthat meg a telep\u00edt\u00e9s sor\u00e1n.<\/li>\n\n\n\n<li><strong>Gyakori Hib\u00e1k<\/strong>: Gy\u0151z\u0151dj\u00f6n meg arr\u00f3l, hogy az elektromos vezet\u00e9kek csatlakoz\u00e1sai biztons\u00e1gosak, v\u00e1lassza ki a megfelel\u0151 csatlakoz\u00f3 doboz m\u00e9ret\u00e9t, \u00e9s ellen\u0151rizze az UL biztons\u00e1gi megfelel\u0151s\u00e9get a telep\u00edt\u00e9si probl\u00e9m\u00e1k elker\u00fcl\u00e9se \u00e9rdek\u00e9ben.<\/li>\n\n\n\n<li><strong>LED El\u0151ny\u00f6k<\/strong>: Az energiatakar\u00e9kos LED l\u00e1mp\u00e1k nemcsak alacsony vak\u00edt\u00e1s\u00fa vil\u00e1g\u00edt\u00e1st ny\u00fajtanak, hanem hossz\u00fa \u00e9lettartamuk r\u00e9v\u00e9n hozz\u00e1j\u00e1rulnak az \u00f6sszk\u00f6lts\u00e9g megtakar\u00edt\u00e1s\u00e1hoz.<\/li>\n\n\n\n<li><strong>Biztons\u00e1gi Szabv\u00e1nyok<\/strong>: Mindig v\u00e1lasszon IP65 v\u00edz\u00e1ll\u00f3 besorol\u00e1s\u00fa l\u00e1mpatesteket k\u00fclt\u00e9ri haszn\u00e1latra <strong><a href=\"https:\/\/ledsteplight.com\/hu\/ultimate-guide-to-landscape-inground-lighting-solutions\/\" class=\"waam-auto-link\" title=\"telep\u00edt\u00e9sekhez\">telep\u00edt\u00e9sekhez<\/a><\/strong> \u00e9s gy\u0151z\u0151dj\u00f6n meg arr\u00f3l, hogy biztons\u00e1gos szerelv\u00e9nyeket haszn\u00e1l a stabilit\u00e1s \u00e9rdek\u00e9ben.<\/li>\n<\/ul>\n\n\n\n<h2 class=\"wp-block-heading\">Mi\u00e9rt fontos a be\u00e9p\u00edtett padl\u00f3vil\u00e1g\u00edt\u00e1s telep\u00edt\u00e9se az \u00d6n t\u00e9rs\u00e9g\u00e9ben<\/h2>\n\n\n\n<p>A be\u00e9p\u00edtett padl\u00f3vil\u00e1g\u00edt\u00e1s telep\u00edt\u00e9se nemcsak a f\u00e9nyess\u00e9gr\u0151l sz\u00f3l\u2014hanem arr\u00f3l, hogy hogyan v\u00e1ltozik meg a t\u00e9r \u00e9rz\u00e9se, funkci\u00f3ja \u00e9s takar\u00e9koskodik a p\u00e9nzt\u00e1rc\u00e1j\u00e1val.<\/p>\n\n\n\n<figure class=\"wp-block-image size-full\"><img decoding=\"async\" width=\"849\" height=\"566\" src=\"https:\/\/ledsteplight.com\/wp-content\/uploads\/2026\/01\/installation-guide-cutting-tiles-and-wood-floors-for-recessed-lights-0.jpg\" alt=\"\" class=\"wp-image-38763\" srcset=\"https:\/\/ledsteplight.com\/wp-content\/uploads\/2026\/01\/installation-guide-cutting-tiles-and-wood-floors-for-recessed-lights-0.jpg 849w, https:\/\/ledsteplight.com\/wp-content\/uploads\/2026\/01\/installation-guide-cutting-tiles-and-wood-floors-for-recessed-lights-0-400x267.jpg 400w, https:\/\/ledsteplight.com\/wp-content\/uploads\/2026\/01\/installation-guide-cutting-tiles-and-wood-floors-for-recessed-lights-0-768x512.jpg 768w, https:\/\/ledsteplight.com\/wp-content\/uploads\/2026\/01\/installation-guide-cutting-tiles-and-wood-floors-for-recessed-lights-0-18x12.jpg 18w, https:\/\/ledsteplight.com\/wp-content\/uploads\/2026\/01\/installation-guide-cutting-tiles-and-wood-floors-for-recessed-lights-0-600x400.jpg 600w, https:\/\/ledsteplight.com\/wp-content\/uploads\/2026\/01\/installation-guide-cutting-tiles-and-wood-floors-for-recessed-lights-0-150x100.jpg 150w\" sizes=\"(max-width: 849px) 100vw, 849px\" \/><\/figure>\n\n\n\n<h3 class=\"wp-block-heading\">A vil\u00e1g\u00edt\u00e1s hat\u00e1sa a hangulatra<\/h3>\n\n\n\n<p>A vil\u00e1g\u00edt\u00e1s nemcsak megvil\u00e1g\u00edt\u2014hanem megteremti az eg\u00e9sz hangulatot. Az j\u00f3l elhelyezett&nbsp;<strong>be\u00e9p\u00edtett l\u00e1mpa<\/strong>? Ez m\u00e1sodpercek alatt v\u00e1ltoztathatja meg egy szoba&nbsp;<strong>hangulat\u00e1t<\/strong>&nbsp;hangulat\u00e1t a steril \u00e9s nyugtat\u00f3 k\u00f6z\u00f6tt.<\/p>\n\n\n\n<ul class=\"wp-block-list\">\n<li><em>Hangulatv\u00e1ltoz\u00e1s a t\u00f3nus szerint<\/em>: A meleg t\u00f3nus\u00fa vil\u00e1g\u00edt\u00e1s el\u0151seg\u00edti a relax\u00e1ci\u00f3t, m\u00edg a hideg t\u00f3nusok energi\u00e1t adnak \u00e9s f\u00f3kusz\u00e1l\u00e1st seg\u00edtik.<\/li>\n\n\n\n<li><em>A poz\u00edci\u00f3 fontos<\/em>: Az alacsony sz\u00f6g\u00a0<strong>vil\u00e1g\u00edt\u00e1si tervez\u00e9s<\/strong>\u00a0text\u00far\u00e1kat hangs\u00falyoz \u00e9s m\u00e9lys\u00e9get teremt, finom dr\u00e1m\u00e1t adva.<\/li>\n\n\n\n<li><em>F\u00e9nyforr\u00e1sok r\u00e9tegez\u00e9se<\/em>: Kombin\u00e1lja a mennyezeti, feladati \u00e9s\u00a0<strong><a href=\"https:\/\/ledsteplight.com\/hu\/shop\/\" data-type=\"page\" data-id=\"37447\">padl\u00f3szint\u0171 vil\u00e1g\u00edt\u00e1st<\/a><\/strong>\u00a0dinamikus\u00a0<strong>hangulat<\/strong>\u00a0z\u00f3n\u00e1k l\u00e9trehoz\u00e1s\u00e1hoz.<\/li>\n<\/ul>\n\n\n\n<p>\u201eEgy nemr\u00e9giben k\u00e9sz\u00fclt, a h\u00e1ztervez\u00e9sr\u0151l sz\u00f3l\u00f3 jelent\u00e9s szerint, amelyet a Houzz (2024) k\u00e9sz\u00edtett, t\u00f6bb mint 67% tulajdonos mondta, hogy a vil\u00e1g\u00edt\u00e1s volt a legfontosabb eszk\u00f6z az \u00e9rzelmi komfort megteremt\u00e9s\u00e9ben otthonukban.\u201d<\/p>\n\n\n\n<p>Strat\u00e9giailag telep\u00edtett&nbsp;<strong>be\u00e1gyazott padl\u00f3vil\u00e1g\u00edt\u00e1s telep\u00edt\u00e9se<\/strong>&nbsp;fokozza az \u00e9p\u00edt\u00e9szeti jellemz\u0151ket rendetlens\u00e9g n\u00e9lk\u00fcl. Nem csak a jobb l\u00e1t\u00e1sr\u00f3l sz\u00f3l\u2014hanem arr\u00f3l is, hogy jobban \u00e9rezze mag\u00e1t saj\u00e1t t\u00e9rben. Ak\u00e1r textur\u00e1lt falakat hangs\u00falyoz, ak\u00e1r l\u00e9pcs\u0151 \u00e9l\u00e9t finoman k\u00f6rvonalazza, az okos vil\u00e1g\u00edt\u00e1s megv\u00e1ltoztatja a percepci\u00f3t\u2014\u00e9s ez mindent megv\u00e1ltoztat.<\/p>\n\n\n\n<h3 class=\"wp-block-heading\">Eszt\u00e9tika \u00e9s funkcionalit\u00e1s n\u00f6vel\u00e9se be\u00e1gyazott vil\u00e1g\u00edt\u00e1ssal<\/h3>\n\n\n\n<p>Amikor helyesen van telep\u00edtve, a be\u00e1gyazott padl\u00f3vil\u00e1g\u00edt\u00e1s olyan, mint a belt\u00e9ri design n\u00e9ma h\u0151sei\u2014finomak m\u00e9gis er\u0151sek.<\/p>\n\n\n\n<p>\u2022&nbsp;<strong>Eszt\u00e9tika<\/strong><\/p>\n\n\n\n<ul class=\"wp-block-list\">\n<li>Z\u00f6kken\u0151mentes integr\u00e1ci\u00f3 a padl\u00f3ba tiszta l\u00e1t\u00f3vonalakat biztos\u00edt.<\/li>\n\n\n\n<li>Minimalista profilok modern bels\u0151 tereket emelnek ki.<\/li>\n\n\n\n<li>Anyagokat, mint a k\u0151, kem\u00e9nyfa vagy pol\u00edrozott beton hangs\u00falyoznak.<\/li>\n<\/ul>\n\n\n\n<p>\u2022&nbsp;<strong>Funkcionalit\u00e1s<\/strong><\/p>\n\n\n\n<ul class=\"wp-block-list\">\n<li>Kiv\u00e1l\u00f3 alacsony profil\u00fa terekhez, ahol a hagyom\u00e1nyos l\u00e1mpatestek nem f\u00e9rnek el.<\/li>\n\n\n\n<li>Egyszerre szolg\u00e1l\u00a0<strong>feladatszint\u0171 vil\u00e1g\u00edt\u00e1sk\u00e9nt<\/strong>\u00a0folyos\u00f3kon vagy konyhai l\u00e1bkapukn\u00e1l, valamint gyeng\u00e9d \u00e9jszakai ir\u00e1nyt\u0171k\u00e9nt.<\/li>\n\n\n\n<li>Cs\u00f6kkenti a vak\u00edt\u00e1st, mivel s\u00edkban marad a fel\u00fcletekkel\u2014ide\u00e1lis munkahelyekhez vagy olvas\u00f3sarkokhoz.<\/li>\n<\/ul>\n\n\n\n<p>\u2022 Kett\u0151s funkci\u00f3j\u00fa ragyog\u00e1s<\/p>\n\n\n\n<ul class=\"wp-block-list\">\n<li>Vizu\u00e1lis \u00e9rdekl\u0151d\u00e9st ad, mik\u00f6zben n\u00f6veli a biztons\u00e1got.<\/li>\n\n\n\n<li>T\u00f6k\u00e9letes l\u00e9pcs\u0151k vagy helyis\u00e9gek k\u00f6z\u00f6tti \u00e1tmenetek kiemel\u00e9s\u00e9re.<\/li>\n<\/ul>\n\n\n\n<p>Ez a be\u00e1gyazott t\u00edpus nem kiab\u00e1l \u201en\u00e9zd meg engem\u201d, hanem suttogja a kifinomults\u00e1got. Minden sarkon megvan a maga pillanata an\u00e9lk\u00fcl, hogy helyet foglalna\u2014mert a j\u00f3 design egyenl\u0151 r\u00e9szekben form\u00e1t \u00e9s funkci\u00f3t jelent. Az okos elhelyez\u00e9ssel a be\u00e1gyazott <strong><a href=\"https:\/\/ledsteplight.com\/hu\/shop\/\" data-type=\"page\" data-id=\"37447\">padl\u00f3vil\u00e1g\u00edt\u00e1s<\/a><\/strong> telep\u00edt\u00e9si folyamat, mind a sz\u00e9ps\u00e9get, mind az agyat egy kapcsol\u00f3val kapod meg.<\/p>\n\n\n\n<h3 class=\"wp-block-heading\">Energiahat\u00e9konys\u00e1g: Okos v\u00e1laszt\u00e1s hossz\u00fa t\u00e1v\u00fa megtakar\u00edt\u00e1sokhoz<\/h3>\n\n\n\n<p>Be\u00e9p\u00edtett vil\u00e1g\u00edt\u00e1s nemcsak eleg\u00e1ns\u2014komolyan okos lehet, amikor hossz\u00fa t\u00e1v\u00fa energiafogyaszt\u00e1s cs\u00f6kkent\u00e9s\u00e9r\u0151l van sz\u00f3. \u00cdme, hogyan:<\/p>\n\n\n\n<p>1. l\u00e9p\u00e9s \u2013 V\u00e1lassz LED-alap\u00fa l\u00e1mpatesteket<br>Az LED-ekre val\u00f3 \u00e1tt\u00e9r\u00e9s cs\u00f6kkenti <strong><a href=\"https:\/\/ledsteplight.com\/hu\/dm36b-pro-honeycomb-anti-glare-led-in-ground-light-ip67-24v-dc\/\" class=\"waam-auto-link\" title=\"energiafogyaszt\u00e1st\">energiafogyaszt\u00e1st<\/a><\/strong> 80%-ig. Ezek a izz\u00f3k hosszabb ideig is tartanak\u2014n\u00e9ha t\u00f6bb mint t\u00edz \u00e9vig, miel\u0151tt cser\u00e9re szoruln\u00e1nak.<\/p>\n\n\n\n<p>2. l\u00e9p\u00e9s \u2013 S\u00f6t\u00e9t\u00edthet\u0151 rendszerek telep\u00edt\u00e9se<br>A s\u00f6t\u00e9t\u00edt\u00e9s nemcsak hangulatot \u00e1ll\u00edt be, hanem azonnal cs\u00f6kkenti a watt-ig\u00e9nyt is. P\u00e1ros\u00edtva mozg\u00e1s\u00e9rz\u00e9kel\u0151kkel olyan helyeken, mint a folyos\u00f3k vagy a pinc\u00e9k? Nagyon j\u00f3.<\/p>\n\n\n\n<p>3. l\u00e9p\u00e9s \u2013 Z\u00f3navez\u00e9rl\u0151 rendszerek haszn\u00e1lata<br>Ahelyett, hogy minden l\u00e1mp\u00e1t egyszerre kapcsoln\u00e1l be, oszd fel a teret z\u00f3n\u00e1kra, amelyeket f\u00fcggetlen\u00fcl lehet vez\u00e9relni. \u00cdgy csak azt haszn\u00e1lod, amire val\u00f3ban sz\u00fcks\u00e9ged van\u2014amikor sz\u00fcks\u00e9ged van r\u00e1.<\/p>\n\n\n\n<figure class=\"wp-block-table\"><table class=\"has-fixed-layout\"><thead><tr><th>L\u00e1mpatest t\u00edpusa<\/th><th>\u00c1tlagos wattage<\/th><th>\u00c9lettartam (\u00f3ra)<\/th><th>\u00c9ves k\u00f6lts\u00e9g ($)<\/th><\/tr><\/thead><tbody><tr><td>Izz\u00f3<\/td><td>60W<\/td><td>~1,200<\/td><td>$85<\/td><\/tr><tr><td>CFL<\/td><td>14W<\/td><td>~8,000<\/td><td>$25<\/td><\/tr><tr><td>LED (S\u00f6t\u00e9t\u00edthet\u0151)<\/td><td>10W<\/td><td>~25,000<\/td><td>$12<\/td><\/tr><tr><td>Okos LED + Szenzor<\/td><td>&lt;10W<\/td><td>~30,000+<\/td><td>$9<\/td><\/tr><\/tbody><\/table><\/figure>\n\n\n\n<p>A 2024 m\u00e1sodik negyed\u00e9v\u00e9ben n\u00f6vekv\u0151 elektromos \u00e1rak mellett (Magyarorsz\u00e1g EIA), az \u00e1tgondolt be\u00e9p\u00edtett padl\u00f3l\u00e1mpa telep\u00edt\u00e9s nemcsak st\u00edlusos\u2014strat\u00e9giai is. Cs\u00f6kkented a karbonl\u00e1bnyomodat, mik\u00f6zben \u00e9vente t\u00f6bb sz\u00e1z forintot takar\u00edtasz meg a sz\u00e1ml\u00e1kon. Nyer\u0151 helyzet? Abszol\u00fat.<\/p>\n\n\n\n<h2 class=\"wp-block-heading\">A megfelel\u0151 hely kiv\u00e1laszt\u00e1sa a be\u00e9p\u00edtett l\u00e1mp\u00e1khoz<\/h2>\n\n\n\n<p>Az&nbsp;<strong>be\u00e1gyazott padl\u00f3vil\u00e1g\u00edt\u00e1s telep\u00edt\u00e9se<\/strong>&nbsp;pontosan megfelel\u0151 kiv\u00e1laszt\u00e1sa azzal kezd\u0151dik, hogy megtal\u00e1lod a legjobb helyeket a l\u00e1mp\u00e1id sz\u00e1m\u00e1ra\u2014belt\u00e9ren vagy k\u00fclt\u00e9ren.<\/p>\n\n\n\n<figure class=\"wp-block-image size-full\"><img decoding=\"async\" width=\"849\" height=\"566\" src=\"https:\/\/ledsteplight.com\/wp-content\/uploads\/2026\/01\/installation-guide-cutting-tiles-and-wood-floors-for-recessed-lights-1.jpg\" alt=\"\" class=\"wp-image-38764\" srcset=\"https:\/\/ledsteplight.com\/wp-content\/uploads\/2026\/01\/installation-guide-cutting-tiles-and-wood-floors-for-recessed-lights-1.jpg 849w, https:\/\/ledsteplight.com\/wp-content\/uploads\/2026\/01\/installation-guide-cutting-tiles-and-wood-floors-for-recessed-lights-1-400x267.jpg 400w, https:\/\/ledsteplight.com\/wp-content\/uploads\/2026\/01\/installation-guide-cutting-tiles-and-wood-floors-for-recessed-lights-1-768x512.jpg 768w, https:\/\/ledsteplight.com\/wp-content\/uploads\/2026\/01\/installation-guide-cutting-tiles-and-wood-floors-for-recessed-lights-1-18x12.jpg 18w, https:\/\/ledsteplight.com\/wp-content\/uploads\/2026\/01\/installation-guide-cutting-tiles-and-wood-floors-for-recessed-lights-1-600x400.jpg 600w, https:\/\/ledsteplight.com\/wp-content\/uploads\/2026\/01\/installation-guide-cutting-tiles-and-wood-floors-for-recessed-lights-1-150x100.jpg 150w\" sizes=\"(max-width: 849px) 100vw, 849px\" \/><\/figure>\n\n\n\n<h3 class=\"wp-block-heading\">Kulcsfontoss\u00e1g\u00fa t\u00e9nyez\u0151k a hat\u00e9kony f\u00e9nyelhelyez\u00e9shez<\/h3>\n\n\n\n<ul class=\"wp-block-list\">\n<li><strong>Sufni magass\u00e1ga<\/strong>\u00a0\u00f3ri\u00e1si k\u00fcl\u00f6nbs\u00e9get jelent; magasabb mennyezetekhez sz\u00e9lesebb\u00a0<strong>sug\u00e1rsz\u00f6g<\/strong>\u00a0l\u00e1mpatestek sz\u00fcks\u00e9gesek.<\/li>\n\n\n\n<li>Gondolja \u00e1t, hogyan haszn\u00e1lj\u00e1k a teret\u2014<strong>feladatszint\u0171 vil\u00e1g\u00edt\u00e1sk\u00e9nt<\/strong>\u00a0a konyh\u00e1khoz hangulatvil\u00e1g\u00edt\u00e1s, a t\u00e1rsalg\u00f3khoz pedig \u00e1ltal\u00e1nos vil\u00e1g\u00edt\u00e1s.<\/li>\n\n\n\n<li>Maradjon k\u00f6vetkezetes\u00a0<strong>l\u00e1mpatestek k\u00f6z\u00f6tti t\u00e1vols\u00e1g<\/strong>, k\u00f6r\u00fclbel\u00fcl a mennyezet magass\u00e1g\u00e1nak fele k\u00f6z\u00f6tt\u00fck.<\/li>\n\n\n\n<li>Ne hagyja figyelmen k\u00edv\u00fcl a falak k\u00f6zels\u00e9g\u00e9t; t\u00fal k\u00f6zel, \u00e9s kem\u00e9ny \u00e1rny\u00e9kokat kap.<\/li>\n\n\n\n<li>V\u00e1lasszon meleg vagy hideg t\u00f3nusokat a helyis\u00e9g funkci\u00f3j\u00e1t\u00f3l \u00e9s hangulat\u00e1t\u00f3l f\u00fcgg\u0151en.<\/li>\n<\/ul>\n\n\n\n<p>A f\u00e9nyek elhelyez\u00e9se nemcsak a f\u00e9nyer\u0151r\u0151l sz\u00f3l\u2014ez egy \u00e9lm\u00e9ny megalkot\u00e1s\u00e1r\u00f3l sz\u00f3l.<\/p>\n\n\n\n<h3 class=\"wp-block-heading\">Legjobb gyakorlatok l\u00e9pcs\u0151vil\u00e1g\u00edt\u00e1si projektekhez<\/h3>\n\n\n\n<p>A l\u00e9pcs\u0151k vil\u00e1g\u00edt\u00e1sa nemcsak eszt\u00e9tikai k\u00e9rd\u00e9s\u2014biztons\u00e1gi szempontb\u00f3l is fontos.<\/p>\n\n\n\n<ol class=\"wp-block-list\">\n<li>Haszn\u00e1ljon alacsony profil\u00fa\u00a0<strong>be\u00e9p\u00edtett szerelv\u00e9nyek<\/strong>\u00a0l\u00e1mp\u00e1kat k\u00f6zvetlen\u00fcl a l\u00e9pcs\u0151fokok f\u00f6l\u00f6tt vagy a falak ment\u00e9n.<\/li>\n\n\n\n<li>Els\u0151dleges a kiegyens\u00falyozott\u00a0<strong>l\u00e9pcs\u0151fok vil\u00e1g\u00edt\u00e1s<\/strong>, elker\u00fclve a forr\u00f3 pontokat vagy s\u00f6t\u00e9t foltokat.<\/li>\n\n\n\n<li>Tartsa a f\u00e9nyt a l\u00e1t\u00f3vonalon k\u00edv\u00fcl, enyh\u00e9n lefel\u00e9 ir\u00e1ny\u00edtva a l\u00e1mp\u00e1kat.<\/li>\n\n\n\n<li>Pr\u00f3b\u00e1ljon ki egy finom\u00a0<strong>falmos\u00f3<\/strong>\u00a0technik\u00e1t, ha az eszt\u00e9tika ugyanolyan fontos, mint a funkci\u00f3.<\/li>\n\n\n\n<li>Mindig tesztelje \u00e9jszaka, miel\u0151tt v\u00e9gleges\u00edten\u00e9 a helyet \u2014 meglep\u0151, milyen \u00e1rny\u00e9kok jelennek meg.<\/li>\n<\/ol>\n\n\n\n<p>Ezek a kis m\u00f3dos\u00edt\u00e1sok mindent megv\u00e1ltoztatnak a l\u00e9pcs\u0151biztons\u00e1g \u00e9s st\u00edlus szempontj\u00e1b\u00f3l.<\/p>\n\n\n\n<h3 class=\"wp-block-heading\">T\u00e1jvil\u00e1g\u00edt\u00e1si telep\u00edt\u00e9sek optimaliz\u00e1l\u00e1sa a maxim\u00e1lis hat\u00e1s \u00e9rdek\u00e9ben<\/h3>\n\n\n\n<p>Hagyja, hogy udvara s\u00f6t\u00e9ted\u00e9s ut\u00e1n is ragyogjon, az alakot a funkci\u00f3val \u00f6tv\u00f6zve:<\/p>\n\n\n\n<figure class=\"wp-block-image size-full\"><img decoding=\"async\" width=\"696\" height=\"696\" src=\"https:\/\/ledsteplight.com\/wp-content\/uploads\/2026\/01\/installation-guide-cutting-tiles-and-wood-floors-for-recessed-lights-2.jpg\" alt=\"\" class=\"wp-image-38765\" srcset=\"https:\/\/ledsteplight.com\/wp-content\/uploads\/2026\/01\/installation-guide-cutting-tiles-and-wood-floors-for-recessed-lights-2.jpg 696w, https:\/\/ledsteplight.com\/wp-content\/uploads\/2026\/01\/installation-guide-cutting-tiles-and-wood-floors-for-recessed-lights-2-300x300.jpg 300w, https:\/\/ledsteplight.com\/wp-content\/uploads\/2026\/01\/installation-guide-cutting-tiles-and-wood-floors-for-recessed-lights-2-150x150.jpg 150w, https:\/\/ledsteplight.com\/wp-content\/uploads\/2026\/01\/installation-guide-cutting-tiles-and-wood-floors-for-recessed-lights-2-12x12.jpg 12w, https:\/\/ledsteplight.com\/wp-content\/uploads\/2026\/01\/installation-guide-cutting-tiles-and-wood-floors-for-recessed-lights-2-600x600.jpg 600w\" sizes=\"(max-width: 696px) 100vw, 696px\" \/><\/figure>\n\n\n\n<p>\u2022 Haszn\u00e1ljon ir\u00e1ny\u00edtott\u00a0<strong><strong><a href=\"https:\/\/ledsteplight.com\/hu\/decoration\/\" class=\"waam-auto-link\" title=\"kiemel\u0151 vil\u00e1g\u00edt\u00e1ssal\">kiemel\u0151 vil\u00e1g\u00edt\u00e1ssal<\/a><\/strong><\/strong>\u00a0f\u00e1kon, szobrokon vagy textur\u00e1lt fel\u00fcleteken, mint p\u00e9ld\u00e1ul k\u0151falak.<br>\u2022 R\u00e9tegezzen t\u00f6bb t\u00edpust: kombin\u00e1ljon l\u00e1gy\u00a0<strong>j\u00e1rdavil\u00e1g\u00edt\u00e1s<\/strong>, sz\u00e9les l\u00e1t\u00f3sz\u00f6g\u0171 reflektorokat \u00e9s f\u00f3kusz\u00e1lt fel\u00fcln\u00e9z\u0151 l\u00e1mp\u00e1kat.<br>\u2022 V\u00edz\u00e1ll\u00f3 legyen\u2014mindig v\u00e1lasszon<a href=\"https:\/\/ledsteplight.com\/hu\/zb17070-a-led-in-ground-light-ip65-landscape\/\" data-type=\"product\" data-id=\"38079\"> IP65<\/a>+ besorol\u00e1s\u00fa l\u00e1mpatesteket k\u00fclt\u00e9ri haszn\u00e1latra nedves ter\u00fcleteken.<br>\u2022 Gondoljon a biztons\u00e1gra is\u2014mozg\u00e1s\u00e9rz\u00e9kel\u0151s\u00a0<strong>biztons\u00e1gi vil\u00e1g\u00edt\u00e1s<\/strong>\u00a0k\u00f6zel a bej\u00e1ratokhoz, ami nyugalmat ad an\u00e9lk\u00fcl, hogy rontan\u00e1 a hangulatot.<\/p>\n\n\n\n<p>A kertet v\u00e1szonk\u00e9nt kezelve, a be\u00e9p\u00edtett padl\u00f3l\u00e1mpa telep\u00edt\u00e9se t\u00f6bb lesz, mint hasznos\u00edt\u00e1s\u2014m\u0171v\u00e9szett\u00e9 v\u00e1lik.<\/p>\n\n\n\n<h3 class=\"wp-block-heading\">T\u00e9rm\u00e9retek \u00e9s f\u00e9nyeloszl\u00e1s \u00e9rt\u00e9kel\u00e9se<\/h3>\n\n\n\n<p>A megfelel\u0151 elrendez\u00e9s azzal kezd\u0151dik, hogy meg\u00e9rtj\u00fck a teret\u2014\u00e9s igen, itt sz\u00e1m\u00edtanak a sz\u00e1mok.<\/p>\n\n\n\n<figure class=\"wp-block-table\"><table class=\"has-fixed-layout\"><thead><tr><th>Szoba t\u00edpusa<\/th><th>Javasolt Lumen Kimenet<\/th><th>F\u00e9nycs\u00f3va Sz\u00f6g<\/th><th>F\u00e9nyforr\u00e1s Sz\u00e1m 100 n\u00e9gyzetm\u00e9terenk\u00e9nt<\/th><\/tr><\/thead><tbody><tr><td>Nappali<\/td><td>1500\u20133000 lumen<\/td><td>60\u00b0\u201390\u00b0<\/td><td>4\u20136<\/td><\/tr><tr><td>Konyha<\/td><td>3000\u20134000 lumen<\/td><td>40\u00b0\u201360\u00b0<\/td><td>6\u20138<\/td><\/tr><tr><td>El\u0151szoba<\/td><td>~1200 lumen<\/td><td>Sz\u00e9les (~90\u00b0)<\/td><td>2\u20134<\/td><\/tr><tr><td>F\u00fcrd\u0151szoba<\/td><td>~2000 lumen<\/td><td>K\u00f6zepes (~60\u00b0)<\/td><td>4<\/td><\/tr><\/tbody><\/table><\/figure>\n\n\n\n<p>Mindig az adott mennyezeti magass\u00e1g \u00e9s a k\u00edv\u00e1nt hangulat szerint \u00e1ll\u00edtsa be\u2014nem k\u00f6t\u00f6tt a megadott \u00e9rt\u00e9kekhez, de j\u00f3 kiindul\u00f3pontot jelentenek b\u00e1rmilyen be\u00e9p\u00edtett padl\u00f3f\u00e9ny telep\u00edt\u00e9si projekt tervez\u00e9sekor.<\/p>\n\n\n\n<h2 class=\"wp-block-heading\">5 l\u00e9p\u00e9s a csemp\u00e9k v\u00e1g\u00e1s\u00e1hoz be\u00e9p\u00edtett vil\u00e1g\u00edt\u00e1sokhoz<\/h2>\n\n\n\n<p>A csemp\u00e9k tiszta v\u00e1g\u00e1sa be\u00e9p\u00edtett vil\u00e1g\u00edt\u00e1shoz nem kell, hogy neh\u00e9z legyen. Vegy\u00fck \u00e1t l\u00e9p\u00e9sr\u0151l l\u00e9p\u00e9sre, hogy a csempe munk\u00e1d profi szint\u0171 legyen m\u00e1r az elej\u00e9n.<\/p>\n\n\n\n<figure class=\"wp-block-image size-full\"><img decoding=\"async\" width=\"696\" height=\"696\" src=\"https:\/\/ledsteplight.com\/wp-content\/uploads\/2026\/01\/installation-guide-cutting-tiles-and-wood-floors-for-recessed-lights-3.jpg\" alt=\"\" class=\"wp-image-38766\" srcset=\"https:\/\/ledsteplight.com\/wp-content\/uploads\/2026\/01\/installation-guide-cutting-tiles-and-wood-floors-for-recessed-lights-3.jpg 696w, https:\/\/ledsteplight.com\/wp-content\/uploads\/2026\/01\/installation-guide-cutting-tiles-and-wood-floors-for-recessed-lights-3-300x300.jpg 300w, https:\/\/ledsteplight.com\/wp-content\/uploads\/2026\/01\/installation-guide-cutting-tiles-and-wood-floors-for-recessed-lights-3-150x150.jpg 150w, https:\/\/ledsteplight.com\/wp-content\/uploads\/2026\/01\/installation-guide-cutting-tiles-and-wood-floors-for-recessed-lights-3-12x12.jpg 12w, https:\/\/ledsteplight.com\/wp-content\/uploads\/2026\/01\/installation-guide-cutting-tiles-and-wood-floors-for-recessed-lights-3-600x600.jpg 600w\" sizes=\"(max-width: 696px) 100vw, 696px\" \/><\/figure>\n\n\n\n<h3 class=\"wp-block-heading\">Alapvet\u0151 eszk\u00f6z\u00f6k prec\u00edz v\u00e1g\u00e1shoz<\/h3>\n\n\n\n<p>Az t\u00f6k\u00e9letes el\u00e9r\u00e9s\u00e9hez&nbsp;<strong>be\u00e1gyazott padl\u00f3vil\u00e1g\u00edt\u00e1s telep\u00edt\u00e9se<\/strong>, t\u00f6bb mint csak k\u00f6ny\u00f6k\u00f6s er\u0151fesz\u00edt\u00e9s sz\u00fcks\u00e9ges. Itt az eszk\u00f6zt\u00e1rad:<\/p>\n\n\n\n<p><strong>V\u00e1g\u00e1si \u00e9s f\u00far\u00e1si alapfelszerel\u00e9sek<\/strong><\/p>\n\n\n\n<ul class=\"wp-block-list\">\n<li><strong>Gy\u00e9m\u00e1nt lyukf\u0171r\u00e9sz<\/strong>\u00a0\u2013 A sima k\u00f6r alak\u00fa v\u00e1g\u00e1sokhoz, amelyek nem repesztik a csempe sz\u00e9l\u00e9t.<\/li>\n\n\n\n<li><strong>F\u00far\u00f3<\/strong>\u00a0\u2013 Lehet\u0151leg v\u00e1ltoz\u00f3 fordulatsz\u00e1m\u00fa, hogy p\u00e1ros\u00edthat\u00f3 legyen a lyukf\u0171r\u00e9sz vagy magf\u00far\u00f3val.<\/li>\n\n\n\n<li><strong>Jigsaw<\/strong>\u00a0\u2013 Ker\u00e1mia peng\u00e9vel, ha bonyolult sz\u00f6gekkel vagy k\u00fcl\u00f6nleges form\u00e1kkal dolgozol.<\/li>\n<\/ul>\n\n\n\n<p><strong>M\u00e9r\u00e9si \u00e9s jel\u00f6l\u00e9si alapvet\u0151 eszk\u00f6z\u00f6k<\/strong><\/p>\n\n\n\n<ul class=\"wp-block-list\">\n<li><strong>Rejtett vil\u00e1g\u00edt\u00e1s sablon<\/strong>\u00a0\u2013 Gyors\u00edtja a elrendez\u00e9st \u00e9s egys\u00e9ges v\u00e1g\u00e1sokat biztos\u00edt a csemp\u00e9k k\u00f6z\u00f6tt.<\/li>\n\n\n\n<li><strong>M\u00e9r\u0151szalag<\/strong>\u00a0\u2013 A pontoss\u00e1g itt kevesebb k\u00e9s\u0151bbi hullad\u00e9kot jelent a csemp\u00e9kb\u0151l.<\/li>\n<\/ul>\n\n\n\n<p><strong>Befejez\u0151 \u00e9s biztons\u00e1gi felszerel\u00e9sek<\/strong><\/p>\n\n\n\n<ul class=\"wp-block-list\">\n<li><strong>Csempefog\u00f3<\/strong>\u00a0\u2013 A sz\u0171k sarkok vagy szab\u00e1lytalan ny\u00edl\u00e1sok finomhangol\u00e1s\u00e1hoz.<\/li>\n\n\n\n<li><strong>Biztons\u00e1gi szem\u00fcveg<\/strong>\u00a0\u2013 K\u00f6telez\u0151 v\u00e1g\u00e1s k\u00f6zben, amikor szil\u00e1nkok rep\u00fclnek.<\/li>\n<\/ul>\n\n\n\n<p>A Tile Council of North America 2024-es friss\u00edt\u00e9se szerint t\u00f6bb mint 78% sikertelen csempefelrak\u00e1s t\u00f6rt\u00e9nt rejtett vil\u00e1g\u00edt\u00e1s eset\u00e9n, ami a nem megfelel\u0151 lyukm\u00e9ret vagy eszk\u00f6zhib\u00e1k miatt volt \u2013 ne sp\u00f3rolj a min\u0151s\u00e9gi felszerel\u00e9seken.<\/p>\n\n\n\n<h3 class=\"wp-block-heading\">Professzion\u00e1lis tippek tiszta \u00e9s biztons\u00e1gos v\u00e1g\u00e1shoz<\/h3>\n\n\n\n<p>Tiszta v\u00e1g\u00e1sokat szeretne reped\u00e9smentes csemp\u00e9ken? K\u00f6vesse ezeket a val\u00f3 \u00e9letbeli tippeket a s\u00fcllyesztett vil\u00e1g\u00edt\u00e1s telep\u00edt\u00e9sekor <a href=\"https:\/\/ledsteplight.com\/hu\/shop\/\" data-type=\"page\" data-id=\"37447\">padl\u00f3vil\u00e1g\u00edt\u00e1sok<\/a>:<\/p>\n\n\n\n<p>\u2022 Mindig kezdje azzal, hogy k\u00e9tszer ellen\u0151rzi a sablon elhelyez\u00e9s\u00e9t egy&nbsp;<strong>pontos m\u00e9r\u00e9s<\/strong>, k\u00fcl\u00f6n\u00f6sen, ha mint\u00e1zott csempe elrendez\u00e9sekkel dolgozik.<\/p>\n\n\n\n<p>\u2022 Haszn\u00e1ljon maszkol\u00f3szalagot a v\u00e1g\u00e1si vonal felett, miel\u0151tt pr\u00f3bav\u00e1g\u00e1sokat k\u00e9sz\u00edt \u2013 ez seg\u00edt megel\u0151zni a fel\u00fcleti reped\u00e9seket \u00e9s a cs\u00fasz\u00f3 f\u00far\u00f3fejeket.<\/p>\n\n\n\n<p>\u2022 Ha sz\u00e1razon v\u00e1g, ir\u00e1ny\u00edtsa a leveg\u0151ben l\u00e9v\u0151 t\u00f6rmel\u00e9ket egy m\u0171helyporsz\u00edv\u00f3 csatlakoz\u00f3val; m\u00e9g jobb, ha lehet\u0151s\u00e9g szerint&nbsp;<strong>nedves v\u00e1g\u00e1si<\/strong>&nbsp;be\u00e1ll\u00edt\u00e1st alkalmaz \u2013 ez h\u0171ti a peng\u00e9t \u00e9s gyorsan cs\u00f6kkenti a por mennyis\u00e9g\u00e9t.<\/p>\n\n\n\n<p>\u2022 V\u00e1lassza ki a megfelel\u0151 peng\u00e9t: a porcel\u00e1nhoz folyamatos peremes gy\u00e9m\u00e1ntpeng\u00e9t kell haszn\u00e1lni; a puh\u00e1bb ker\u00e1mi\u00e1khoz szegment\u00e1ltakat \u2013 itt a megfelel\u0151&nbsp;<strong>pengev\u00e1laszt\u00e1s<\/strong>&nbsp;a legfontosabb.<\/p>\n\n\n\n<p>\u2022 Dolgozzon lassan \u00e9s \u00f3vatosan \u2013 a siet\u00e9s \u00e9leket t\u00f6rhet vagy m\u00e9g rosszabb, \u00f6sszet\u00f6rheti a csemp\u00e9ket. Tartsa alacsonyan a sebess\u00e9get, \u00e9s hagyja, hogy az eszk\u00f6z v\u00e9gezze a dolg\u00e1t (<strong>lass\u00fa v\u00e1g\u00e1si sebess\u00e9g<\/strong>) ez itt a kulcs.<\/p>\n\n\n\n<p>\u00c9s ne feledkezzen meg a biztons\u00e1gr\u00f3l: viseljen keszty\u0171t, szem\u00fcveget. Senki sem akar szombat este s\u00fcrg\u0151ss\u00e9gi ell\u00e1t\u00e1sban t\u00f6lteni, mert kihagyta az alapvet\u0151&nbsp;<strong>biztons\u00e1gi \u00f3vint\u00e9zked\u00e9seket<\/strong>&nbsp;a DIY telep\u00edt\u00e9s sor\u00e1n.<\/p>\n\n\n\n<p>Ezeknek a tippeknek a k\u00f6vet\u00e9s\u00e9vel \u2013 \u00e9s megb\u00edzhat\u00f3 m\u00e1rk\u00e1k, p\u00e9ld\u00e1ul Mg Lights haszn\u00e1lat\u00e1val \u2013 b\u00e1rmilyen s\u00fcllyesztett vil\u00e1g\u00edt\u00e1si projektet olyan dologg\u00e1 alak\u00edthat, amit meg\u00e9ri megmutatni vacsorapartikon.<\/p>\n\n\n\n<h2 class=\"wp-block-heading\">Gyakori hib\u00e1k a s\u00fcllyesztett vil\u00e1g\u00edt\u00e1si telep\u00edt\u00e9s sor\u00e1n<\/h2>\n\n\n\n<p>M\u00e9g tapasztalt bark\u00e1csol\u00f3k is elrontj\u00e1k a be\u00e9p\u00edtett padl\u00f3l\u00e1mp\u00e1k telep\u00edt\u00e9s\u00e9t. \u00cdme, hogyan ker\u00fcld el a szok\u00e1sos hib\u00e1kat, \u00e9s tedd z\u00f6kken\u0151mentess\u00e9 \u00e9s biztons\u00e1goss\u00e1 a vil\u00e1g\u00edt\u00e1si projektedet.<\/p>\n\n\n\n<figure class=\"wp-block-image size-full\"><img decoding=\"async\" width=\"696\" height=\"696\" src=\"https:\/\/ledsteplight.com\/wp-content\/uploads\/2026\/01\/installation-guide-cutting-tiles-and-wood-floors-for-recessed-lights-4.jpg\" alt=\"\" class=\"wp-image-38767\" srcset=\"https:\/\/ledsteplight.com\/wp-content\/uploads\/2026\/01\/installation-guide-cutting-tiles-and-wood-floors-for-recessed-lights-4.jpg 696w, https:\/\/ledsteplight.com\/wp-content\/uploads\/2026\/01\/installation-guide-cutting-tiles-and-wood-floors-for-recessed-lights-4-300x300.jpg 300w, https:\/\/ledsteplight.com\/wp-content\/uploads\/2026\/01\/installation-guide-cutting-tiles-and-wood-floors-for-recessed-lights-4-150x150.jpg 150w, https:\/\/ledsteplight.com\/wp-content\/uploads\/2026\/01\/installation-guide-cutting-tiles-and-wood-floors-for-recessed-lights-4-12x12.jpg 12w, https:\/\/ledsteplight.com\/wp-content\/uploads\/2026\/01\/installation-guide-cutting-tiles-and-wood-floors-for-recessed-lights-4-600x600.jpg 600w\" sizes=\"(max-width: 696px) 100vw, 696px\" \/><\/figure>\n\n\n\n<h3 class=\"wp-block-heading\">A megfelel\u0151 elektromos vezet\u00e9kcsatlakoz\u00e1sok figyelmen k\u00edv\u00fcl hagy\u00e1sa<\/h3>\n\n\n\n<p>\u2022 Laza&nbsp;<strong>elektromos vezet\u00e9k<\/strong>&nbsp;vezethet villog\u00f3 f\u00e9nyekhez vagy, m\u00e9g rosszabb, r\u00f6vidz\u00e1rlathoz.<br>\u2022 Mindig ellen\u0151rizd k\u00e9tszer, hogy&nbsp;<strong>vezet\u00e9kcsatlakoz\u00f3k<\/strong>&nbsp;biztosan r\u00f6gz\u00edtve vannak\u2014nem szabad, hogy szabadon l\u00e1tsz\u00f3djon r\u00e9z.<br>\u2022 Csak UL-list\u00e1zott csatlakoz\u00f3kat haszn\u00e1lj; ne b\u00edzz az olcs\u00f3 m\u00e1solatokban.<\/p>\n\n\n\n<ol class=\"wp-block-list\">\n<li>V\u00e1gd tiszt\u00e1n a vezet\u00e9keket\u2014szakadt v\u00e9gek nem megengedettek.<\/li>\n\n\n\n<li>Helyesen p\u00e1ros\u00edtsd a sz\u00ednk\u00f3dokat (fekete a feket\u00e9hez, feh\u00e9r a feh\u00e9rhez).<\/li>\n\n\n\n<li>Teszteld a k\u00f6rt egy fesz\u00fclts\u00e9gm\u00e9r\u0151vel, miel\u0151tt \u00e1ram al\u00e1 helyezn\u00e9d.<\/li>\n<\/ol>\n\n\n\n<p>\u2192 Egyetlen gyenge&nbsp;<strong>kapcsolat<\/strong>&nbsp;id\u0151vel h\u0151felhalmoz\u00f3d\u00e1st okozhat, ami t\u00fczet vagy meghib\u00e1sod\u00e1st vesz\u00e9lyeztet.<\/p>\n\n\n\n<p>Ha be\u00e9p\u00edtett l\u00e1mp\u00e1kat telep\u00edtesz kem\u00e9nyfa vagy csempe padl\u00f3kba, az utols\u00f3 dolog, amit szeretn\u00e9l, egy elektromos szellem, ami a l\u00e1bad alatt rejt\u0151zik. Megfelel\u0151&nbsp;<strong>f\u00f6ldel\u00e9si<\/strong>, teljes&nbsp;<strong>szigetel\u00e9s<\/strong>, \u00e9s a helyi&nbsp;<strong>elektromos szabv\u00e1nyok<\/strong>&nbsp;minden k\u00fcl\u00f6nbs\u00e9get jelent egy hib\u00e1tlan telep\u00edt\u00e9s \u00e9s a t\u0171zolt\u00f3s\u00e1g h\u00edv\u00e1sa k\u00f6z\u00f6tt.<\/p>\n\n\n\n<h3 class=\"wp-block-heading\">A nem megfelel\u0151 kapcsol\u00f3szekr\u00e9ny m\u00e9retek kiv\u00e1laszt\u00e1sa<\/h3>\n\n\n\n<p>\u2022 T\u00fal kicsi haszn\u00e1lata&nbsp;<strong>csatlakoz\u00f3 dobozt<\/strong>? Ez t\u00falmeleged\u00e9si probl\u00e9m\u00e1kat okozhat k\u00e9s\u0151bb.<br>\u2022 Ismerje meg a vezet\u00e9kek sz\u00e1m\u00e1t\u2014minden vezet\u0151 helyet foglal az NEC szab\u00e1lyai szerint&nbsp;<strong>doboz megt\u00f6lt\u00e9se<\/strong>&nbsp;szab\u00e1lyok szerint.<\/p>\n\n\n\n<p>K\u00e9rd\u00e9sek szerint csoportos\u00edtva:<\/p>\n\n\n\n<p>\u2013 M\u00e9ret: V\u00e1lasszon legal\u00e1bb 18 k\u00f6bcolos \u00e9rt\u00e9kel\u00e9s\u0171 dobozokat alap telep\u00edt\u00e9sekhez t\u00f6bb vezet\u0151vel.<br>\u2013 T\u00e9rfogat: Adj hozz\u00e1 extra helyet, ha k\u00e9s\u0151bb dimmereket vagy okos vez\u00e9rl\u0151ket csatlakoztat.<br>\u2013 Kompatibilit\u00e1s: Egyeztesse a doboz m\u00e9ret\u00e9t a l\u00e1mpatest m\u00e9lys\u00e9g\u00e9vel \u00e9s a mennyezet vagy padl\u00f3 rekeszter\u00e9vel.<\/p>\n\n\n\n<p>Amikor be\u00e9p\u00edtett <strong><a href=\"https:\/\/ledsteplight.com\/hu\/uncategorized\/\" class=\"waam-auto-link\" title=\"padl\u00f3vil\u00e1g\u00edt\u00e1si l\u00e1mpatesteket\">padl\u00f3vil\u00e1g\u00edt\u00e1si l\u00e1mpatesteket<\/a><\/strong>telep\u00edt, nem csak arr\u00f3l van sz\u00f3, hogy illeszkedjenek\u2014hanem arr\u00f3l, hogy hossz\u00fa t\u00e1von biztons\u00e1gosak legyenek.<\/p>\n\n\n\n<p>\u201eAz NFPA 2024-es Villamos Biztons\u00e1gi Jelent\u00e9se szerint t\u00f6bb mint 30% lakoss\u00e1gi elektromos t\u0171z keletkezik t\u00falterhelt vagy alulm\u00e9retezett dobozokb\u00f3l.\u201d Ez az adat \u00f6nmag\u00e1ban is elgondolkodtat\u00f3, miel\u0151tt vezet\u00e9keket nyomunk egy alulm\u00e9retezett h\u00e1zba.<\/p>\n\n\n\n<h3 class=\"wp-block-heading\">A UL Biztons\u00e1gi Tan\u00fas\u00edtv\u00e1ny Megfelel\u0151s\u00e9g figyelmen k\u00edv\u00fcl hagy\u00e1sa<\/h3>\n\n\n\n<p>\u2610 Elker\u00fclve a&nbsp;<strong>UL tan\u00fas\u00edtv\u00e1ny ellen\u0151rz\u00e9s\u00e9t<\/strong>? Ez kock\u00e1zatot jelent\u2014\u00e9s esetleg \u00e9rv\u00e9nytelen\u00edtheti a biztos\u00edt\u00e1si fedezetet is.<\/p>\n\n\n\n<p>\u2937 Keresse a \u201eUL Listed\u201d feliratot egy\u00e9rtelm\u0171en a term\u00e9k csomagol\u00e1s\u00e1n vagy k\u00f6zvetlen\u00fcl a be\u00e9p\u00edtett padl\u00f3vil\u00e1g\u00edt\u00e1si k\u00e9szlet f\u00e9mb\u0151l k\u00e9sz\u00fclt alkatr\u00e9szein.<\/p>\n\n\n\n<p>R\u00f6vid megjegyz\u00e9sek:<\/p>\n\n\n\n<p>\u2014 A UL biztos\u00edtja, hogy a term\u00e9kek megfeleljenek a nemzeti&nbsp;<strong>biztons\u00e1gi szabv\u00e1nyok<\/strong>, k\u00fcl\u00f6n\u00f6sen magas kock\u00e1zat\u00fa telep\u00edt\u00e9sekhez, mint p\u00e9ld\u00e1ul padl\u00f3 alatti vil\u00e1g\u00edt\u00e1s, ahol a nedvess\u00e9g \u00e9s a gyalogos forgalom t\u00e9nyez\u0151k.<br>\u2014 Ker\u00fclje az off-brand importokat megfelel\u0151 tesztel\u00e9s n\u00e9lk\u00fcl\u2014hi\u00e1nyozhatnak bel\u0151l\u00fck alapvet\u0151 t\u0171z\u00e1ll\u00f3 bevonatok vagy \u00fct\u00e9sv\u00e9d\u0151 r\u00e9tegek.<\/p>\n\n\n\n<p>A padl\u00f3 al\u00e1 szerelt vil\u00e1g\u00edt\u00e1s nagyobb ig\u00e9nybev\u00e9telnek van kit\u00e9ve, mint a mennyezeti l\u00e1mp\u00e1k\u2014foly\u00e9kony anyagokt\u00f3l a b\u00fatorok karcol\u00e1s\u00e1ig\u2014ami miatt a megfelel\u0151&nbsp;<strong>megfelel\u0151s\u00e9g<\/strong>&nbsp;nem alkuk\u00e9rd\u00e9s, ha nyugalomra \u00e9s szabv\u00e1ny szerinti j\u00f3v\u00e1hagy\u00e1sra v\u00e1gyik.<\/p>\n\n\n\n<p>Ak\u00e1r r\u00e9gi h\u00e1zak fel\u00faj\u00edt\u00e1s\u00e1r\u00f3l, ak\u00e1r \u00faj \u00e9p\u00edt\u00e9sek felszerel\u00e9s\u00e9r\u0151l van sz\u00f3, a Mg Lights tan\u00fas\u00edtott term\u00e9keket k\u00edn\u00e1l, amelyek megk\u00f6nny\u00edtik a be\u00e9p\u00edtett padl\u00f3 vil\u00e1g\u00edt\u00e1s telep\u00edt\u00e9s\u00e9t an\u00e9lk\u00fcl, hogy a biztons\u00e1g vagy a st\u00edlus kompromisszumot szenvedne.<\/p>\n\n\n\n<h2 class=\"wp-block-heading\">A LED-es be\u00e9p\u00edtett padl\u00f3 vil\u00e1g\u00edt\u00e1s el\u0151nyei<\/h2>\n\n\n\n<p>A LED-es be\u00e9p\u00edtett padl\u00f3 vil\u00e1g\u00edt\u00e1s nemcsak eleg\u00e1ns kin\u00e9zet\u00e9r\u0151l sz\u00f3l\u2014tele van okos el\u0151ny\u00f6kkel. Az energia megtakar\u00edt\u00e1s\u00e1t\u00f3l a csillog\u00e1s cs\u00f6kkent\u00e9s\u00e9ig, az \u00e9letmin\u0151s\u00e9g jav\u00edt\u00e1s\u00e1ra k\u00e9sz\u00fclt.<\/p>\n\n\n\n<figure class=\"wp-block-image size-full\"><img decoding=\"async\" width=\"696\" height=\"696\" src=\"https:\/\/ledsteplight.com\/wp-content\/uploads\/2026\/01\/installation-guide-cutting-tiles-and-wood-floors-for-recessed-lights-5.jpg\" alt=\"\" class=\"wp-image-38768\" srcset=\"https:\/\/ledsteplight.com\/wp-content\/uploads\/2026\/01\/installation-guide-cutting-tiles-and-wood-floors-for-recessed-lights-5.jpg 696w, https:\/\/ledsteplight.com\/wp-content\/uploads\/2026\/01\/installation-guide-cutting-tiles-and-wood-floors-for-recessed-lights-5-300x300.jpg 300w, https:\/\/ledsteplight.com\/wp-content\/uploads\/2026\/01\/installation-guide-cutting-tiles-and-wood-floors-for-recessed-lights-5-150x150.jpg 150w, https:\/\/ledsteplight.com\/wp-content\/uploads\/2026\/01\/installation-guide-cutting-tiles-and-wood-floors-for-recessed-lights-5-12x12.jpg 12w, https:\/\/ledsteplight.com\/wp-content\/uploads\/2026\/01\/installation-guide-cutting-tiles-and-wood-floors-for-recessed-lights-5-600x600.jpg 600w\" sizes=\"(max-width: 696px) 100vw, 696px\" \/><\/figure>\n\n\n\n<h3 class=\"wp-block-heading\">Energiahat\u00e9kony LED-technol\u00f3gia: El\u0151ny\u00f6k \u00e1ttekint\u00e9se<\/h3>\n\n\n\n<ul class=\"wp-block-list\">\n<li><strong>Alacsonyabb energiafogyaszt\u00e1s<\/strong>\u00a0jelenti, hogy az elektromos sz\u00e1ml\u00e1ja nem fog megugrani m\u00e9g \u00f3r\u00e1kon \u00e1t tart\u00f3 haszn\u00e1lat eset\u00e9n sem.<\/li>\n\n\n\n<li><strong>Magas lumen per watt<\/strong>\u00a0biztos\u00edtja a f\u00e9nyes kimenetet an\u00e9lk\u00fcl, hogy energiaforr\u00e1st pazarolna.<\/li>\n\n\n\n<li><strong>Fenntarthat\u00f3s\u00e1g<\/strong>\u00a0be van \u00e9p\u00edtve\u2014kevesebb hullad\u00e9k \u00e9s kevesebb kibocs\u00e1t\u00e1s hossz\u00fa t\u00e1von.<\/li>\n<\/ul>\n\n\n\n<ol class=\"wp-block-list\">\n<li>A halog\u00e9nr\u0151l LED-re v\u00e1lt\u00e1s ak\u00e1r 75%-os energia-megtakar\u00edt\u00e1st eredm\u00e9nyezhet a vil\u00e1g\u00edt\u00e1sban.<\/li>\n\n\n\n<li>Hat\u00e9konys\u00e1guknak k\u00f6sz\u00f6nhet\u0151en a LED-ek cs\u00f6kkentik a h\u0151termel\u00e9st\u2014kiv\u00e1l\u00f3ak sz\u0171k helyeken, mint p\u00e9ld\u00e1ul padl\u00f3 alatti r\u00e9szek.<\/li>\n\n\n\n<li>Kevesebb h\u0151 ugyanakkor kevesebb terhel\u00e9st jelent a h\u0171t\u0151rendszerek sz\u00e1m\u00e1ra.<\/li>\n<\/ol>\n\n\n\n<p>\u2022 Minden watt\u00e9rt t\u00f6bb f\u00e9nyt kapsz\u2014sz\u00f3 szerint. Ez az, ami\u00e9rt ezek a l\u00e1mp\u00e1k mind k\u00f6rnyezetbar\u00e1tok, mind k\u00f6lts\u00e9gmegtakar\u00edt\u00f3k.<\/p>\n\n\n\n<p>A be\u00e9p\u00edtett padl\u00f3 vil\u00e1g\u00edt\u00e1sban haszn\u00e1lt LED-ek kiv\u00e1l\u00f3 kombin\u00e1ci\u00f3t k\u00edn\u00e1lnak: magas f\u00e9nyer\u0151, alacsony&nbsp;<strong>energiafogyaszt\u00e1st<\/strong>, \u00e9s komoly&nbsp;<strong>az energiahat\u00e9konys\u00e1got<\/strong>. Ak\u00e1r egy folyos\u00f3t vil\u00e1g\u00edt meg, ak\u00e1r l\u00e9pcs\u0151fokokat hangs\u00falyoz, ezt b\u0171ntudat vagy pazarl\u00e1s n\u00e9lk\u00fcl teszed.<\/p>\n\n\n\n<h3 class=\"wp-block-heading\">Hossz\u00fa \u00e9lettartam\u00fa f\u00e9nyforr\u00e1sok: K\u00f6lts\u00e9ghat\u00e9kony megold\u00e1s<\/h3>\n\n\n\n<p>\u2022 \u00c1tlagos \u00e9lettartam? T\u00f6bb mint 25 000 \u00f3ra\u2014\u00e9s n\u00e9h\u00e1ny modell t\u00fal is l\u00e9pi az 50 000 \u00f3r\u00e1t. \u2022 Ez \u00e9vekig tart\u00f3 haszn\u00e1lat, miel\u0151tt cser\u00e9re ker\u00fclne sor. \u2022 Nincs vibr\u00e1l\u00e1s az \u00e9let sor\u00e1n; csak stabil teljes\u00edtm\u00e9ny v\u00e9gig.<\/p>\n\n\n\n<p>R\u00f6videbb \u00e9lettartam\u00fa izz\u00f3k kezdetben sp\u00f3rolhatnak, de hossz\u00fa t\u00e1von t\u00f6bbet k\u00f6ltesz r\u00e1juk a gyakori cser\u00e9k miatt. Egy LED-be\u00e9p\u00edtett padl\u00f3vil\u00e1g\u00edt\u00e1s telep\u00edt\u00e9s\u00e9vel befektetsz&nbsp;<strong>tart\u00f3ss\u00e1gba<\/strong>, nem csak vil\u00e1g\u00edt\u00e1sba.<\/p>\n\n\n\n<p>Egy j\u00f3 LED k\u00e9szlet p\u00e1ratlan&nbsp;<strong>tart\u00f3ss\u00e1g<\/strong>hozz\u00e1adott \u00e9rt\u00e9ket&nbsp;<strong>hoz, sokkal kevesebb karbantart\u00e1st ig\u00e9nyel, mint a hagyom\u00e1nyos megold\u00e1sok. Ezt cs\u00f6kkentett<\/strong>csere k\u00f6lts\u00e9gekkel<\/p>\n\n\n\n<h3 class=\"wp-block-heading\">eg\u00e9sz\u00edti ki, \u00e9s vil\u00e1gos, mi\u00e9rt kedvelik mind otthonokban, mind kereskedelmi helyeken. Egy telep\u00edt\u00e9s t\u00f6bb otthoni \u00e1talak\u00edt\u00e1son is \u00e1tmehet!<\/h3>\n\n\n\n<p>Alacsony vak\u00edt\u00e1s\u00fa f\u00e9nyeloszl\u00e1s a k\u00e9nyelem\u00e9rt&nbsp;<strong>\u2022 L\u00e1gy sugarak nem okoznak er\u0151s reflexi\u00f3kat a pol\u00edrozott padl\u00f3n. \u2022 Sz\u00e9les sug\u00e1rsz\u00f6gek egyenletes f\u00e9nyfoltokat hoznak l\u00e9tre az utakon. \u2022 Gondosan<\/strong>&nbsp;f\u00e9nyeloszl\u00e1s<\/p>\n\n\n\n<ol class=\"wp-block-list\">\n<li>seg\u00edt megel\u0151zni a szemf\u00e1radts\u00e1got az \u00e9jszakai belt\u00e9ri s\u00e9t\u00e1k sor\u00e1n.<\/li>\n\n\n\n<li>A titkos \u00f6sszetev\u0151? Be\u00e9p\u00edtett diff\u00fazorok, amelyek minimaliz\u00e1lj\u00e1k a k\u00f6zvetlen vak\u00edt\u00e1st.<\/li>\n\n\n\n<li>Az okos poz\u00edcion\u00e1l\u00e1s a be\u00e9p\u00edtett padl\u00f3vil\u00e1g\u00edt\u00e1s telep\u00edt\u00e9se sor\u00e1n n\u00f6veli a k\u00e9nyelmet an\u00e9lk\u00fcl, hogy a l\u00e1that\u00f3s\u00e1got fel\u00e1ldozn\u00e1d.<\/li>\n<\/ol>\n\n\n\n<p>Nem csak a f\u00e9nyess\u00e9gr\u0151l sz\u00f3l\u2014arr\u00f3l, hogy ez a f\u00e9ny hogyan \u00e9rzi mag\u00e1t a szemedben.&nbsp;<strong>Az alacsony vak\u00edt\u00e1s\u00fa vil\u00e1g\u00edt\u00e1s nem csup\u00e1n luxus\u2014elengedhetetlen, ha otthonos hangulatot szeretn\u00e9l an\u00e9lk\u00fcl, hogy minden este megterheln\u00e9d a l\u00e1t\u00e1sodat a szob\u00e1ban val\u00f3 j\u00e1rk\u00e1l\u00e1s k\u00f6zben. Ezek a l\u00e1mpatestek maxim\u00e1lis<\/strong>, t\u00f6k\u00e9letesek h\u00e1l\u00f3szob\u00e1khoz, folyos\u00f3khoz vagy b\u00e1rhol, ahol a hangulat fontosabb, mint a csillog\u00e1s.<\/p>\n\n\n\n<p>Az \u00e1tgondolt tervez\u00e9s, fejlett optik\u00e1k \u00e9s strat\u00e9giai elhelyez\u00e9s kombin\u00e1l\u00e1s\u00e1val az LED be\u00e9p\u00edtett l\u00e1mpatestek funkcion\u00e1lis, m\u00e9gis gyeng\u00e9d vil\u00e1g\u00edt\u00e1st ny\u00fajtanak\u2014pontosan azt, amit a modern bels\u0151 terek ma megk\u00f6vetelnek.<\/p>\n\n\n\n<h2 class=\"wp-block-heading\">Biztons\u00e1gi int\u00e9zked\u00e9sek be\u00e9p\u00edtett l\u00e1mpatestek telep\u00edt\u00e9s\u00e9hez<\/h2>\n\n\n\n<p>Amikor a biztons\u00e1gos \u00e9s st\u00edlusos&nbsp;<strong>be\u00e1gyazott padl\u00f3vil\u00e1g\u00edt\u00e1s telep\u00edt\u00e9se<\/strong>, nem lehet f\u00e9lv\u00e1llr\u00f3l venni a kivitelez\u00e9st. \u00cdme, hogyan lehet v\u00edz\u00e1ll\u00f3v\u00e1, stabilv\u00e1 \u00e9s agg\u00f3d\u00e1smentess\u00e9 tenni a dolgokat.<\/p>\n\n\n\n<h3 class=\"wp-block-heading\">Az IP65 v\u00edz\u00e1ll\u00f3s\u00e1gi szabv\u00e1ny fontoss\u00e1ga<\/h3>\n\n\n\n<p>Meg\u0151rizve a&nbsp;<strong>be\u00e9p\u00edtett szerelv\u00e9nyek<\/strong>&nbsp;v\u00e9dve az elemek ellen t\u00f6bb mint csak okos\u2014ez alapvet\u0151:<\/p>\n\n\n\n<ul class=\"wp-block-list\">\n<li>\u2714\ufe0f Egy\u00a0<strong>IP65 besorol\u00e1s<\/strong>\u00a0az azt jelenti, hogy a l\u00e1mpatest szorosan z\u00e1rva van a por ellen, \u00e9s k\u00e9pes v\u00edzsugarakat kezelni b\u00e1rmilyen ir\u00e1nyb\u00f3l\u2014t\u00f6k\u00e9letes teraszokra, j\u00e1rd\u00e1kra vagy nedves belt\u00e9ri z\u00f3n\u00e1kra, mint p\u00e9ld\u00e1ul f\u00fcrd\u0151szob\u00e1k.<\/li>\n\n\n\n<li>\ud83d\udca7 Nedvess\u00e9gre \u00e9rz\u00e9keny ter\u00fcleteken, mint p\u00e9ld\u00e1ul medencepartok vagy kertutak, szinte k\u00f6telez\u0151 ez a v\u00e9delmi szint.<\/li>\n\n\n\n<li>\ud83d\udec1 F\u00fcrd\u0151szob\u00e1kban ezek a l\u00e1mp\u00e1k k\u00f6nnyed\u00e9n elviselik a fr\u00f6ccsen\u00e9seket, hossz\u00fa t\u00e1von biztons\u00e1got ny\u00fajtva magas p\u00e1ratartalom mellett is.<\/li>\n<\/ul>\n\n\n\n<p>Most van valami, amit \u00e9rdemes megjegyezni: A Lighting Research Center 2024-es jelent\u00e9se szerint t\u00f6bb mint 62% <strong><a href=\"https:\/\/ledsteplight.com\/hu\/mistakes-to-avoid-when-installing-in-ground-driveway-lights\/\" class=\"waam-auto-link\" title=\"k\u00fclt\u00e9ri vil\u00e1g\u00edt\u00e1si hib\u00e1t\">k\u00fclt\u00e9ri vil\u00e1g\u00edt\u00e1si hib\u00e1t<\/a><\/strong> sz\u00e1rmazik el\u00e9gtelen nedvess\u00e9gv\u00e9delmi int\u00e9zked\u00e9sekb\u0151l. Ez egy olyan adat, amit nem szabad figyelmen k\u00edv\u00fcl hagyni, ha tart\u00f3ss\u00e1gra t\u00f6rekszik.<\/p>\n\n\n\n<p>Teh\u00e1t ak\u00e1r a zuhanyz\u00f3 k\u00f6zel\u00e9ben szereli fel a l\u00e1mp\u00e1kat, ak\u00e1r a h\u00e1ts\u00f3 kert \u00fatj\u00e1n, a szil\u00e1rd&nbsp;<strong>nedvess\u00e9g\u00e1ll\u00f3s\u00e1g<\/strong>&nbsp;\u00e9s tan\u00fas\u00edtott&nbsp;<strong>v\u00edz\u00e1ll\u00f3s\u00e1gi szabv\u00e1ny<\/strong>&nbsp;bizony\u00edtv\u00e1nyok kiv\u00e1laszt\u00e1sa nemcsak j\u00f3 \u00f6tlet\u2014ez elengedhetetlen.<\/p>\n\n\n\n<h3 class=\"wp-block-heading\">Biztos\u00edtva a biztons\u00e1gos szerel\u00e9k felszerel\u00e9s\u00e9t<\/h3>\n\n\n\n<p>Ne hagyja, hogy az eg\u00e9sz&nbsp;<strong>padl\u00f3 vil\u00e1g\u00edt\u00e1si telep\u00edt\u00e9s<\/strong>&nbsp;kibillen, mert valaki elfelejtette a csavarokat \u2013 vagy m\u00e9g rosszabb, rosszakat haszn\u00e1lt:<\/p>\n\n\n\n<p>\u2022 Tartalmazza a n\u00e9lk\u00fcl\u00f6zhetetlen alkatr\u00e9szeket, mint p\u00e9ld\u00e1ul:<\/p>\n\n\n\n<ul class=\"wp-block-list\">\n<li>Neh\u00e9zterhel\u00e9s\u0171\u00a0<strong>szerelv\u00e9nyekkel<\/strong><\/li>\n\n\n\n<li>rug\u00f3s\u00a0<strong>r\u00f6gz\u00edt\u0151 klipek<\/strong><\/li>\n\n\n\n<li>Pontoss\u00e1ghoz illeszked\u0151 tart\u00f3k a szoros mennyezeti illeszked\u00e9shez<\/li>\n<\/ul>\n\n\n\n<p>\u2022 Minden darab szerepet j\u00e1tszik abban:<\/p>\n\n\n\n<ul class=\"wp-block-list\">\n<li>Biztos\u00edtva a sziklaszil\u00e1rd r\u00f6gz\u00edt\u00e9st gipszkartonba vagy betonba<\/li>\n\n\n\n<li>T\u00e1mogatva a konzisztens szerelv\u00e9nyigaz\u00edt\u00e1st<\/li>\n\n\n\n<li>Megakad\u00e1lyozva az id\u0151vel t\u00f6rt\u00e9n\u0151 s\u00fcllyed\u00e9st vagy lev\u00e1l\u00e1st<\/li>\n<\/ul>\n\n\n\n<p>\u2022 A legjobb eredm\u00e9ny \u00e9rdek\u00e9ben:<\/p>\n\n\n\n<ul class=\"wp-block-list\">\n<li>Mindig ellen\u0151rizze, hogy a csomag tartalmazza-e az \u00f6sszes sz\u00fcks\u00e9ges\u00a0<strong>telep\u00edt\u00e9si alkatr\u00e9szt<\/strong><\/li>\n\n\n\n<li>Ker\u00fclje el harmadik f\u00e9l alkatr\u00e9szeinek kever\u00e9s\u00e9t, kiv\u00e9ve, ha megfelelnek a helyi elektromos szabv\u00e1nyoknak<\/li>\n\n\n\n<li>Csak olyan szerelv\u00e9nyeket haszn\u00e1ljon, amelyek megfelelnek a szigor\u00fa\u00a0<strong>biztons\u00e1gi szabv\u00e1nyok<\/strong><\/li>\n<\/ul>\n\n\n\n<p>Az Mg Lights k\u00e9szleteivel mindent megkap a dobozb\u00f3l \u2013 nincs utols\u00f3 pillanatos kiruccan\u00e1s a bark\u00e1cs\u00e1ruh\u00e1zba. Ez sim\u00e1bb\u00e1 \u00e9s biztons\u00e1gosabb\u00e1 teszi a be\u00e9p\u00edtett vil\u00e1g\u00edt\u00e1s telep\u00edt\u00e9s\u00e9t az elej\u00e9t\u0151l a v\u00e9g\u00e9ig.<\/p>\n\n\n\n<p>Minden r\u00e9szlet helyes kezel\u00e9se a be\u00e9p\u00edtett padl\u00f3l\u00e1mpa telep\u00edt\u00e9s\u00e9n\u00e9l kevesebb probl\u00e9m\u00e1t jelent k\u00e9s\u0151bb \u2013 \u00e9s sokkal t\u00f6bb f\u00e9nyt ott, ahol sz\u00e1m\u00edt.<\/p>\n\n\n\n<h2 class=\"wp-block-heading\">Gyakran Ism\u00e9telt K\u00e9rd\u00e9sek a Be\u00e9p\u00edtett Padl\u00f3l\u00e1mpa Telep\u00edt\u00e9s\u00e9r\u0151l<\/h2>\n\n\n\n<p><strong>Hogyan jav\u00edtja a be\u00e9p\u00edtett padl\u00f3l\u00e1mpa telep\u00edt\u00e9se a l\u00e9pcs\u0151h\u00e1z vil\u00e1g\u00edt\u00e1si projektjeit?<\/strong><\/p>\n\n\n\n<p>Egy j\u00f3l elhelyezett f\u00e9ny biztons\u00e1gos, bar\u00e1ts\u00e1gos utakat var\u00e1zsolhat a l\u00e9pcs\u0151kb\u0151l. Kereskedelmi \u00e9p\u00fcletek l\u00e9pcs\u0151in vagy csendes lak\u00f3\u00f6vezeti k\u00fclt\u00e9ri utakon:<\/p>\n\n\n\n<ul class=\"wp-block-list\">\n<li>A meleg feh\u00e9r sz\u00ednh\u0151m\u00e9rs\u00e9klet l\u00e1gy, m\u00e9gis tiszta f\u00e9nyt tart fenn.<\/li>\n\n\n\n<li>Alacsony vak\u00edt\u00f3 f\u00e9nyeloszl\u00e1s ir\u00e1ny\u00edtja a l\u00e1bakat an\u00e9lk\u00fcl, hogy vak\u00edtan\u00e1 a szemeket.<\/li>\n\n\n\n<li>Rozsdamentes ac\u00e9l h\u00e1z, amely ellen\u00e1ll a korr\u00f3zi\u00f3nak, naponta viseli a nagy forgalmat.<\/li>\n<\/ul>\n\n\n\n<p><strong>Mely anyagok a legfontosabbak a tart\u00f3s kertl\u00e9pcs\u0151 alkalmaz\u00e1sokhoz?<\/strong><\/p>\n\n\n\n<p>Tart\u00f3ss\u00e1g kezd\u0151dik a testtel \u00e9s a lencs\u00e9vel: id\u0151j\u00e1r\u00e1s\u00e1ll\u00f3 alum\u00ednium h\u00e1z ellen\u00e1ll az es\u0151nek; \u00fct\u00e9s\u00e1ll\u00f3 polikarbon\u00e1t lencse ellen\u00e1ll a reped\u00e9seknek; UV-v\u00e9dett fel\u00fcleti bevonatok biztos\u00edtj\u00e1k, hogy a sz\u00ednek ny\u00e1ron is h\u0171ek maradjanak.<\/p>\n\n\n\n<p><strong>Mi\u00e9rt kritikus az IP65 v\u00edz\u00e1ll\u00f3 besorol\u00e1s szabv\u00e1nyos\u00edt\u00e1sa <strong><a href=\"https:\/\/ledsteplight.com\/hu\/the-ultimate-guide-to-led-landscape-lighting-design-installation-and-costs\/\" class=\"waam-auto-link\" title=\"kertvil\u00e1g\u00edt\u00e1s\">kertvil\u00e1g\u00edt\u00e1s<\/a><\/strong> telep\u00edt\u00e9sekn\u00e9l?<\/strong><\/p>\n\n\n\n<p>Es\u0151z\u00e9sek, locsol\u00f3k\u2014semmi sem \u00e1rny\u00e9kolhatja be a l\u00e1mp\u00e1kat:<\/p>\n\n\n\n<ol class=\"wp-block-list\">\n<li>V\u00edz\u00e1ll\u00f3 t\u00f6m\u00edtett szerkezet v\u00e9di a vezet\u00e9keket a nedvess\u00e9g behatol\u00e1s\u00e1t\u00f3l.<\/li>\n\n\n\n<li>Feltolhat\u00f3 kialak\u00edt\u00e1sok megakad\u00e1lyozz\u00e1k a v\u00edz felgy\u00fcleml\u00e9s\u00e9t a szerelv\u00e9nyek sz\u00e9l\u00e9n\u00e9l.<\/li>\n\n\n\n<li>Megb\u00edzhat\u00f3 m\u0171k\u00f6d\u00e9s m\u00e9g akkor is, amikor a kert\u00fat cs\u00f6p\u00f6g egy z\u00e1por ut\u00e1n.<\/li>\n<\/ol>\n\n\n\n<p><strong>Milyen besz\u00e1ll\u00edt\u00f3i k\u00e9pess\u00e9gek t\u00e1mogatj\u00e1k a nagy t\u00e9telben t\u00f6rt\u00e9n\u0151 megrendel\u00e9seket kereskedelmi \u00e9p\u00fcletek l\u00e9pcs\u0151inek?<\/strong><\/p>\n\n\n\n<p>Er\u0151s partners\u00e9gek elker\u00fclik a fejf\u00e1j\u00e1st: a nagy t\u00e9tel\u0171 megrendel\u00e9s teljes\u00edt\u0151k\u00e9pess\u00e9ge tartja a projekteket id\u0151ben; az egyedi term\u00e9ktervez\u00e9si lehet\u0151s\u00e9gek szabad kezet adnak a t\u00f6k\u00e9letes csatlakoz\u00f3 doboz m\u00e9retekhez; az \u00fcgyf\u00e9lk\u00f6zpont\u00fa m\u0171szaki t\u00e1mogat\u00e1s gyorsan megoldja a probl\u00e9m\u00e1kat, miel\u0151tt akad\u00e1lyozn\u00e1k a munk\u00e1t.<\/p>\n\n\n\n<p><strong>Hogyan cs\u00f6kkentik az energiatakar\u00e9kos LED modellek az \u00e1ltal\u00e1nos karbantart\u00e1si k\u00f6lts\u00e9geket?<\/strong><\/p>\n\n\n\n<p>Hossz\u00fa \u00e9lettartam\u00fa f\u00e9nyforr\u00e1sok kevesebb cser\u00e9t ig\u00e9nyelnek\u2014ez kevesebb l\u00e9tr\u00e1z\u00e1st \u00e9s alacsonyabb munkaer\u0151k\u00f6lts\u00e9get jelent\u2014mik\u00f6zben a f\u00e9nykibocs\u00e1t\u00e1s szintje \u00e1lland\u00f3 marad, \u00edgy az els\u0151 beruh\u00e1z\u00e1s \u00e9vekig megb\u00edzhat\u00f3 f\u00e9nyt \u00e9s energiamegtakar\u00edt\u00e1st biztos\u00edt, amelyek h\u00f3napr\u00f3l h\u00f3napra visszat\u00fckr\u00f6z\u0151dnek a sz\u00e1ml\u00e1kon.<\/p>","protected":false},"excerpt":{"rendered":"<p>A csemp\u00e9be vagy kem\u00e9nyfa padl\u00f3ba v\u00e1g\u00e1s egy be\u00e9p\u00edtett padl\u00f3l\u00e1mpa telep\u00edt\u00e9s\u00e9hez nem csup\u00e1n egy \u00e1tlagos kedd a munk\u00e1ban\u2014ez egyens\u00falyoz\u00e1s a<\/p>","protected":false},"author":1,"featured_media":38768,"comment_status":"open","ping_status":"open","sticky":false,"template":"","format":"standard","meta":{"footnotes":""},"categories":[1],"tags":[],"class_list":["post-38762","post","type-post","status-publish","format-standard","has-post-thumbnail","hentry","category-uncategorized"],"_links":{"self":[{"href":"https:\/\/ledsteplight.com\/hu\/wp-json\/wp\/v2\/posts\/38762","targetHints":{"allow":["GET"]}}],"collection":[{"href":"https:\/\/ledsteplight.com\/hu\/wp-json\/wp\/v2\/posts"}],"about":[{"href":"https:\/\/ledsteplight.com\/hu\/wp-json\/wp\/v2\/types\/post"}],"author":[{"embeddable":true,"href":"https:\/\/ledsteplight.com\/hu\/wp-json\/wp\/v2\/users\/1"}],"replies":[{"embeddable":true,"href":"https:\/\/ledsteplight.com\/hu\/wp-json\/wp\/v2\/comments?post=38762"}],"version-history":[{"count":2,"href":"https:\/\/ledsteplight.com\/hu\/wp-json\/wp\/v2\/posts\/38762\/revisions"}],"predecessor-version":[{"id":38770,"href":"https:\/\/ledsteplight.com\/hu\/wp-json\/wp\/v2\/posts\/38762\/revisions\/38770"}],"wp:featuredmedia":[{"embeddable":true,"href":"https:\/\/ledsteplight.com\/hu\/wp-json\/wp\/v2\/media\/38768"}],"wp:attachment":[{"href":"https:\/\/ledsteplight.com\/hu\/wp-json\/wp\/v2\/media?parent=38762"}],"wp:term":[{"taxonomy":"category","embeddable":true,"href":"https:\/\/ledsteplight.com\/hu\/wp-json\/wp\/v2\/categories?post=38762"},{"taxonomy":"post_tag","embeddable":true,"href":"https:\/\/ledsteplight.com\/hu\/wp-json\/wp\/v2\/tags?post=38762"}],"curies":[{"name":"wp","href":"https:\/\/api.w.org\/{rel}","templated":true}]}}